{"id":63006,"date":"2026-08-29T13:21:29","date_gmt":"2026-08-29T13:21:29","guid":{"rendered":"https:\/\/www.theconservative.online\/islandia-glosuje-nad-ponownym-podjeciem-staran-o-przystapienie-do-unii-europejskiej"},"modified":"2026-08-29T13:21:29","modified_gmt":"2026-08-29T13:21:29","slug":"islandia-glosuje-nad-ponownym-podjeciem-staran-o-przystapienie-do-unii-europejskiej","status":"publish","type":"post","link":"https:\/\/www.theconservative.online\/pl\/islandia-glosuje-nad-ponownym-podjeciem-staran-o-przystapienie-do-unii-europejskiej","title":{"rendered":"Islandia g\u0142osuje nad ponownym podj\u0119ciem stara\u0144 o przyst\u0105pienie do Unii Europejskiej"},"content":{"rendered":"<h2>Wyr\u00f3wnana walka w referendum sprawia, \u017ce kwestie niepewno\u015bci gospodarczej, praw po\u0142owowych i bezpiecze\u0144stwa w Arktyce staj\u0105 si\u0119 przedmiotem debaty, kt\u00f3ra mo\u017ce zmieni\u0107 kszta\u0142t stosunk\u00f3w Reykjav\u00edku z Bruksel\u0105<\/h2>\n<p>Islandczycy g\u0142osuj\u0105 nad tym, czy ich kraj powinien wznowi\u0107 negocjacje w sprawie cz\u0142onkostwa w Unii Europejskiej, przywracaj\u0105c w ten spos\u00f3b kwesti\u0119 polityczn\u0105, kt\u00f3ra pozostawa\u0142a nierozstrzygni\u0119ta przez ponad dekad\u0119. W referendum nie prosi si\u0119 wyborc\u00f3w o wyra\u017cenie zgody na samo cz\u0142onkostwo w UE. Zamiast tego zostanie w nim rozstrzygni\u0119te, czy Reykjav\u00edk powinien wznowi\u0107 rozmowy zawieszone w 2013 roku.<\/p>\n<p>Chocia\u017c g\u0142osowanie ma formalnie charakter konsultacyjny, rz\u0105d obieca\u0142 uwzgl\u0119dni\u0107 jego wynik. Zwyci\u0119stwo zwolennik\u00f3w opcji \u201etak\u201d oznacza\u0142oby zatem wznowienie negocjacji z Bruksel\u0105. Wszelkie porozumienia, kt\u00f3re ostatecznie uda\u0142oby si\u0119 osi\u0105gn\u0105\u0107, musia\u0142yby nast\u0119pnie zosta\u0107 przed\u0142o\u017cone Islandczykom w drugim referendum, zanim kraj ten m\u00f3g\u0142by przyst\u0105pi\u0107 do Unii.<\/p><div class='related_content'><span>RELATED<\/span><ul><li><a href='https:\/\/www.theconservative.online\/pl\/islandzkie-nie-i-europa-narodow'>Islandzkie \u201eNie\u201d i Europa Narod\u00f3w<\/li><\/a><li><a href='https:\/\/www.theconservative.online\/pl\/kilka-uwag-w-nastepstwie-przemowienia-komisarza-ds-rozszerzenia-w-zagrzebiu'>Kilka uwag w nast\u0119pstwie przem\u00f3wienia komisarza ds. rozszerzenia w Zagrzebiu<\/li><\/a><li><a href='https:\/\/www.theconservative.online\/pl\/zjednoczona-prawica-musi-podkreslac-wewnetrzne-roznice'>Zjednoczona prawica musi podkre\u015bla\u0107 wewn\u0119trzne r\u00f3\u017cnice<\/li><\/a><\/ul><\/div>\n<p>Wynik jest bardzo niepewny. Dwa ostatnie sonda\u017ce opinii publicznej wskazywa\u0142y, \u017ce poparcie dla obu stron mie\u015bci si\u0119 w granicach b\u0142\u0119du statystycznego. Wed\u0142ug sonda\u017cu przeprowadzonego przez Mask\u00edn\u0119 poparcie dla wznowienia negocjacji wynios\u0142o 50,4%, natomiast wed\u0142ug sonda\u017cu Gallupa strona opowiadaj\u0105ca si\u0119 za \u201enie\u201d mia\u0142a niewielk\u0105 przewag\u0119, uzyskuj\u0105c 51,6%.<\/p>\n<p>Do udzia\u0142u w g\u0142osowaniu uprawnionych jest oko\u0142o 270 000 os\u00f3b. Lokale wyborcze zosta\u0142y otwarte o godz. 9:00 czasu lokalnego, a ich zamkni\u0119cie zaplanowano na godz. 22:00. Frekwencja w g\u0142osowaniu przedterminowym by\u0142a niezwykle wysoka: do po\u0142udnia w przeddzie\u0144 referendum oddano ju\u017c 56 774 g\u0142os\u00f3w, w tym oko\u0142o 17 000 z zagranicy. W regionie sto\u0142ecznym odnotowano najwy\u017cszy jak dot\u0105d poziom wczesnego udzia\u0142u w g\u0142osowaniu.<\/p>\n<p>Liczenie g\u0142os\u00f3w rozpocznie si\u0119 natychmiast po zamkni\u0119ciu lokali wyborczych, a pierwsze wst\u0119pne wyniki maj\u0105 nap\u0142yn\u0105\u0107 z okr\u0119gu po\u0142udniowego. Nie og\u0142oszono \u017cadnych og\u00f3lnokrajowych sonda\u017cy exit poll.<\/p>\n<p>Za t\u0105 wyr\u00f3wnan\u0105 rywalizacj\u0105 kryje si\u0119 debata na temat tego, w jaki spos\u00f3b Islandia powinna chroni\u0107 zar\u00f3wno sw\u00f3j dobrobyt, jak i niezale\u017cno\u015b\u0107. Kraj ten jest ju\u017c \u015bci\u015ble powi\u0105zany z UE poprzez Europejski Obszar Gospodarczy, stref\u0119 Schengen oraz Europejskie Stowarzyszenie Wolnego Handlu. Uczestniczy w jednolitym rynku i stosuje znaczn\u0105 cz\u0119\u015b\u0107 europejskiego prawodawstwa, mimo \u017ce ma ograniczony wp\u0142yw na kszta\u0142t tych przepis\u00f3w.<\/p>\n<p>Zwolennicy wznowienia negocjacji twierdz\u0105, \u017ce Islandia powinna uzyska\u0107 miejsce przy stole negocjacyjnym, skoro ju\u017c teraz musi wdra\u017ca\u0107 wiele decyzji UE. Przeciwnicy uwa\u017caj\u0105, \u017ce obecne rozwi\u0105zanie jest lepsze, poniewa\u017c \u0142\u0105czy dost\u0119p do rynk\u00f3w europejskich z wi\u0119ksz\u0105 autonomi\u0105 krajow\u0105.<\/p>\n<p>\u017badna kwestia nie ilustruje tej obawy wyra\u017aniej ni\u017c rybo\u0142\u00f3wstwo. Zasoby morskie maj\u0105 kluczowe znaczenie dla gospodarki Islandii i jej to\u017csamo\u015bci narodowej. Pe\u0142ne cz\u0142onkostwo wymaga\u0142oby negocjacji w sprawie wsp\u00f3lnej polityki rybo\u0142\u00f3wstwa UE, w tym kwestii kwot po\u0142owowych i dost\u0119pu do w\u00f3d islandzkich. Krytycy obawiaj\u0105 si\u0119, \u017ce decyzje podejmowane obecnie w Reykjaviku mog\u0142yby sta\u0107 si\u0119 przedmiotem kompromis\u00f3w w Brukseli.<\/p>\n<p>Rybo\u0142\u00f3wstwo by\u0142o r\u00f3wnie\u017c najtrudniejszym elementem poprzedniego procesu akcesyjnego. Islandia z\u0142o\u017cy\u0142a wniosek o cz\u0142onkostwo w 2009 r., po tym jak kryzys finansowy zniszczy\u0142 jej system bankowy i os\u0142abi\u0142 zaufanie do waluty krajowej. Do czasu wstrzymania negocjacji cztery lata p\u00f3\u017aniej otwarto 27 rozdzia\u0142\u00f3w dotycz\u0105cych polityki, a 11 z nich zosta\u0142o tymczasowo zamkni\u0119tych, jednak rozdzia\u0142 dotycz\u0105cy rybo\u0142\u00f3wstwa pozosta\u0142 nierozwi\u0105zany.<\/p>\n<p>Presja gospodarcza sprawi\u0142a, \u017ce kwestia europejska ponownie znalaz\u0142a si\u0119 na pierwszym planie. Inflacja, drogie kredyty hipoteczne oraz stopa procentowa islandzkiego banku centralnego wynosz\u0105ca 8 procent wzmocni\u0142y argumenty przemawiaj\u0105ce za \u015bci\u015blejsz\u0105 integracj\u0105. Dla por\u00f3wnania stopa procentowa Europejskiego Banku Centralnego wynosi 2,25 procent. Zwolennicy integracji europejskiej przedstawiaj\u0105 ewentualne przyj\u0119cie euro jako potencjalne \u017ar\u00f3d\u0142o stabilno\u015bci. Ich przeciwnicy ostrzegaj\u0105, \u017ce rezygnacja z korony pozbawi\u0142aby Islandi\u0119 cennego narz\u0119dzia pozwalaj\u0105cego reagowa\u0107 na specyficzne potrzeby tej niewielkiej gospodarki.<\/p>\n<p>Od 2013 roku radykalnie zmieni\u0142a si\u0119 r\u00f3wnie\u017c sytuacja geopolityczna. Inwazja Rosji na Ukrain\u0119, nasilaj\u0105ca si\u0119 rywalizacja w Arktyce oraz niepewno\u015b\u0107 co do d\u0142ugoterminowej polityki Stan\u00f3w Zjednoczonych zwi\u0119kszy\u0142y strategiczne znaczenie Islandii. Wyspa ta le\u017cy pomi\u0119dzy Europ\u0105, Grenlandi\u0105 i Ameryk\u0105 P\u00f3\u0142nocn\u0105, w pobli\u017cu cie\u015bniny GIUK \u2013 kluczowego korytarza na P\u00f3\u0142nocnym Atlantyku dla bezpiecze\u0144stwa wojskowego i morskiego.<\/p>\n<p>Islandia, b\u0119d\u0105ca cz\u0142onkiem-za\u0142o\u017cycielem NATO, rozszerzy\u0142a ostatnio wsp\u00f3\u0142prac\u0119 w dziedzinie bezpiecze\u0144stwa z UE poprzez partnerstwo obejmuj\u0105ce Arktyk\u0119, infrastruktur\u0119 krytyczn\u0105, sprawy morskie oraz zagro\u017cenia cybernetyczne. Cz\u0142onkostwo mia\u0142oby zatem znaczenie wykraczaj\u0105ce poza liczb\u0119 mieszka\u0144c\u00f3w Islandii, wynosz\u0105c\u0105 oko\u0142o 400 000: wzmocni\u0142oby ono polityczn\u0105 obecno\u015b\u0107 UE w regionie, kt\u00f3ry cieszy si\u0119 rosn\u0105cym zainteresowaniem ze strony Rosji, Chin i Stan\u00f3w Zjednoczonych.<\/p>\n<p>Je\u015bli wyborcy opowiedz\u0105 si\u0119 za wznowieniem rozm\u00f3w, islandzkie ministerstwo spraw zagranicznych uwa\u017ca, \u017ce negocjacje mog\u0142yby rozpocz\u0105\u0107 si\u0119 jeszcze przed ko\u0144cem roku i trwa\u0107 od 18 do 24 miesi\u0119cy. Jednak nawet wtedy kwestia przyst\u0105pienia do Unii pozostawa\u0142aby nierozstrzygni\u0119ta. Referendum mo\u017ce ponownie otworzy\u0107 drzwi do Europy, ale Islandczycy nadal musieliby zdecydowa\u0107, czy chc\u0105 przez nie przej\u015b\u0107.<\/p>\n<p>&nbsp;<\/p>\n<h4>Alessandro Fiorentino<\/h4>\n<\/p>","protected":false},"excerpt":{"rendered":"<p>Wyr\u00f3wnana walka w referendum sprawia, \u017ce kwestie niepewno\u015bci gospodarczej, praw po\u0142owowych i bezpiecze\u0144stwa w Arktyce staj\u0105 si\u0119 przedmiotem debaty, kt\u00f3ra mo\u017ce zmieni\u0107 kszta\u0142t stosunk\u00f3w Reykjav\u00edku z Bruksel\u0105 Islandczycy g\u0142osuj\u0105 nad tym, czy ich kraj powinien wznowi\u0107 negocjacje w sprawie cz\u0142onkostwa w Unii Europejskiej, przywracaj\u0105c w ten spos\u00f3b kwesti\u0119 polityczn\u0105, kt\u00f3ra pozostawa\u0142a nierozstrzygni\u0119ta przez ponad dekad\u0119. [&hellip;]<\/p>\n","protected":false},"author":75,"featured_media":62711,"comment_status":"closed","ping_status":"closed","sticky":false,"template":"","format":"standard","meta":{"footnotes":""},"categories":[1467,222,156,174,1338,159,259,2064,204],"tags":[3477,3474,3475,3476,1000,302,250,237,300,215,247,270,268,283,316,599,72,503,243,146,1864,214,554,252,282],"editorial-positions":[],"regions":[325,333,345,353,361],"types":[419,455],"class_list":["post-63006","post","type-post","status-publish","format-standard","has-post-thumbnail","hentry","category-budowanie-konserwatywnej-europy","category-energia-pl","category-handel-i-ekonomia","category-kultura","category-nasza-przyszlosc-z-nato","category-polityka","category-prawna","category-swiat","category-zdrowie","tag-icelanders","tag-islanda","tag-votes","tag-voti","tag-conservatism","tag-conservative","tag-economy","tag-energy","tag-environment","tag-eu","tag-eu-council","tag-europa","tag-europe","tag-european-commission","tag-european-parliament","tag-european-union","tag-iceland","tag-immigration","tag-nato","tag-politics","tag-referendum","tag-russia","tag-sweden","tag-technology","tag-ursula-von-der-leyen","regions-central-europe-pl","regions-eastern-europe-pl","regions-northern-europe-pl","regions-southern-europe-pl","regions-western-europe-pl","types-news-pl","types-opinion-pl"],"yoast_head":"<!-- This site is optimized with the Yoast SEO plugin v28.0 - https:\/\/yoast.com\/product\/yoast-seo-wordpress\/ -->\n<title>Islandia g\u0142osuje nad ponownym podj\u0119ciem stara\u0144 o przyst\u0105pienie do Unii Europejskiej - The Conservative<\/title>\n<meta name=\"robots\" content=\"index, follow, max-snippet:-1, max-image-preview:large, max-video-preview:-1\" \/>\n<link rel=\"canonical\" href=\"https:\/\/www.theconservative.online\/pl\/islandia-glosuje-nad-ponownym-podjeciem-staran-o-przystapienie-do-unii-europejskiej\" \/>\n<meta property=\"og:locale\" content=\"pl_PL\" \/>\n<meta property=\"og:type\" content=\"article\" \/>\n<meta property=\"og:title\" content=\"Islandia g\u0142osuje nad ponownym podj\u0119ciem stara\u0144 o przyst\u0105pienie do Unii Europejskiej - The Conservative\" \/>\n<meta property=\"og:description\" content=\"Wyr\u00f3wnana walka w referendum sprawia, \u017ce kwestie niepewno\u015bci gospodarczej, praw po\u0142owowych i bezpiecze\u0144stwa w Arktyce staj\u0105 si\u0119 przedmiotem debaty, kt\u00f3ra mo\u017ce zmieni\u0107 kszta\u0142t stosunk\u00f3w Reykjav\u00edku z Bruksel\u0105 Islandczycy g\u0142osuj\u0105 nad tym, czy ich kraj powinien wznowi\u0107 negocjacje w sprawie cz\u0142onkostwa w Unii Europejskiej, przywracaj\u0105c w ten spos\u00f3b kwesti\u0119 polityczn\u0105, kt\u00f3ra pozostawa\u0142a nierozstrzygni\u0119ta przez ponad dekad\u0119. [&hellip;]\" \/>\n<meta property=\"og:url\" content=\"https:\/\/www.theconservative.online\/pl\/islandia-glosuje-nad-ponownym-podjeciem-staran-o-przystapienie-do-unii-europejskiej\" \/>\n<meta property=\"og:site_name\" content=\"The Conservative\" \/>\n<meta property=\"article:published_time\" content=\"2026-08-29T13:21:29+00:00\" \/>\n<meta property=\"og:image\" content=\"https:\/\/www.theconservative.online\/wp-content\/uploads\/2026\/08\/iceland-eu-referendum-cover-16x9-1.png\" \/>\n\t<meta property=\"og:image:width\" content=\"1115\" \/>\n\t<meta property=\"og:image:height\" content=\"627\" \/>\n\t<meta property=\"og:image:type\" content=\"image\/png\" \/>\n<meta name=\"author\" content=\"Gianluca Guarino\" \/>\n<meta name=\"twitter:card\" content=\"summary_large_image\" \/>\n<meta name=\"twitter:label1\" content=\"Napisane przez\" \/>\n\t<meta name=\"twitter:data1\" content=\"Gianluca Guarino\" \/>\n\t<meta name=\"twitter:label2\" content=\"Szacowany czas czytania\" \/>\n\t<meta name=\"twitter:data2\" content=\"4 minuty\" \/>\n<script type=\"application\/ld+json\" class=\"yoast-schema-graph\">{\"@context\":\"https:\\\/\\\/schema.org\",\"@graph\":[{\"@type\":\"Article\",\"@id\":\"https:\\\/\\\/www.theconservative.online\\\/pl\\\/islandia-glosuje-nad-ponownym-podjeciem-staran-o-przystapienie-do-unii-europejskiej#article\",\"isPartOf\":{\"@id\":\"https:\\\/\\\/www.theconservative.online\\\/pl\\\/islandia-glosuje-nad-ponownym-podjeciem-staran-o-przystapienie-do-unii-europejskiej\"},\"author\":{\"name\":\"Gianluca Guarino\",\"@id\":\"https:\\\/\\\/www.theconservative.online\\\/pl#\\\/schema\\\/person\\\/46c9b8a1ba7a0e0b73f01e5e8593e28a\"},\"headline\":\"Islandia g\u0142osuje nad ponownym podj\u0119ciem stara\u0144 o przyst\u0105pienie do Unii Europejskiej\",\"datePublished\":\"2026-08-29T13:21:29+00:00\",\"mainEntityOfPage\":{\"@id\":\"https:\\\/\\\/www.theconservative.online\\\/pl\\\/islandia-glosuje-nad-ponownym-podjeciem-staran-o-przystapienie-do-unii-europejskiej\"},\"wordCount\":881,\"image\":{\"@id\":\"https:\\\/\\\/www.theconservative.online\\\/pl\\\/islandia-glosuje-nad-ponownym-podjeciem-staran-o-przystapienie-do-unii-europejskiej#primaryimage\"},\"thumbnailUrl\":\"https:\\\/\\\/www.theconservative.online\\\/wp-content\\\/uploads\\\/2026\\\/08\\\/iceland-eu-referendum-cover-16x9-1.png\",\"keywords\":[\"#icelanders\",\"#islanda\",\"#votes\",\"#voti\",\"Conservatism\",\"conservative\",\"Economy\",\"energy\",\"environment\",\"EU\",\"EU Council\",\"europa\",\"europe\",\"European Commission\",\"European Parliament\",\"European Union\",\"Iceland\",\"immigration\",\"NATO\",\"Politics\",\"referendum\",\"Russia\",\"Sweden\",\"technology\",\"Ursula von der Leyen\"],\"articleSection\":[\"Budowanie konserwatywnej Europy\",\"Energia\",\"Handel i Ekonomia\",\"Kultura\",\"Nasza przysz\u0142o\u015b\u0107 z NATO\",\"Polityka\",\"Prawna\",\"\u015awiat\",\"Zdrowie\"],\"inLanguage\":\"pl-PL\"},{\"@type\":\"WebPage\",\"@id\":\"https:\\\/\\\/www.theconservative.online\\\/pl\\\/islandia-glosuje-nad-ponownym-podjeciem-staran-o-przystapienie-do-unii-europejskiej\",\"url\":\"https:\\\/\\\/www.theconservative.online\\\/pl\\\/islandia-glosuje-nad-ponownym-podjeciem-staran-o-przystapienie-do-unii-europejskiej\",\"name\":\"Islandia g\u0142osuje nad ponownym podj\u0119ciem stara\u0144 o przyst\u0105pienie do Unii Europejskiej - The Conservative\",\"isPartOf\":{\"@id\":\"https:\\\/\\\/www.theconservative.online\\\/pl#website\"},\"primaryImageOfPage\":{\"@id\":\"https:\\\/\\\/www.theconservative.online\\\/pl\\\/islandia-glosuje-nad-ponownym-podjeciem-staran-o-przystapienie-do-unii-europejskiej#primaryimage\"},\"image\":{\"@id\":\"https:\\\/\\\/www.theconservative.online\\\/pl\\\/islandia-glosuje-nad-ponownym-podjeciem-staran-o-przystapienie-do-unii-europejskiej#primaryimage\"},\"thumbnailUrl\":\"https:\\\/\\\/www.theconservative.online\\\/wp-content\\\/uploads\\\/2026\\\/08\\\/iceland-eu-referendum-cover-16x9-1.png\",\"datePublished\":\"2026-08-29T13:21:29+00:00\",\"author\":{\"@id\":\"https:\\\/\\\/www.theconservative.online\\\/pl#\\\/schema\\\/person\\\/46c9b8a1ba7a0e0b73f01e5e8593e28a\"},\"breadcrumb\":{\"@id\":\"https:\\\/\\\/www.theconservative.online\\\/pl\\\/islandia-glosuje-nad-ponownym-podjeciem-staran-o-przystapienie-do-unii-europejskiej#breadcrumb\"},\"inLanguage\":\"pl-PL\",\"potentialAction\":[{\"@type\":\"ReadAction\",\"target\":[\"https:\\\/\\\/www.theconservative.online\\\/pl\\\/islandia-glosuje-nad-ponownym-podjeciem-staran-o-przystapienie-do-unii-europejskiej\"]}]},{\"@type\":\"ImageObject\",\"inLanguage\":\"pl-PL\",\"@id\":\"https:\\\/\\\/www.theconservative.online\\\/pl\\\/islandia-glosuje-nad-ponownym-podjeciem-staran-o-przystapienie-do-unii-europejskiej#primaryimage\",\"url\":\"https:\\\/\\\/www.theconservative.online\\\/wp-content\\\/uploads\\\/2026\\\/08\\\/iceland-eu-referendum-cover-16x9-1.png\",\"contentUrl\":\"https:\\\/\\\/www.theconservative.online\\\/wp-content\\\/uploads\\\/2026\\\/08\\\/iceland-eu-referendum-cover-16x9-1.png\",\"width\":1115,\"height\":627},{\"@type\":\"BreadcrumbList\",\"@id\":\"https:\\\/\\\/www.theconservative.online\\\/pl\\\/islandia-glosuje-nad-ponownym-podjeciem-staran-o-przystapienie-do-unii-europejskiej#breadcrumb\",\"itemListElement\":[{\"@type\":\"ListItem\",\"position\":1,\"name\":\"Home\",\"item\":\"https:\\\/\\\/www.theconservative.online\\\/pl\"},{\"@type\":\"ListItem\",\"position\":2,\"name\":\"Islandia g\u0142osuje nad ponownym podj\u0119ciem stara\u0144 o przyst\u0105pienie do Unii Europejskiej\"}]},{\"@type\":\"WebSite\",\"@id\":\"https:\\\/\\\/www.theconservative.online\\\/pl#website\",\"url\":\"https:\\\/\\\/www.theconservative.online\\\/pl\",\"name\":\"The Conservative\",\"description\":\"\",\"potentialAction\":[{\"@type\":\"SearchAction\",\"target\":{\"@type\":\"EntryPoint\",\"urlTemplate\":\"https:\\\/\\\/www.theconservative.online\\\/pl?s={search_term_string}\"},\"query-input\":{\"@type\":\"PropertyValueSpecification\",\"valueRequired\":true,\"valueName\":\"search_term_string\"}}],\"inLanguage\":\"pl-PL\"},{\"@type\":\"Person\",\"@id\":\"https:\\\/\\\/www.theconservative.online\\\/pl#\\\/schema\\\/person\\\/46c9b8a1ba7a0e0b73f01e5e8593e28a\",\"name\":\"Gianluca Guarino\",\"image\":{\"@type\":\"ImageObject\",\"inLanguage\":\"pl-PL\",\"@id\":\"https:\\\/\\\/secure.gravatar.com\\\/avatar\\\/01905945d0032a29ec00293c7d34262b190a51fcaa4b6e91fa605759ef37929e?s=96&d=mm&r=g\",\"url\":\"https:\\\/\\\/secure.gravatar.com\\\/avatar\\\/01905945d0032a29ec00293c7d34262b190a51fcaa4b6e91fa605759ef37929e?s=96&d=mm&r=g\",\"contentUrl\":\"https:\\\/\\\/secure.gravatar.com\\\/avatar\\\/01905945d0032a29ec00293c7d34262b190a51fcaa4b6e91fa605759ef37929e?s=96&d=mm&r=g\",\"caption\":\"Gianluca Guarino\"},\"url\":\"https:\\\/\\\/www.theconservative.online\\\/pl\\\/author\\\/worklab-euaff-2025-26\"}]}<\/script>\n<!-- \/ Yoast SEO plugin. -->","yoast_head_json":{"title":"Islandia g\u0142osuje nad ponownym podj\u0119ciem stara\u0144 o przyst\u0105pienie do Unii Europejskiej - The Conservative","robots":{"index":"index","follow":"follow","max-snippet":"max-snippet:-1","max-image-preview":"max-image-preview:large","max-video-preview":"max-video-preview:-1"},"canonical":"https:\/\/www.theconservative.online\/pl\/islandia-glosuje-nad-ponownym-podjeciem-staran-o-przystapienie-do-unii-europejskiej","og_locale":"pl_PL","og_type":"article","og_title":"Islandia g\u0142osuje nad ponownym podj\u0119ciem stara\u0144 o przyst\u0105pienie do Unii Europejskiej - The Conservative","og_description":"Wyr\u00f3wnana walka w referendum sprawia, \u017ce kwestie niepewno\u015bci gospodarczej, praw po\u0142owowych i bezpiecze\u0144stwa w Arktyce staj\u0105 si\u0119 przedmiotem debaty, kt\u00f3ra mo\u017ce zmieni\u0107 kszta\u0142t stosunk\u00f3w Reykjav\u00edku z Bruksel\u0105 Islandczycy g\u0142osuj\u0105 nad tym, czy ich kraj powinien wznowi\u0107 negocjacje w sprawie cz\u0142onkostwa w Unii Europejskiej, przywracaj\u0105c w ten spos\u00f3b kwesti\u0119 polityczn\u0105, kt\u00f3ra pozostawa\u0142a nierozstrzygni\u0119ta przez ponad dekad\u0119. [&hellip;]","og_url":"https:\/\/www.theconservative.online\/pl\/islandia-glosuje-nad-ponownym-podjeciem-staran-o-przystapienie-do-unii-europejskiej","og_site_name":"The Conservative","article_published_time":"2026-08-29T13:21:29+00:00","og_image":[{"width":1115,"height":627,"url":"https:\/\/www.theconservative.online\/wp-content\/uploads\/2026\/08\/iceland-eu-referendum-cover-16x9-1.png","type":"image\/png"}],"author":"Gianluca Guarino","twitter_card":"summary_large_image","twitter_misc":{"Napisane przez":"Gianluca Guarino","Szacowany czas czytania":"4 minuty"},"schema":{"@context":"https:\/\/schema.org","@graph":[{"@type":"Article","@id":"https:\/\/www.theconservative.online\/pl\/islandia-glosuje-nad-ponownym-podjeciem-staran-o-przystapienie-do-unii-europejskiej#article","isPartOf":{"@id":"https:\/\/www.theconservative.online\/pl\/islandia-glosuje-nad-ponownym-podjeciem-staran-o-przystapienie-do-unii-europejskiej"},"author":{"name":"Gianluca Guarino","@id":"https:\/\/www.theconservative.online\/pl#\/schema\/person\/46c9b8a1ba7a0e0b73f01e5e8593e28a"},"headline":"Islandia g\u0142osuje nad ponownym podj\u0119ciem stara\u0144 o przyst\u0105pienie do Unii Europejskiej","datePublished":"2026-08-29T13:21:29+00:00","mainEntityOfPage":{"@id":"https:\/\/www.theconservative.online\/pl\/islandia-glosuje-nad-ponownym-podjeciem-staran-o-przystapienie-do-unii-europejskiej"},"wordCount":881,"image":{"@id":"https:\/\/www.theconservative.online\/pl\/islandia-glosuje-nad-ponownym-podjeciem-staran-o-przystapienie-do-unii-europejskiej#primaryimage"},"thumbnailUrl":"https:\/\/www.theconservative.online\/wp-content\/uploads\/2026\/08\/iceland-eu-referendum-cover-16x9-1.png","keywords":["#icelanders","#islanda","#votes","#voti","Conservatism","conservative","Economy","energy","environment","EU","EU Council","europa","europe","European Commission","European Parliament","European Union","Iceland","immigration","NATO","Politics","referendum","Russia","Sweden","technology","Ursula von der Leyen"],"articleSection":["Budowanie konserwatywnej Europy","Energia","Handel i Ekonomia","Kultura","Nasza przysz\u0142o\u015b\u0107 z NATO","Polityka","Prawna","\u015awiat","Zdrowie"],"inLanguage":"pl-PL"},{"@type":"WebPage","@id":"https:\/\/www.theconservative.online\/pl\/islandia-glosuje-nad-ponownym-podjeciem-staran-o-przystapienie-do-unii-europejskiej","url":"https:\/\/www.theconservative.online\/pl\/islandia-glosuje-nad-ponownym-podjeciem-staran-o-przystapienie-do-unii-europejskiej","name":"Islandia g\u0142osuje nad ponownym podj\u0119ciem stara\u0144 o przyst\u0105pienie do Unii Europejskiej - The Conservative","isPartOf":{"@id":"https:\/\/www.theconservative.online\/pl#website"},"primaryImageOfPage":{"@id":"https:\/\/www.theconservative.online\/pl\/islandia-glosuje-nad-ponownym-podjeciem-staran-o-przystapienie-do-unii-europejskiej#primaryimage"},"image":{"@id":"https:\/\/www.theconservative.online\/pl\/islandia-glosuje-nad-ponownym-podjeciem-staran-o-przystapienie-do-unii-europejskiej#primaryimage"},"thumbnailUrl":"https:\/\/www.theconservative.online\/wp-content\/uploads\/2026\/08\/iceland-eu-referendum-cover-16x9-1.png","datePublished":"2026-08-29T13:21:29+00:00","author":{"@id":"https:\/\/www.theconservative.online\/pl#\/schema\/person\/46c9b8a1ba7a0e0b73f01e5e8593e28a"},"breadcrumb":{"@id":"https:\/\/www.theconservative.online\/pl\/islandia-glosuje-nad-ponownym-podjeciem-staran-o-przystapienie-do-unii-europejskiej#breadcrumb"},"inLanguage":"pl-PL","potentialAction":[{"@type":"ReadAction","target":["https:\/\/www.theconservative.online\/pl\/islandia-glosuje-nad-ponownym-podjeciem-staran-o-przystapienie-do-unii-europejskiej"]}]},{"@type":"ImageObject","inLanguage":"pl-PL","@id":"https:\/\/www.theconservative.online\/pl\/islandia-glosuje-nad-ponownym-podjeciem-staran-o-przystapienie-do-unii-europejskiej#primaryimage","url":"https:\/\/www.theconservative.online\/wp-content\/uploads\/2026\/08\/iceland-eu-referendum-cover-16x9-1.png","contentUrl":"https:\/\/www.theconservative.online\/wp-content\/uploads\/2026\/08\/iceland-eu-referendum-cover-16x9-1.png","width":1115,"height":627},{"@type":"BreadcrumbList","@id":"https:\/\/www.theconservative.online\/pl\/islandia-glosuje-nad-ponownym-podjeciem-staran-o-przystapienie-do-unii-europejskiej#breadcrumb","itemListElement":[{"@type":"ListItem","position":1,"name":"Home","item":"https:\/\/www.theconservative.online\/pl"},{"@type":"ListItem","position":2,"name":"Islandia g\u0142osuje nad ponownym podj\u0119ciem stara\u0144 o przyst\u0105pienie do Unii Europejskiej"}]},{"@type":"WebSite","@id":"https:\/\/www.theconservative.online\/pl#website","url":"https:\/\/www.theconservative.online\/pl","name":"The Conservative","description":"","potentialAction":[{"@type":"SearchAction","target":{"@type":"EntryPoint","urlTemplate":"https:\/\/www.theconservative.online\/pl?s={search_term_string}"},"query-input":{"@type":"PropertyValueSpecification","valueRequired":true,"valueName":"search_term_string"}}],"inLanguage":"pl-PL"},{"@type":"Person","@id":"https:\/\/www.theconservative.online\/pl#\/schema\/person\/46c9b8a1ba7a0e0b73f01e5e8593e28a","name":"Gianluca Guarino","image":{"@type":"ImageObject","inLanguage":"pl-PL","@id":"https:\/\/secure.gravatar.com\/avatar\/01905945d0032a29ec00293c7d34262b190a51fcaa4b6e91fa605759ef37929e?s=96&d=mm&r=g","url":"https:\/\/secure.gravatar.com\/avatar\/01905945d0032a29ec00293c7d34262b190a51fcaa4b6e91fa605759ef37929e?s=96&d=mm&r=g","contentUrl":"https:\/\/secure.gravatar.com\/avatar\/01905945d0032a29ec00293c7d34262b190a51fcaa4b6e91fa605759ef37929e?s=96&d=mm&r=g","caption":"Gianluca Guarino"},"url":"https:\/\/www.theconservative.online\/pl\/author\/worklab-euaff-2025-26"}]}},"acf":[],"_links":{"self":[{"href":"https:\/\/www.theconservative.online\/pl\/wp-json\/wp\/v2\/posts\/63006","targetHints":{"allow":["GET"]}}],"collection":[{"href":"https:\/\/www.theconservative.online\/pl\/wp-json\/wp\/v2\/posts"}],"about":[{"href":"https:\/\/www.theconservative.online\/pl\/wp-json\/wp\/v2\/types\/post"}],"author":[{"embeddable":true,"href":"https:\/\/www.theconservative.online\/pl\/wp-json\/wp\/v2\/users\/75"}],"replies":[{"embeddable":true,"href":"https:\/\/www.theconservative.online\/pl\/wp-json\/wp\/v2\/comments?post=63006"}],"version-history":[{"count":0,"href":"https:\/\/www.theconservative.online\/pl\/wp-json\/wp\/v2\/posts\/63006\/revisions"}],"wp:featuredmedia":[{"embeddable":true,"href":"https:\/\/www.theconservative.online\/pl\/wp-json\/wp\/v2\/media\/62711"}],"wp:attachment":[{"href":"https:\/\/www.theconservative.online\/pl\/wp-json\/wp\/v2\/media?parent=63006"}],"wp:term":[{"taxonomy":"category","embeddable":true,"href":"https:\/\/www.theconservative.online\/pl\/wp-json\/wp\/v2\/categories?post=63006"},{"taxonomy":"post_tag","embeddable":true,"href":"https:\/\/www.theconservative.online\/pl\/wp-json\/wp\/v2\/tags?post=63006"},{"taxonomy":"editorial-positions","embeddable":true,"href":"https:\/\/www.theconservative.online\/pl\/wp-json\/wp\/v2\/editorial-positions?post=63006"},{"taxonomy":"regions","embeddable":true,"href":"https:\/\/www.theconservative.online\/pl\/wp-json\/wp\/v2\/regions?post=63006"},{"taxonomy":"types","embeddable":true,"href":"https:\/\/www.theconservative.online\/pl\/wp-json\/wp\/v2\/types?post=63006"}],"curies":[{"name":"wp","href":"https:\/\/api.w.org\/{rel}","templated":true}]}}