{"id":63031,"date":"2026-08-27T14:39:23","date_gmt":"2026-08-27T14:39:23","guid":{"rendered":"https:\/\/www.theconservative.online\/czy-feminizacja-spoleczenstwa-stanie-sie-tematem-politycznym"},"modified":"2026-08-27T14:39:23","modified_gmt":"2026-08-27T14:39:23","slug":"czy-feminizacja-spoleczenstwa-stanie-sie-tematem-politycznym","status":"publish","type":"post","link":"https:\/\/www.theconservative.online\/pl\/czy-feminizacja-spoleczenstwa-stanie-sie-tematem-politycznym","title":{"rendered":"Czy \u201efeminizacja\u201d spo\u0142ecze\u0144stwa stanie si\u0119 tematem politycznym?"},"content":{"rendered":"<p>Oko\u0142o sto lat temu w \u015bwiecie zachodnim nast\u0105pi\u0142 wielki prze\u0142om demokratyczny. Oko\u0142o 1920 roku prawo do g\u0142osowania przyznano nie tylko wszystkim m\u0119\u017cczyznom, ale tak\u017ce wszystkim kobietom w takich krajach jak Stany Zjednoczone, Kanada, Szwecja i Dania. Wielka Brytania wprowadzi\u0142a powszechne prawo wyborcze dla kobiet w 1928 roku, a Francja \u2013 w 1945 roku.<\/p>\n<p>Jednak powszechne prawo wyborcze nie oznacza\u0142o od razu r\u00f3wnego wp\u0142ywu.<\/p><div class='related_content'><span>RELATED<\/span><ul><li><a href='https:\/\/www.theconservative.online\/pl\/zjednoczona-prawica-musi-podkreslac-wewnetrzne-roznice'>Zjednoczona prawica musi podkre\u015bla\u0107 wewn\u0119trzne r\u00f3\u017cnice<\/li><\/a><li><a href='https:\/\/www.theconservative.online\/pl\/islandia-glosuje-nad-ponownym-podjeciem-staran-o-przystapienie-do-unii-europejskiej'>Islandia g\u0142osuje nad ponownym podj\u0119ciem stara\u0144 o przyst\u0105pienie do Unii Europejskiej<\/li><\/a><li><a href='https:\/\/www.theconservative.online\/pl\/ta-szwedzka-partia-sprawuje-wladze-w-kraju-ale-grozi-jej-zanik'>Ta szwedzka partia sprawuje w\u0142adz\u0119 w kraju \u2013 ale grozi jej zanik<\/li><\/a><\/ul><\/div>\n<p>Nawet d\u0142ugo po tym, jak kobiety uzyska\u0142y prawo do g\u0142osowania, pozostawa\u0142y w tyle pod wzgl\u0119dem wykszta\u0142cenia i obecno\u015bci w zawodach o znaczeniu spo\u0142ecznym. Polityka, s\u0105downictwo, dziennikarstwo, ko\u015bcio\u0142y, uczelnie wy\u017csze, zawody medyczne \u2013 m\u0119\u017cczy\u017ani dominowali wsz\u0119dzie jeszcze d\u0142ugo po tym, jak kobiety uzyska\u0142y r\u00f3wne szanse wywierania wp\u0142ywu na polityk\u0119.<\/p>\n<p>Jednak wraz z pojawieniem si\u0119 wsp\u00f3\u0142czesnego feminizmu w latach 70. wszystko uleg\u0142o zmianie. Teraz od kobiet oczekiwano, \u017ce b\u0119d\u0105 si\u0119 kszta\u0142ci\u0107, robi\u0107 karier\u0119 i samodzielnie si\u0119 utrzymywa\u0107. Powinny by\u0142y r\u00f3wnie\u017c postrzega\u0107 siebie jako co\u015b wi\u0119cej ni\u017c tylko kobiety, \u017cony i matki. Z biegiem czasu kobiety zacz\u0119\u0142y te\u017c podejmowa\u0107 prac\u0119 w bardziej wymagaj\u0105cych zawodach.<\/p>\n<p>Dzisiaj wiemy ju\u017c, jak wygl\u0105da sytuacja w wielu krajach zachodnich. Kobiety wcale nie pozostaj\u0105 w tyle, je\u015bli chodzi o reprezentacj\u0119 na uczelniach, w polityce, w s\u0105downictwie czy w dziennikarstwie. Wr\u0119cz przeciwnie. Od dawna podkre\u015bla si\u0119, \u017ce kobiety s\u0105 raczej na najlepszej drodze do zdominowania niekt\u00f3rych grup zawodowych, kt\u00f3re wcze\u015bniej by\u0142y zdominowane przez m\u0119\u017cczyzn.<\/p>\n<p>Zmiana ta przebiega stopniowo i nie wygl\u0105da tak samo we wszystkich krajach. Faktem jest r\u00f3wnie\u017c, \u017ce kobiety mog\u0105 wchodzi\u0107 do danej grupy zawodowej, ale nadal s\u0105 niedostatecznie reprezentowane na stanowiskach kierowniczych. <a href=\"https:\/\/ec.europa.eu\/eurostat\/web\/products-eurostat-news\/w\/edn-20250303-2\">Na europejskich uczelniach ro\u015bnie<\/a> odsetek kobiet uzyskuj\u0105cych stopie\u0144 doktora. Jednak odsetek <a href=\"https:\/\/ec.europa.eu\/commission\/presscorner\/detail\/en\/stat_01_118\">kobiet w\u015br\u00f3d profesor\u00f3w<\/a> jest nadal znacznie ni\u017cszy ni\u017c odsetek m\u0119\u017cczyzn. Tendencja jest jednak wyra\u017ana: wsz\u0119dzie tam, gdzie wcze\u015bniej dominowali m\u0119\u017cczy\u017ani, obecno\u015b\u0107 kobiet staje si\u0119 coraz bardziej zauwa\u017calna.<\/p>\n<p>Szwecja jest jednym z kraj\u00f3w, kt\u00f3re odgrywaj\u0105 <a href=\"https:\/\/data.worldbank.org\/indicator\/SG.GEN.PARL.ZS?locations=SE\">wiod\u0105c\u0105 rol\u0119 w tym procesie<\/a>. Dlatego te\u017c by\u0107 mo\u017ce logiczne jest, \u017ce w Szwecji rozpocz\u0119\u0142a si\u0119 obecnie otwarta debata na temat mo\u017cliwych konsekwencji tej zmiany spo\u0142ecznej.<\/p>\n<p>W 2024 roku Erik J. Olsson i Catharina Gr\u00f6nqvist Olsson opublikowali ciesz\u0105c\u0105 si\u0119 dobrym przyj\u0119ciem ksi\u0105\u017ck\u0119 zatytu\u0142owan\u0105 \u201eThe Soft State\u201d. Tytu\u0142 nawi\u0105zuje do poj\u0119cia \u201eThe Deep State\u201d, kt\u00f3re zazwyczaj odnosi si\u0119 do biurokracji pa\u0144stwowej w naszych zachodnich spo\u0142ecze\u0144stwach, charakteryzuj\u0105cej si\u0119 d\u0105\u017ceniem do realizacji w\u0142asnej agendy politycznej, niezale\u017cnej od woli spo\u0142ecze\u0144stwa wyra\u017canej za po\u015brednictwem wybranych polityk\u00f3w.<\/p>\n<p>Obecnie obaj autorzy wydali now\u0105 ksi\u0105\u017ck\u0119 zatytu\u0142owan\u0105 \u201eNowe matriarchat \u2013 przegl\u0105d feminizacji w administracji pa\u0144stwowej\u201d. Dzie\u0142o to dotyczy tego, w jaki spos\u00f3b kobiety zacz\u0119\u0142y dominowa\u0107 w\u015br\u00f3d pracownik\u00f3w szwedzkich agencji i ministerstw.<\/p>\n<p>W 80 procentach wszystkich szwedzkich agencji rz\u0105dowych wi\u0119kszo\u015b\u0107 pracownik\u00f3w stanowi\u0105 kobiety. W pewnym stopniu wynika to z faktu, \u017ce zawody wykonywane w tych agencjach ju\u017c z natury rzeczy charakteryzuj\u0105 si\u0119 przewag\u0105 kobiet. Agencje te nie zatrudniaj\u0105 bowiem stolarzy ani hydraulik\u00f3w. Jednak nadal faktem jest, \u017ce agencje te by\u0142y wcze\u015bniej zdominowane przez m\u0119\u017cczyzn, a obecnie obserwujemy przewag\u0119 kobiet na stanowiskach kierowniczych w ca\u0142ej tej dziedzinie. W 55 procentach agencji ponad 60 procent personelu stanowi\u0105 kobiety. Jedynie w 20 procentach agencji odnotowuje si\u0119 analogiczn\u0105 przewag\u0119 m\u0119\u017cczyzn, wynosz\u0105c\u0105 ponad 60 procent.<\/p>\n<p>Ciekawymi przyk\u0142adami s\u0105 szwedzki \u201eUrz\u0105d ds. R\u00f3wno\u015bci\u201d, w kt\u00f3rym 85 procent pracownik\u00f3w stanowi\u0105 kobiety. W Szwecji dzia\u0142a r\u00f3wnie\u017c organ o nazwie \u201eRzecznik ds. Dyskryminacji\u201d, kt\u00f3ry chroni prawo obywateli do niedyskryminacji w \u017cyciu zawodowym. 79 procent jego pracownik\u00f3w to kobiety.<\/p>\n<p>W\u015br\u00f3d szwedzkich resort\u00f3w nie ma ani jednego, w kt\u00f3rym wi\u0119kszo\u015b\u0107 pracownik\u00f3w stanowiliby m\u0119\u017cczy\u017ani. W szwedzkim Ministerstwie Kultury 73 procent pracownik\u00f3w to kobiety, w Ministerstwie Zdrowia i Opieki Spo\u0142ecznej \u2013 r\u00f3wnie\u017c 73 procent. Podobnie wygl\u0105da sytuacja w innych resortach: w Ministerstwie Edukacji kobiety stanowi\u0105 70 procent, w Ministerstwie Sprawiedliwo\u015bci \u2013 67 procent, w Ministerstwie Pracy \u2013 67 procent, a w Ministerstwie Klimatu i Przedsi\u0119biorczo\u015bci \u2013 61 procent. Najni\u017cszy odsetek kobiet odnotowuje si\u0119 w Ministerstwie Finans\u00f3w, gdzie stanowi\u0105 one 56 procent pracownik\u00f3w.<\/p>\n<p>Je\u015bli we\u017amiemy pod uwag\u0119 ca\u0142e szwedzkie pa\u0144stwo, a wi\u0119c uwzgl\u0119dnimy policj\u0119, si\u0142y zbrojne i inne instytucje tradycyjnie zdominowane przez m\u0119\u017cczyzn, odsetek kobiet wynosi 53 procent. Odsetek ten nieznacznie spad\u0142 od rekordowego roku 2023. Ten nag\u0142y spadek wynika prawdopodobnie z faktu, \u017ce Szwecja, podobnie jak inne kraje europejskie, zainwestowa\u0142a w ostatnich latach znaczne \u015brodki w zbrojenia zar\u00f3wno si\u0142 zbrojnych, jak i policji \u2013 obszar\u00f3w, w kt\u00f3rych m\u0119\u017cczy\u017ani nadal zajmuj\u0105 stosunkowo siln\u0105 pozycj\u0119.<\/p>\n<p>W 1980 roku odsetek kobiet w tym stanie wynosi\u0142 40,3 procent. Dopiero w 2008 roku kobiety dogoni\u0142y m\u0119\u017cczyzn. Od tego czasu ich odsetek stale ro\u015bnie, z wyj\u0105tkiem ostatnich dw\u00f3ch lat, kiedy to w sektorze obronnym i s\u0105downictwie zatrudniono wi\u0119cej pracownik\u00f3w.<\/p>\n<p>Powstaje zatem pytanie, jaki wp\u0142yw ma to na spo\u0142ecze\u0144stwo. Jest to kwestia potencjalnie niezwykle kontrowersyjna. Je\u015bli bowiem w jakikolwiek spos\u00f3b pozwoli si\u0119 sobie na dyskusj\u0119 o rzekomej dominacji kobiet, a mo\u017ce nawet na okre\u015blenie jej jako problematycznej, nara\u017ca si\u0119 na zarzut mizoginii. Jednak pytanie to nale\u017cy oczywi\u015bcie zada\u0107. R\u00f3wna obecno\u015b\u0107 kobiet w \u017cyciu publicznym to nowe zjawisko w naszych zachodnich spo\u0142ecze\u0144stwach. Tradycyjnie kobiety funkcjonowa\u0142y jako \u201edruga p\u0142e\u0107\u201d, jak powiedzia\u0142a Simone de Beauvoir. Trudno jednak uzna\u0107, \u017ce tak jest nadal. Przynajmniej nie w ten sam spos\u00f3b.<\/p>\n<p>Wed\u0142ug dwojga autor\u00f3w, Erika J. Olssona i Cathariny Gr\u00f6nqvist Olsson, fakt, \u017ce w\u015br\u00f3d pracownik\u00f3w i kadry kierowniczej przewa\u017caj\u0105 kobiety, wp\u0142ywa na organizacje w taki spos\u00f3b, \u017ce to, co nazywaj\u0105 \u201ekobiecymi warto\u015bciami\u201d i \u201ekobiecym sposobem my\u015blenia\u201d, wywiera w\u00f3wczas zupe\u0142nie inny wp\u0142yw. W d\u0142u\u017cszej perspektywie oznacza to, \u017ce ca\u0142e spo\u0142ecze\u0144stwo przywi\u0105zuje inn\u0105 wag\u0119 do kwestii, perspektyw i warto\u015bci, kt\u00f3re wcze\u015bniej musia\u0142y ust\u0119powa\u0107 miejsca typowo m\u0119skim warto\u015bciom i m\u0119skiemu sposobowi my\u015blenia.<\/p>\n<p>Mo\u017cna tu oczywi\u015bcie zarzuci\u0107, \u017ce nie wszystkie kobiety s\u0105 takie same ani \u017ce nie wszyscy m\u0119\u017cczy\u017ani my\u015bl\u0105 w ten sam spos\u00f3b. I to oczywi\u015bcie prawda. Jednak autorzy ksi\u0105\u017cki opieraj\u0105 swoje rozumowanie na szeroko zakrojonych badaniach psychologicznych i socjologicznych, kt\u00f3rych celem jest opisanie warto\u015bci \u015brednich. Zdaniem badaczy mo\u017cliwe jest zatem zidentyfikowanie typowo kobiecych i typowo m\u0119skich wzorc\u00f3w my\u015blenia. S\u0105 to schematy my\u015blowe wyst\u0119puj\u0105ce w r\u00f3\u017cnych kulturach. I tak jak istnieje wiele kobiet, kt\u00f3re s\u0105 wy\u017csze od przeci\u0119tnego m\u0119\u017cczyzny, tak samo niepodwa\u017calnym faktem jest, \u017ce m\u0119\u017cczy\u017ani maj\u0105 \u015brednio wi\u0119kszy wzrost ni\u017c kobiety.<\/p>\n<p>A dzi\u015b \u0142atwo zapomnie\u0107, \u017ce nasze zachodnie spo\u0142ecze\u0144stwa \u2013 podobnie jak wi\u0119kszo\u015b\u0107 spo\u0142ecze\u0144stw na ca\u0142ym \u015bwiecie \u2013 by\u0142y tradycyjnie kszta\u0142towane przez m\u0119\u017cczyzn i m\u0119skie warto\u015bci. Sto lat temu m\u0119\u017cczy\u017ani dominowali w polityce. To oni kszta\u0142towali dziennikarstwo, \u015brodowisko akademickie i system s\u0105downiczy.<\/p>\n<p>By\u0107 mo\u017ce przez pewien czas \u017cyli\u015bmy w sytuacji, w kt\u00f3rej istnia\u0142a pewna r\u00f3wnowaga mi\u0119dzy tym, co m\u0119skie, a tym, co kobiece. I by\u0107 mo\u017ce nadal znajdujemy si\u0119 w tym stanie r\u00f3wnowagi. Warto\u015bci m\u0119skie utrzymuj\u0105 si\u0119, a m\u0119\u017cczy\u017ani nadal odgrywaj\u0105 aktywn\u0105 rol\u0119 w polityce i administracji publicznej, ale na scen\u0119 wkroczy\u0142y r\u00f3wnie\u017c kobiety; mog\u0142o to przyczyni\u0107 si\u0119 do podniesienia statusu tego, co uwa\u017camy za \u201e\u0142agodniejsze\u201d perspektywy \u2013 r\u00f3wno\u015bci, sprawiedliwo\u015bci, troski i otwarto\u015bci.<\/p>\n<p>Jednak wed\u0142ug Olssona i Gr\u00f6nqvista Szwecja \u2013 a przede wszystkim finansowany z podatk\u00f3w sektor publiczny na szczeblu pa\u0144stwowym i gminnym \u2013 znalaz\u0142a si\u0119 pod tak silnym wp\u0142ywem kobiet, \u017ce \u201ekobiecy spos\u00f3b my\u015blenia\u201d sta\u0142 si\u0119 obecnie norm\u0105.<\/p>\n<p>Autorzy pokazuj\u0105 mi\u0119dzy innymi, w jaki spos\u00f3b policja i wojsko opisuj\u0105 swoje misje. Nie jest ju\u017c oczywiste, \u017ce g\u0142\u00f3wny cel \u2013 w przypadku policji: zwalczanie przest\u0119pczo\u015bci za wszelk\u0105 cen\u0119 i w ka\u017cdej sytuacji, a w przypadku wojska: odpieranie wrogich atak\u00f3w \u2013 stanowi nadrz\u0119dny priorytet. Zamiast tego g\u0142\u00f3wnym celem operacji mo\u017ce by\u0107 po prostu funkcjonowanie w przyjemnym \u015brodowisku pracy.<\/p>\n<p>Autorzy pokazuj\u0105 r\u00f3wnie\u017c, w jaki spos\u00f3b pogl\u0105dy, kt\u00f3re we wsp\u00f3\u0142czesnym \u015bwiecie zazwyczaj uznaje si\u0119 za \u201elewicowe\u201d, sta\u0142y si\u0119 pogl\u0105dami ukszta\u0142towanymi przez priorytety charakterystyczne dla kobiet. Imigracja, troska o klimat, r\u00f3wnouprawnienie p\u0142ci i sprawiedliwo\u015b\u0107 spo\u0142eczna to kwestie, za kt\u00f3rymi opowiadaj\u0105 si\u0119 wsp\u00f3\u0142czesne partie lewicowe, a jednocze\u015bnie s\u0105 one zgodne z typowo kobiecym sposobem my\u015blenia. Nie jest wi\u0119c przypadkiem, \u017ce polaryzacja, jak\u0105 obserwujemy dzi\u015b w ca\u0142ym zachodnim \u015bwiecie \u2013 mi\u0119dzy szeroko poj\u0119t\u0105 lewic\u0105, obejmuj\u0105c\u0105 zar\u00f3wno marksist\u00f3w, jak i lewicowych libera\u0142\u00f3w, a z drugiej strony now\u0105 konserwatywn\u0105 prawic\u0105 \u2013 jest r\u00f3wnie\u017c polaryzacj\u0105 mi\u0119dzy kobietami a m\u0119\u017cczyznami.<\/p>\n<p>Je\u015bli chodzi o odniesienia teoretyczne zawarte w ksi\u0105\u017cce, nale\u017cy zauwa\u017cy\u0107, \u017ce autorzy opieraj\u0105 swoje argumenty na szeroko zakrojonych badaniach psychologicznych i socjologicznych. Nie chodzi tu o to, \u017ce wszyscy m\u0119\u017cczy\u017ani lub wszystkie kobiety s\u0105 tacy sami; chodzi raczej o mierzalne i weryfikowalne tendencje.<\/p>\n<p>Jedn\u0105 z tych tendencji jest to, \u017ce m\u0119\u017cczy\u017ani i kobiety r\u00f3\u017cni\u0105 si\u0119 w swoich pogl\u0105dach na temat moralno\u015bci i etyki. M\u0119\u017cczy\u017ani ch\u0119tnie odwo\u0142uj\u0105 si\u0119 do czego\u015b, co mo\u017cna nazwa\u0107 \u201eetyk\u0105 sprawiedliwo\u015bci\u201d, zgodnie z kt\u00f3r\u0105 akceptujemy fakt, \u017ce ludzie maj\u0105 r\u00f3\u017cne warunki do radzenia sobie w \u017cyciu, a zatem r\u00f3\u017cni\u0105 si\u0119 r\u00f3wnie\u017c pod wzgl\u0119dem sukces\u00f3w i wynik\u00f3w \u017cyciowych. Wa\u017cne jest to, by wszystkie jednostki, a mo\u017ce nawet wszystkie kultury i cywilizacje, mia\u0142y takie same formalne warunki do osi\u0105gni\u0119cia sukcesu. Na tym w\u0142a\u015bnie polega sprawiedliwo\u015b\u0107. Sprawiedliwo\u015b\u0107 polega r\u00f3wnie\u017c na tym, \u017ce osoby, kt\u00f3re maj\u0105 lepsze warunki do osi\u0105gni\u0119cia sukcesu w \u017cyciu, maj\u0105 r\u00f3wnie\u017c mo\u017cliwo\u015b\u0107 to zrobi\u0107.<\/p>\n<p>Kobiety natomiast maj\u0105 sk\u0142onno\u015b\u0107 do my\u015blenia zgodnego z \u201eetyk\u0105 troski\u201d. W tym uj\u0119ciu nacisk k\u0142adzie si\u0119 na to, by wszyscy ludzie \u017cyli w r\u00f3wnie dobrych warunkach, niezale\u017cnie od tego, jakie warunki naturalne posiadaj\u0105. To sprawia r\u00f3wnie\u017c, \u017ce nie do zniesienia jest fakt, i\u017c niekt\u00f3re osoby lub kultury odnosz\u0105 wi\u0119ksze sukcesy ni\u017c inne. Nie do zniesienia jest to, \u017ce ludzie mog\u0105 by\u0107 wykluczeni ze spo\u0142eczno\u015bci odnosz\u0105cej sukcesy. Zasadniczo nie do przyj\u0119cia staje si\u0119 sytuacja, w kt\u00f3rej pa\u0144stwo ogranicza solidarno\u015b\u0107 i trosk\u0119 o w\u0142asnych obywateli, poniewa\u017c wszyscy ludzie na ca\u0142ym \u015bwiecie maj\u0105 takie samo naturalne prawo do opieki i dobrobytu.<\/p>\n<p>Wa\u017cne jest, aby zrozumie\u0107, \u017ce s\u0105 to dwa r\u00f3\u017cne sposoby my\u015blenia, kt\u00f3re m\u0119\u017cczy\u017ani i kobiety przyjmuj\u0105 zazwyczaj w spos\u00f3b spontaniczny i naturalny. Dlatego te\u017c obu stronom trudno jest prowadzi\u0107 ze sob\u0105 dialog. Nie s\u0105 to stanowiska ideologiczne oparte na obiektywnej i opartej na faktach analizie, lecz raczej spontaniczne schematy my\u015blowe.<\/p>\n<p>Kwestia wp\u0142ywu, jaki sukcesy kobiet mog\u0105 wywiera\u0107 na nasze spo\u0142ecze\u0144stwa, jest wieloaspektowa i interesuj\u0105ca, ale budzi r\u00f3wnie\u017c kontrowersje polityczne. Zazwyczaj nie mamy wi\u0119kszych problem\u00f3w z twierdzeniem, \u017ce warto\u015bci m\u0119skie mog\u0105 by\u0107 problematyczne i \u017ce spo\u0142ecze\u0144stwa nie powinny by\u0107 w nadmiernym stopniu kszta\u0142towane przez warto\u015bci czysto m\u0119skie. Czy odwa\u017cymy si\u0119 zacz\u0105\u0107 my\u015ble\u0107 w podobny spos\u00f3b, gdy mowa o kobietach i warto\u015bciach kobiecych?<\/p>\n<\/p>","protected":false},"excerpt":{"rendered":"<p>Oko\u0142o sto lat temu w \u015bwiecie zachodnim nast\u0105pi\u0142 wielki prze\u0142om demokratyczny. Oko\u0142o 1920 roku prawo do g\u0142osowania przyznano nie tylko wszystkim m\u0119\u017cczyznom, ale tak\u017ce wszystkim kobietom w takich krajach jak Stany Zjednoczone, Kanada, Szwecja i Dania. Wielka Brytania wprowadzi\u0142a powszechne prawo wyborcze dla kobiet w 1928 roku, a Francja \u2013 w 1945 roku. Jednak powszechne [&hellip;]<\/p>\n","protected":false},"author":85,"featured_media":54864,"comment_status":"closed","ping_status":"closed","sticky":false,"template":"","format":"standard","meta":{"footnotes":""},"categories":[174],"tags":[3293,3117,3294,3161,554,312],"editorial-positions":[],"regions":[345],"types":[455,445],"class_list":["post-63031","post","type-post","status-publish","format-standard","has-post-thumbnail","hentry","category-kultura","tag-femalevalues","tag-men","tag-polarization","tag-feminism","tag-sweden","tag-women","regions-northern-europe-pl","types-opinion-pl","types-surveys-pl"],"yoast_head":"<!-- This site is optimized with the Yoast SEO plugin v28.0 - https:\/\/yoast.com\/product\/yoast-seo-wordpress\/ -->\n<title>Czy \u201efeminizacja\u201d spo\u0142ecze\u0144stwa stanie si\u0119 tematem politycznym? - The Conservative<\/title>\n<meta name=\"robots\" content=\"index, follow, max-snippet:-1, max-image-preview:large, max-video-preview:-1\" \/>\n<link rel=\"canonical\" href=\"https:\/\/www.theconservative.online\/pl\/czy-feminizacja-spoleczenstwa-stanie-sie-tematem-politycznym\" \/>\n<meta property=\"og:locale\" content=\"pl_PL\" \/>\n<meta property=\"og:type\" content=\"article\" \/>\n<meta property=\"og:title\" content=\"Czy \u201efeminizacja\u201d spo\u0142ecze\u0144stwa stanie si\u0119 tematem politycznym? - The Conservative\" \/>\n<meta property=\"og:description\" content=\"Oko\u0142o sto lat temu w \u015bwiecie zachodnim nast\u0105pi\u0142 wielki prze\u0142om demokratyczny. Oko\u0142o 1920 roku prawo do g\u0142osowania przyznano nie tylko wszystkim m\u0119\u017cczyznom, ale tak\u017ce wszystkim kobietom w takich krajach jak Stany Zjednoczone, Kanada, Szwecja i Dania. Wielka Brytania wprowadzi\u0142a powszechne prawo wyborcze dla kobiet w 1928 roku, a Francja \u2013 w 1945 roku. Jednak powszechne [&hellip;]\" \/>\n<meta property=\"og:url\" content=\"https:\/\/www.theconservative.online\/pl\/czy-feminizacja-spoleczenstwa-stanie-sie-tematem-politycznym\" \/>\n<meta property=\"og:site_name\" content=\"The Conservative\" \/>\n<meta property=\"article:published_time\" content=\"2026-08-27T14:39:23+00:00\" \/>\n<meta property=\"og:image\" content=\"https:\/\/www.theconservative.online\/wp-content\/uploads\/2026\/05\/shutterstock_2234701651.jpg\" \/>\n\t<meta property=\"og:image:width\" content=\"1000\" \/>\n\t<meta property=\"og:image:height\" content=\"667\" \/>\n\t<meta property=\"og:image:type\" content=\"image\/jpeg\" \/>\n<meta name=\"author\" content=\"Richard S\u00f6rman\" \/>\n<meta name=\"twitter:card\" content=\"summary_large_image\" \/>\n<meta name=\"twitter:label1\" content=\"Napisane przez\" \/>\n\t<meta name=\"twitter:data1\" content=\"Richard S\u00f6rman\" \/>\n\t<meta name=\"twitter:label2\" content=\"Szacowany czas czytania\" \/>\n\t<meta name=\"twitter:data2\" content=\"10 minut\" \/>\n<script type=\"application\/ld+json\" class=\"yoast-schema-graph\">{\"@context\":\"https:\\\/\\\/schema.org\",\"@graph\":[{\"@type\":\"Article\",\"@id\":\"https:\\\/\\\/www.theconservative.online\\\/pl\\\/czy-feminizacja-spoleczenstwa-stanie-sie-tematem-politycznym#article\",\"isPartOf\":{\"@id\":\"https:\\\/\\\/www.theconservative.online\\\/pl\\\/czy-feminizacja-spoleczenstwa-stanie-sie-tematem-politycznym\"},\"author\":{\"name\":\"Richard S\u00f6rman\",\"@id\":\"https:\\\/\\\/www.theconservative.online\\\/pl#\\\/schema\\\/person\\\/769a6928b1a6145a095dde8677e8dc31\"},\"headline\":\"Czy \u201efeminizacja\u201d spo\u0142ecze\u0144stwa stanie si\u0119 tematem politycznym?\",\"datePublished\":\"2026-08-27T14:39:23+00:00\",\"mainEntityOfPage\":{\"@id\":\"https:\\\/\\\/www.theconservative.online\\\/pl\\\/czy-feminizacja-spoleczenstwa-stanie-sie-tematem-politycznym\"},\"wordCount\":1983,\"image\":{\"@id\":\"https:\\\/\\\/www.theconservative.online\\\/pl\\\/czy-feminizacja-spoleczenstwa-stanie-sie-tematem-politycznym#primaryimage\"},\"thumbnailUrl\":\"https:\\\/\\\/www.theconservative.online\\\/wp-content\\\/uploads\\\/2026\\\/05\\\/shutterstock_2234701651.jpg\",\"keywords\":[\"#femalevalues\",\"#men\",\"#polarization\",\"Feminism\",\"Sweden\",\"women\"],\"articleSection\":[\"Kultura\"],\"inLanguage\":\"pl-PL\"},{\"@type\":\"WebPage\",\"@id\":\"https:\\\/\\\/www.theconservative.online\\\/pl\\\/czy-feminizacja-spoleczenstwa-stanie-sie-tematem-politycznym\",\"url\":\"https:\\\/\\\/www.theconservative.online\\\/pl\\\/czy-feminizacja-spoleczenstwa-stanie-sie-tematem-politycznym\",\"name\":\"Czy \u201efeminizacja\u201d spo\u0142ecze\u0144stwa stanie si\u0119 tematem politycznym? - The Conservative\",\"isPartOf\":{\"@id\":\"https:\\\/\\\/www.theconservative.online\\\/pl#website\"},\"primaryImageOfPage\":{\"@id\":\"https:\\\/\\\/www.theconservative.online\\\/pl\\\/czy-feminizacja-spoleczenstwa-stanie-sie-tematem-politycznym#primaryimage\"},\"image\":{\"@id\":\"https:\\\/\\\/www.theconservative.online\\\/pl\\\/czy-feminizacja-spoleczenstwa-stanie-sie-tematem-politycznym#primaryimage\"},\"thumbnailUrl\":\"https:\\\/\\\/www.theconservative.online\\\/wp-content\\\/uploads\\\/2026\\\/05\\\/shutterstock_2234701651.jpg\",\"datePublished\":\"2026-08-27T14:39:23+00:00\",\"author\":{\"@id\":\"https:\\\/\\\/www.theconservative.online\\\/pl#\\\/schema\\\/person\\\/769a6928b1a6145a095dde8677e8dc31\"},\"breadcrumb\":{\"@id\":\"https:\\\/\\\/www.theconservative.online\\\/pl\\\/czy-feminizacja-spoleczenstwa-stanie-sie-tematem-politycznym#breadcrumb\"},\"inLanguage\":\"pl-PL\",\"potentialAction\":[{\"@type\":\"ReadAction\",\"target\":[\"https:\\\/\\\/www.theconservative.online\\\/pl\\\/czy-feminizacja-spoleczenstwa-stanie-sie-tematem-politycznym\"]}]},{\"@type\":\"ImageObject\",\"inLanguage\":\"pl-PL\",\"@id\":\"https:\\\/\\\/www.theconservative.online\\\/pl\\\/czy-feminizacja-spoleczenstwa-stanie-sie-tematem-politycznym#primaryimage\",\"url\":\"https:\\\/\\\/www.theconservative.online\\\/wp-content\\\/uploads\\\/2026\\\/05\\\/shutterstock_2234701651.jpg\",\"contentUrl\":\"https:\\\/\\\/www.theconservative.online\\\/wp-content\\\/uploads\\\/2026\\\/05\\\/shutterstock_2234701651.jpg\",\"width\":1000,\"height\":667},{\"@type\":\"BreadcrumbList\",\"@id\":\"https:\\\/\\\/www.theconservative.online\\\/pl\\\/czy-feminizacja-spoleczenstwa-stanie-sie-tematem-politycznym#breadcrumb\",\"itemListElement\":[{\"@type\":\"ListItem\",\"position\":1,\"name\":\"Home\",\"item\":\"https:\\\/\\\/www.theconservative.online\\\/pl\"},{\"@type\":\"ListItem\",\"position\":2,\"name\":\"Czy \u201efeminizacja\u201d spo\u0142ecze\u0144stwa stanie si\u0119 tematem politycznym?\"}]},{\"@type\":\"WebSite\",\"@id\":\"https:\\\/\\\/www.theconservative.online\\\/pl#website\",\"url\":\"https:\\\/\\\/www.theconservative.online\\\/pl\",\"name\":\"The Conservative\",\"description\":\"\",\"potentialAction\":[{\"@type\":\"SearchAction\",\"target\":{\"@type\":\"EntryPoint\",\"urlTemplate\":\"https:\\\/\\\/www.theconservative.online\\\/pl?s={search_term_string}\"},\"query-input\":{\"@type\":\"PropertyValueSpecification\",\"valueRequired\":true,\"valueName\":\"search_term_string\"}}],\"inLanguage\":\"pl-PL\"},{\"@type\":\"Person\",\"@id\":\"https:\\\/\\\/www.theconservative.online\\\/pl#\\\/schema\\\/person\\\/769a6928b1a6145a095dde8677e8dc31\",\"name\":\"Richard S\u00f6rman\",\"image\":{\"@type\":\"ImageObject\",\"inLanguage\":\"pl-PL\",\"@id\":\"https:\\\/\\\/secure.gravatar.com\\\/avatar\\\/31160c632b280151f52ca490d363172fd554ee64571053ac4dfe486bab7399f5?s=96&d=mm&r=g\",\"url\":\"https:\\\/\\\/secure.gravatar.com\\\/avatar\\\/31160c632b280151f52ca490d363172fd554ee64571053ac4dfe486bab7399f5?s=96&d=mm&r=g\",\"contentUrl\":\"https:\\\/\\\/secure.gravatar.com\\\/avatar\\\/31160c632b280151f52ca490d363172fd554ee64571053ac4dfe486bab7399f5?s=96&d=mm&r=g\",\"caption\":\"Richard S\u00f6rman\"},\"url\":\"https:\\\/\\\/www.theconservative.online\\\/pl\\\/author\\\/riks-euspec-2025-2026\"}]}<\/script>\n<!-- \/ Yoast SEO plugin. -->","yoast_head_json":{"title":"Czy \u201efeminizacja\u201d spo\u0142ecze\u0144stwa stanie si\u0119 tematem politycznym? - The Conservative","robots":{"index":"index","follow":"follow","max-snippet":"max-snippet:-1","max-image-preview":"max-image-preview:large","max-video-preview":"max-video-preview:-1"},"canonical":"https:\/\/www.theconservative.online\/pl\/czy-feminizacja-spoleczenstwa-stanie-sie-tematem-politycznym","og_locale":"pl_PL","og_type":"article","og_title":"Czy \u201efeminizacja\u201d spo\u0142ecze\u0144stwa stanie si\u0119 tematem politycznym? - The Conservative","og_description":"Oko\u0142o sto lat temu w \u015bwiecie zachodnim nast\u0105pi\u0142 wielki prze\u0142om demokratyczny. Oko\u0142o 1920 roku prawo do g\u0142osowania przyznano nie tylko wszystkim m\u0119\u017cczyznom, ale tak\u017ce wszystkim kobietom w takich krajach jak Stany Zjednoczone, Kanada, Szwecja i Dania. Wielka Brytania wprowadzi\u0142a powszechne prawo wyborcze dla kobiet w 1928 roku, a Francja \u2013 w 1945 roku. Jednak powszechne [&hellip;]","og_url":"https:\/\/www.theconservative.online\/pl\/czy-feminizacja-spoleczenstwa-stanie-sie-tematem-politycznym","og_site_name":"The Conservative","article_published_time":"2026-08-27T14:39:23+00:00","og_image":[{"width":1000,"height":667,"url":"https:\/\/www.theconservative.online\/wp-content\/uploads\/2026\/05\/shutterstock_2234701651.jpg","type":"image\/jpeg"}],"author":"Richard S\u00f6rman","twitter_card":"summary_large_image","twitter_misc":{"Napisane przez":"Richard S\u00f6rman","Szacowany czas czytania":"10 minut"},"schema":{"@context":"https:\/\/schema.org","@graph":[{"@type":"Article","@id":"https:\/\/www.theconservative.online\/pl\/czy-feminizacja-spoleczenstwa-stanie-sie-tematem-politycznym#article","isPartOf":{"@id":"https:\/\/www.theconservative.online\/pl\/czy-feminizacja-spoleczenstwa-stanie-sie-tematem-politycznym"},"author":{"name":"Richard S\u00f6rman","@id":"https:\/\/www.theconservative.online\/pl#\/schema\/person\/769a6928b1a6145a095dde8677e8dc31"},"headline":"Czy \u201efeminizacja\u201d spo\u0142ecze\u0144stwa stanie si\u0119 tematem politycznym?","datePublished":"2026-08-27T14:39:23+00:00","mainEntityOfPage":{"@id":"https:\/\/www.theconservative.online\/pl\/czy-feminizacja-spoleczenstwa-stanie-sie-tematem-politycznym"},"wordCount":1983,"image":{"@id":"https:\/\/www.theconservative.online\/pl\/czy-feminizacja-spoleczenstwa-stanie-sie-tematem-politycznym#primaryimage"},"thumbnailUrl":"https:\/\/www.theconservative.online\/wp-content\/uploads\/2026\/05\/shutterstock_2234701651.jpg","keywords":["#femalevalues","#men","#polarization","Feminism","Sweden","women"],"articleSection":["Kultura"],"inLanguage":"pl-PL"},{"@type":"WebPage","@id":"https:\/\/www.theconservative.online\/pl\/czy-feminizacja-spoleczenstwa-stanie-sie-tematem-politycznym","url":"https:\/\/www.theconservative.online\/pl\/czy-feminizacja-spoleczenstwa-stanie-sie-tematem-politycznym","name":"Czy \u201efeminizacja\u201d spo\u0142ecze\u0144stwa stanie si\u0119 tematem politycznym? - The Conservative","isPartOf":{"@id":"https:\/\/www.theconservative.online\/pl#website"},"primaryImageOfPage":{"@id":"https:\/\/www.theconservative.online\/pl\/czy-feminizacja-spoleczenstwa-stanie-sie-tematem-politycznym#primaryimage"},"image":{"@id":"https:\/\/www.theconservative.online\/pl\/czy-feminizacja-spoleczenstwa-stanie-sie-tematem-politycznym#primaryimage"},"thumbnailUrl":"https:\/\/www.theconservative.online\/wp-content\/uploads\/2026\/05\/shutterstock_2234701651.jpg","datePublished":"2026-08-27T14:39:23+00:00","author":{"@id":"https:\/\/www.theconservative.online\/pl#\/schema\/person\/769a6928b1a6145a095dde8677e8dc31"},"breadcrumb":{"@id":"https:\/\/www.theconservative.online\/pl\/czy-feminizacja-spoleczenstwa-stanie-sie-tematem-politycznym#breadcrumb"},"inLanguage":"pl-PL","potentialAction":[{"@type":"ReadAction","target":["https:\/\/www.theconservative.online\/pl\/czy-feminizacja-spoleczenstwa-stanie-sie-tematem-politycznym"]}]},{"@type":"ImageObject","inLanguage":"pl-PL","@id":"https:\/\/www.theconservative.online\/pl\/czy-feminizacja-spoleczenstwa-stanie-sie-tematem-politycznym#primaryimage","url":"https:\/\/www.theconservative.online\/wp-content\/uploads\/2026\/05\/shutterstock_2234701651.jpg","contentUrl":"https:\/\/www.theconservative.online\/wp-content\/uploads\/2026\/05\/shutterstock_2234701651.jpg","width":1000,"height":667},{"@type":"BreadcrumbList","@id":"https:\/\/www.theconservative.online\/pl\/czy-feminizacja-spoleczenstwa-stanie-sie-tematem-politycznym#breadcrumb","itemListElement":[{"@type":"ListItem","position":1,"name":"Home","item":"https:\/\/www.theconservative.online\/pl"},{"@type":"ListItem","position":2,"name":"Czy \u201efeminizacja\u201d spo\u0142ecze\u0144stwa stanie si\u0119 tematem politycznym?"}]},{"@type":"WebSite","@id":"https:\/\/www.theconservative.online\/pl#website","url":"https:\/\/www.theconservative.online\/pl","name":"The Conservative","description":"","potentialAction":[{"@type":"SearchAction","target":{"@type":"EntryPoint","urlTemplate":"https:\/\/www.theconservative.online\/pl?s={search_term_string}"},"query-input":{"@type":"PropertyValueSpecification","valueRequired":true,"valueName":"search_term_string"}}],"inLanguage":"pl-PL"},{"@type":"Person","@id":"https:\/\/www.theconservative.online\/pl#\/schema\/person\/769a6928b1a6145a095dde8677e8dc31","name":"Richard S\u00f6rman","image":{"@type":"ImageObject","inLanguage":"pl-PL","@id":"https:\/\/secure.gravatar.com\/avatar\/31160c632b280151f52ca490d363172fd554ee64571053ac4dfe486bab7399f5?s=96&d=mm&r=g","url":"https:\/\/secure.gravatar.com\/avatar\/31160c632b280151f52ca490d363172fd554ee64571053ac4dfe486bab7399f5?s=96&d=mm&r=g","contentUrl":"https:\/\/secure.gravatar.com\/avatar\/31160c632b280151f52ca490d363172fd554ee64571053ac4dfe486bab7399f5?s=96&d=mm&r=g","caption":"Richard S\u00f6rman"},"url":"https:\/\/www.theconservative.online\/pl\/author\/riks-euspec-2025-2026"}]}},"acf":[],"_links":{"self":[{"href":"https:\/\/www.theconservative.online\/pl\/wp-json\/wp\/v2\/posts\/63031","targetHints":{"allow":["GET"]}}],"collection":[{"href":"https:\/\/www.theconservative.online\/pl\/wp-json\/wp\/v2\/posts"}],"about":[{"href":"https:\/\/www.theconservative.online\/pl\/wp-json\/wp\/v2\/types\/post"}],"author":[{"embeddable":true,"href":"https:\/\/www.theconservative.online\/pl\/wp-json\/wp\/v2\/users\/85"}],"replies":[{"embeddable":true,"href":"https:\/\/www.theconservative.online\/pl\/wp-json\/wp\/v2\/comments?post=63031"}],"version-history":[{"count":0,"href":"https:\/\/www.theconservative.online\/pl\/wp-json\/wp\/v2\/posts\/63031\/revisions"}],"wp:featuredmedia":[{"embeddable":true,"href":"https:\/\/www.theconservative.online\/pl\/wp-json\/wp\/v2\/media\/54864"}],"wp:attachment":[{"href":"https:\/\/www.theconservative.online\/pl\/wp-json\/wp\/v2\/media?parent=63031"}],"wp:term":[{"taxonomy":"category","embeddable":true,"href":"https:\/\/www.theconservative.online\/pl\/wp-json\/wp\/v2\/categories?post=63031"},{"taxonomy":"post_tag","embeddable":true,"href":"https:\/\/www.theconservative.online\/pl\/wp-json\/wp\/v2\/tags?post=63031"},{"taxonomy":"editorial-positions","embeddable":true,"href":"https:\/\/www.theconservative.online\/pl\/wp-json\/wp\/v2\/editorial-positions?post=63031"},{"taxonomy":"regions","embeddable":true,"href":"https:\/\/www.theconservative.online\/pl\/wp-json\/wp\/v2\/regions?post=63031"},{"taxonomy":"types","embeddable":true,"href":"https:\/\/www.theconservative.online\/pl\/wp-json\/wp\/v2\/types?post=63031"}],"curies":[{"name":"wp","href":"https:\/\/api.w.org\/{rel}","templated":true}]}}