{"id":63040,"date":"2026-08-27T14:31:16","date_gmt":"2026-08-27T14:31:16","guid":{"rendered":"https:\/\/www.theconservative.online\/stronnicze-i-pozbawione-wolnosci-krajobraz-mediow-wspieranych-przez-panstwo-w-irlandii"},"modified":"2026-08-27T14:31:16","modified_gmt":"2026-08-27T14:31:16","slug":"stronnicze-i-pozbawione-wolnosci-krajobraz-mediow-wspieranych-przez-panstwo-w-irlandii","status":"publish","type":"post","link":"https:\/\/www.theconservative.online\/pl\/stronnicze-i-pozbawione-wolnosci-krajobraz-mediow-wspieranych-przez-panstwo-w-irlandii","title":{"rendered":"Stronnicze i pozbawione wolno\u015bci: krajobraz medi\u00f3w wspieranych przez pa\u0144stwo w Irlandii"},"content":{"rendered":"<p>Irlandzki krajobraz medialny pozostaje jednym z najbardziej podporz\u0105dkowanych politycznie rz\u0105dowi w ca\u0142ej Europie. Od dziedzictwa najsurowszych w Europie przepis\u00f3w dotycz\u0105cych znies\u0142awienia, kt\u00f3re ograniczaj\u0105 zakres publikacji irlandzkiej prasy, po przyznawanie rz\u0105dowych dotacji utrzymuj\u0105cych przy \u017cyciu nierentowne media \u2013 w rezultacie irlandzkie media s\u0105 bezkrytyczne i przekupione. Szereg innych czynnik\u00f3w, takich jak pa\u0144stwowe finansowanie prasy, lewicowe uprzedzenia instytucjonalne w tej bran\u017cy oraz, oczywi\u015bcie, zjawisko \u201edrzwi obrotowych\u201d mi\u0119dzy rz\u0105dem a mediami, r\u00f3wnie\u017c sprawia, \u017ce wiarygodno\u015b\u0107 irlandzkich gazet jest poddawana powa\u017cnej krytyce.<\/p>\n<p>&nbsp;<\/p>\n<p>Gazety finansowane ze \u015brodk\u00f3w pa\u0144stwowych b\u0119d\u0105 krytykowa\u0107 pa\u0144stwo za polityk\u0119, kt\u00f3ra jest dopuszczalna, opieraj\u0105c si\u0119 na argumentach, kt\u00f3re ich dziennikarze-urz\u0119dnicy uznali za niepowoduj\u0105ce konfliktu, a tym samym ma\u0142o prawdopodobne, by zagrozi\u0142y ich dotacjom rz\u0105dowym. Jednak wiele gazet systematycznie pomija konkretne i g\u0142\u0119boko niepopularne kryzysy, z jakimi boryka si\u0119 kraj, niezale\u017cnie od tego, czy chodzi o migracj\u0119, kwestie mieszkaniowe, czy te\u017c niezr\u00f3wnowa\u017con\u0105 polityk\u0119 gospodarcz\u0105 w zakresie bezpo\u015brednich inwestycji zagranicznych.<\/p>\n<p>&nbsp;<\/p>\n<p>Problem dotyczy nie tylko dotacji pa\u0144stwowych, ale tak\u017ce silnego lewicowego nastawienia \u2013 publiczna stacja telewizyjna <a href=\"https:\/\/www.rte.ie\/news\/ireland\/2023\/1211\/1421325-report-irish-journalists\/\">RTE<\/a> poinformowa\u0142a w 2023 roku, \u017ce wi\u0119kszo\u015b\u0107 irlandzkich dziennikarzy ankietowanych przez Dublin City University okre\u015bli\u0142a si\u0119 jako o pogl\u0105dach lewicowych. Odsetek ten wynosi 61,5 procent dziennikarzy identyfikuj\u0105cych si\u0119 z lewic\u0105 w por\u00f3wnaniu z zaledwie 8,5 procent dziennikarzy o pogl\u0105dach prawicowych. W zwi\u0105zku z tym w wielu irlandzkich mediach wyst\u0119puje wbudowana nier\u00f3wnowaga w uj\u0119ciu politycznym, kt\u00f3ra stawia w niekorzystnej sytuacji konserwatywne pogl\u0105dy polityczne, a w niekt\u00f3rych przypadkach jest wobec nich wr\u0119cz wroga.<\/p>\n<p>&nbsp;<\/p>\n<p>Zjawisko \u201edrzwi obrotowych\u201d mi\u0119dzy agencjami rz\u0105dowymi a sektorem prywatnym jest powszechnie znane i szeroko omawiane. Mniej uwagi po\u015bwi\u0119ca si\u0119 jednak cz\u0119stym przej\u015bciom dziennikarzy na stanowiska rz\u0105dowe. Na przyk\u0142ad <a href=\"https:\/\/gript.ie\/a-new-government-means-new-government-jobs-for-journalists\/\">w zesz\u0142ym roku<\/a> serwis Gript Media poinformowa\u0142, \u017ce dziennikarz Hugh O\u2019Connell zosta\u0142 mianowany zast\u0119pc\u0105 rzecznika prasowego rz\u0105du, a krytycy zarzucali mu stronniczo\u015b\u0107 na korzy\u015b\u0107 partii Fine Gael. Jednak to nie wszystko \u2013 osob\u0105, kt\u00f3r\u0105 zast\u0105pi\u0142 na tym stanowisku, by\u0142 prowadz\u0105cy audycj\u0119 w radiu Newstalk Chris O\u2019Donohoe. Nie jest oczywi\u015bcie zaskoczeniem, \u017ce rzecznik prasowy mo\u017ce by\u0107 by\u0142ym dziennikarzem \u2013 te role zawodowe s\u0105 oczywi\u015bcie funkcjonalnie powi\u0105zane. Jednak gdy spojrzy si\u0119 na to zjawisko w szerszym kontek\u015bcie, wyra\u017anie wida\u0107 pewien schemat. Helen McEntee zatrudni\u0142a wcze\u015bniej reportera \u201eIrish Times\u201d Fiacha Kelly\u2019ego, a Simon Harris zatrudni\u0142 reporter\u00f3w z \u201eIrish Times\u201d i \u201eIrish Examiner\u201d. <\/p>\n<p>&nbsp;<\/p>\n<p>Rz\u0105d finansuje i kszta\u0142ci specjalist\u00f3w od wizerunku w sektorze medi\u00f3w publicznych, a nast\u0119pnie zatrudnia ich w swoich strukturach jako doradc\u00f3w, gdy ich warto\u015b\u0107 polityczna osi\u0105gnie odpowiedni poziom. Warto r\u00f3wnie\u017c zwr\u00f3ci\u0107 uwag\u0119 na fakt, \u017ce minister Patrick O\u2019Donovan wpad\u0142 w sza\u0142, obawiaj\u0105c si\u0119, \u017ce media relacjonowa\u0142y kwietniowe protesty zwi\u0105zane z cenami paliw w spos\u00f3b stronniczy wobec rz\u0105du.<\/p>\n<p>&nbsp;<\/p>\n<p>Istnieje tu k\u0142opotliwa sprzeczno\u015b\u0107, do kt\u00f3rej irlandzka klasa polityczna nigdy si\u0119 nie przyzna. Z jednej strony wychwalaj\u0105 znaczenie wolnej prasy i warto\u015bci zwi\u0105zane z wolno\u015bci\u0105 s\u0142owa, a zaraz potem ostro krytykuj\u0105 wszystkie media, kt\u00f3re odwa\u017c\u0105 si\u0119 publicznie ich skrytykowa\u0107. Nie wspominaj\u0105c ju\u017c o tym, \u017ce wraz ze wzrostem rz\u0105dowych wydatk\u00f3w na media informacyjne \u2013 kt\u00f3rych model biznesowy staje si\u0119 coraz mniej op\u0142acalny \u2013 gazety w niekt\u00f3rych przypadkach sta\u0142y si\u0119 ca\u0142kowicie uzale\u017cnione od dotacji rz\u0105dowych.<\/p>\n<p>&nbsp;<\/p>\n<p>W rzeczywisto\u015bci minister O\u2019Donovan mia\u0142 <a href=\"https:\/\/www.ontheditch.com\/patrick-o-donovan-secret-call\/\">rzekomo<\/a> przeprowadzi\u0107 tajn\u0105 rozmow\u0119 telefoniczn\u0105 z Coimisiun na Mean \u2013 organem irlandzkiego rz\u0105du odpowiedzialnym za cenzur\u0119 medi\u00f3w \u2013 w zwi\u0105zku z relacj\u0105 stacji RTE z protest\u00f3w dotycz\u0105cych cen paliwa, z kt\u00f3rej by\u0142 niezadowolony. Zarzuca mu si\u0119 r\u00f3wnie\u017c, \u017ce poprosi\u0142 jednego z urz\u0119dnik\u00f3w Coimisiun na Mean o zbadanie, \u201eczy w przepisach istnieje mechanizm pozwalaj\u0105cy ministrowi zwr\u00f3ci\u0107 si\u0119 o analiz\u0119 audycji\u201d dotycz\u0105cych tych wydarze\u0144.<\/p>\n<p>&nbsp;<\/p>\n<p>Takie zachowanie powinno wydawa\u0107 si\u0119 dziwaczne w zachodniej demokracji, jak\u0105 jest Irlandia, i minister zosta\u0142 za nie s\u0142usznie skrytykowany. Jednak i tym razem krytyka ta zosta\u0142a sformu\u0142owana w taki spos\u00f3b, by nie naruszy\u0107 r\u00f3wnowagi w zakresie finansowania rz\u0105dowego. W doniesieniach poruszono t\u0119 kwesti\u0119, ale nie odwa\u017cono si\u0119 wyci\u0105gn\u0105\u0107 naturalnego wniosku, \u017ce minister i jego wsp\u00f3\u0142pracownicy naruszali podstawowe zasady demokratycznego i otwartego rz\u0105du. Wniosk\u00f3w tych nigdy nie wyci\u0105gni\u0119to w\u0142a\u015bnie dlatego, \u017ce zagrozi\u0142oby to finansowaniu rz\u0105dowemu dla gazet i mog\u0142oby by\u0107 szkodliwe dla przysz\u0142ych ambicji zawodowych irlandzkich dziennikarzy w strukturach pa\u0144stwowych.<\/p>\n<p>&nbsp;<\/p>\n<p>Kwestia ta jest tak powszechnie znana, \u017ce jeden z przedstawicieli borykaj\u0105cej si\u0119 z trudno\u015bciami stacji radiowej w Irlandii <a href=\"https:\/\/gript.ie\/struggling-radio-outlet-fears-criticising-minister-over-funding\/\">stwierdzi\u0142<\/a>, i\u017c lokalne media stosuj\u0105 autocenzur\u0119, aby unikn\u0105\u0107 utraty funduszy pa\u0144stwowych niezb\u0119dnych do utrzymania stacji.<\/p>\n<p>&nbsp;<\/p>\n<p>W zwi\u0105zku z tym, \u017ce komisarze ds. medi\u00f3w coraz cz\u0119\u015bciej przeznaczaj\u0105 co roku kwoty rz\u0119du milion\u00f3w, zale\u017cno\u015b\u0107 medi\u00f3w publicznych od pa\u0144stwa tylko si\u0119 pog\u0142\u0119bi\u0142a, tym razem w kontek\u015bcie przeciwdzia\u0142ania dezinformacji.<\/p>\n<p>&nbsp;<\/p>\n<p><a href=\"https:\/\/gript.ie\/heres-how-much-media-orgs-got-from-coimisiun-na-mean\/\">Okaza\u0142o<\/a> si\u0119, \u017ce w 2025 roku gazeta \u201eIrish Independent\u201d otrzyma\u0142a od Coimisiun na Mean oko\u0142o 330 000 euro, a gazety \u201eThe Journal\u201d i \u201eIrish Examiner\u201d \u2013 po oko\u0142o 130 000 euro ka\u017cda. Programy te obejmowa\u0142y nie tylko gazety o zasi\u0119gu og\u00f3lnokrajowym, ale tak\u017ce mniejsze lokalne tytu\u0142y, takie jak \u201eConnacht Tribune\u201d, \u201eMayo News\u201d, \u201eThe Kerryman\u201d i \u201eWestmeath Examiner\u201d, a tak\u017ce szereg innych regionalnych medi\u00f3w o znaczeniu politycznym. Nale\u017cy zwr\u00f3ci\u0107 uwag\u0119 na znaczenie tych medi\u00f3w w kontek\u015bcie lokalnego przekazu informacyjnego w Irlandii, charakteryzuj\u0105cej si\u0119 silnym lokalnym charakterem \u015brodowiska wyborczego, gdzie regularna obecno\u015b\u0107 w takich gazetach jest prawdopodobnie bardziej widoczna dla wyborc\u00f3w ni\u017c wiadomo\u015bci og\u00f3lnokrajowe. W praktyce funkcjonuje to jako swego rodzaju kupowanie wp\u0142yw\u00f3w, dokonywane nie tylko przez rz\u0105d irlandzki, ale tak\u017ce przez pewien rodzaj lewicowego re\u017cimu politycznego, maskuj\u0105cego si\u0119 jako centrystyczny i g\u0142os rozs\u0105dku, pomimo rosn\u0105cej pogardy opinii publicznej wobec partii rz\u0105dz\u0105cych i lewicy politycznej. <\/p>\n<p>Najbardziej ra\u017c\u0105ce jest to, \u017ce organ regulacyjny ds. medi\u00f3w oraz rz\u0105d, kt\u00f3ry go powo\u0142a\u0142, nawet nie pr\u00f3bowali zatuszowa\u0107 swoich \u015blad\u00f3w. Coimisuin na Mean og\u0142osi\u0142 w tym roku, \u017ce og\u0142osi zaproszenie do sk\u0142adania wniosk\u00f3w w sprawie  <a href=\"https:\/\/www.rte.ie\/news\/business\/2026\/0310\/1562644-media-regulator-offers-funding-to-counter-disinformation\/\">fundusz<\/a>  kt\u00f3ra promowa\u0142a umiej\u0119tno\u015b\u0107 korzystania z medi\u00f3w w celu zwalczania dezinformacji w Internecie. Po raz kolejny ujawnia si\u0119 haniebna ideologiczna tendencja irlandzkiego systemu politycznego, w kt\u00f3rym niepochlebne artyku\u0142y prasowe lub reporta\u017ce sprzeczne z interesami rz\u0105du s\u0105 uznawane za dezinformacj\u0119. Aby zaradzi\u0107 rosn\u0105cej popularno\u015bci tego rodzaju reporta\u017cy i tre\u015bci medialnych w\u015br\u00f3d odbiorc\u00f3w, otwarcie wzywaj\u0105 do przedk\u0142adania plan\u00f3w reedukacji spo\u0142ecze\u0144stwa, sugeruj\u0105c, \u017ce rz\u0105d wie lepiej ni\u017c obywatele.<\/p>\n<p>&nbsp;<\/p>\n<p>W\u0142a\u015bnie z tych powod\u00f3w irlandzki krajobraz medialny ma wady strukturalne. Z jednej strony rz\u0105d przyznaje fundusze, a z drugiej cenzuruje media, kt\u00f3re sta\u0142y si\u0119 zale\u017cne finansowo lub ideologicznie podporz\u0105dkowane. Arogancja i poczucie w\u0142asnej wa\u017cno\u015bci zwi\u0105zane z takimi inicjatywami nie znaj\u0105 granic, a debata na temat cenzury w Irlandii toczy si\u0119 wr\u0119cz w imi\u0119 samej demokracji. Hipokryzja takich posuni\u0119\u0107 umyka irlandzkiej klasie politycznej, kt\u00f3ra rutynowo podwa\u017ca autorytet naszych instytucji pa\u0144stwowych i pozwala, by znalaz\u0142y si\u0119 one pod wp\u0142ywem karteli ideologicznych i spo\u0142ecznych.<\/p>\n<p>&nbsp;<\/p>\n<p>Wszelkie pr\u00f3by naprawy irlandzkiej administracji b\u0119d\u0105 wymaga\u0142y ca\u0142kowitej zmiany relacji pa\u0144stwa z mediami. Nale\u017cy natychmiast wstrzyma\u0107 wszelkie rz\u0105dowe dofinansowanie medi\u00f3w informacyjnych. Niezale\u017cne \u017ar\u00f3d\u0142a informacji powinny by\u0107 wynagradzane na podstawie ich rentowno\u015bci jako produktu lub us\u0142ugi, kt\u00f3r\u0105 spo\u0142ecze\u0144stwo faktycznie chce wspiera\u0107. W erze cyfrowej, w kt\u00f3rej media spo\u0142eczno\u015bciowe oferuj\u0105 te informacje za darmo na \u017c\u0105danie, cz\u0119sto z bardziej wnikliwymi komentarzami ni\u017c nawet kontrowersyjne gazety og\u00f3lnokrajowe, takie jak \u201eIrish Times\u201d.<\/p>\n","protected":false},"excerpt":{"rendered":"<p>Irlandzki krajobraz medialny pozostaje jednym z najbardziej podporz\u0105dkowanych politycznie rz\u0105dowi w ca\u0142ej Europie. Od dziedzictwa najsurowszych w Europie przepis\u00f3w dotycz\u0105cych znies\u0142awienia, kt\u00f3re ograniczaj\u0105 zakres publikacji irlandzkiej prasy, po przyznawanie rz\u0105dowych dotacji utrzymuj\u0105cych przy \u017cyciu nierentowne media \u2013 w rezultacie irlandzkie media s\u0105 bezkrytyczne i przekupione. Szereg innych czynnik\u00f3w, takich jak pa\u0144stwowe finansowanie prasy, lewicowe uprzedzenia [&hellip;]<\/p>\n","protected":false},"author":77,"featured_media":19699,"comment_status":"closed","ping_status":"closed","sticky":false,"template":"","format":"standard","meta":{"footnotes":""},"categories":[7],"tags":[],"editorial-positions":[],"regions":[],"types":[455],"class_list":["post-63040","post","type-post","status-publish","format-standard","has-post-thumbnail","hentry","category-bez-kategorii","types-opinion-pl"],"yoast_head":"<!-- This site is optimized with the Yoast SEO plugin v28.0 - https:\/\/yoast.com\/product\/yoast-seo-wordpress\/ -->\n<title>Stronnicze i pozbawione wolno\u015bci: krajobraz medi\u00f3w wspieranych przez pa\u0144stwo w Irlandii - The Conservative<\/title>\n<meta name=\"robots\" content=\"index, follow, max-snippet:-1, max-image-preview:large, max-video-preview:-1\" \/>\n<link rel=\"canonical\" href=\"https:\/\/www.theconservative.online\/pl\/stronnicze-i-pozbawione-wolnosci-krajobraz-mediow-wspieranych-przez-panstwo-w-irlandii\" \/>\n<meta property=\"og:locale\" content=\"pl_PL\" \/>\n<meta property=\"og:type\" content=\"article\" \/>\n<meta property=\"og:title\" content=\"Stronnicze i pozbawione wolno\u015bci: krajobraz medi\u00f3w wspieranych przez pa\u0144stwo w Irlandii - The Conservative\" \/>\n<meta property=\"og:description\" content=\"Irlandzki krajobraz medialny pozostaje jednym z najbardziej podporz\u0105dkowanych politycznie rz\u0105dowi w ca\u0142ej Europie. Od dziedzictwa najsurowszych w Europie przepis\u00f3w dotycz\u0105cych znies\u0142awienia, kt\u00f3re ograniczaj\u0105 zakres publikacji irlandzkiej prasy, po przyznawanie rz\u0105dowych dotacji utrzymuj\u0105cych przy \u017cyciu nierentowne media \u2013 w rezultacie irlandzkie media s\u0105 bezkrytyczne i przekupione. Szereg innych czynnik\u00f3w, takich jak pa\u0144stwowe finansowanie prasy, lewicowe uprzedzenia [&hellip;]\" \/>\n<meta property=\"og:url\" content=\"https:\/\/www.theconservative.online\/pl\/stronnicze-i-pozbawione-wolnosci-krajobraz-mediow-wspieranych-przez-panstwo-w-irlandii\" \/>\n<meta property=\"og:site_name\" content=\"The Conservative\" \/>\n<meta property=\"article:published_time\" content=\"2026-08-27T14:31:16+00:00\" \/>\n<meta property=\"og:image\" content=\"https:\/\/www.theconservative.online\/wp-content\/uploads\/2024\/02\/shutterstock_2256586921.jpg\" \/>\n\t<meta property=\"og:image:width\" content=\"1000\" \/>\n\t<meta property=\"og:image:height\" content=\"666\" \/>\n\t<meta property=\"og:image:type\" content=\"image\/jpeg\" \/>\n<meta name=\"author\" content=\"Martin Lynch\" \/>\n<meta name=\"twitter:card\" content=\"summary_large_image\" \/>\n<meta name=\"twitter:label1\" content=\"Napisane przez\" \/>\n\t<meta name=\"twitter:data1\" content=\"Martin Lynch\" \/>\n\t<meta name=\"twitter:label2\" content=\"Szacowany czas czytania\" \/>\n\t<meta name=\"twitter:data2\" content=\"7 minut\" \/>\n<script type=\"application\/ld+json\" class=\"yoast-schema-graph\">{\"@context\":\"https:\\\/\\\/schema.org\",\"@graph\":[{\"@type\":\"Article\",\"@id\":\"https:\\\/\\\/www.theconservative.online\\\/pl\\\/stronnicze-i-pozbawione-wolnosci-krajobraz-mediow-wspieranych-przez-panstwo-w-irlandii#article\",\"isPartOf\":{\"@id\":\"https:\\\/\\\/www.theconservative.online\\\/pl\\\/stronnicze-i-pozbawione-wolnosci-krajobraz-mediow-wspieranych-przez-panstwo-w-irlandii\"},\"author\":{\"name\":\"Martin Lynch\",\"@id\":\"https:\\\/\\\/www.theconservative.online\\\/pl#\\\/schema\\\/person\\\/15819aaa61073fbb539912aeb9df3dea\"},\"headline\":\"Stronnicze i pozbawione wolno\u015bci: krajobraz medi\u00f3w wspieranych przez pa\u0144stwo w Irlandii\",\"datePublished\":\"2026-08-27T14:31:16+00:00\",\"mainEntityOfPage\":{\"@id\":\"https:\\\/\\\/www.theconservative.online\\\/pl\\\/stronnicze-i-pozbawione-wolnosci-krajobraz-mediow-wspieranych-przez-panstwo-w-irlandii\"},\"wordCount\":1373,\"image\":{\"@id\":\"https:\\\/\\\/www.theconservative.online\\\/pl\\\/stronnicze-i-pozbawione-wolnosci-krajobraz-mediow-wspieranych-przez-panstwo-w-irlandii#primaryimage\"},\"thumbnailUrl\":\"https:\\\/\\\/www.theconservative.online\\\/wp-content\\\/uploads\\\/2024\\\/02\\\/shutterstock_2256586921.jpg\",\"inLanguage\":\"pl-PL\"},{\"@type\":\"WebPage\",\"@id\":\"https:\\\/\\\/www.theconservative.online\\\/pl\\\/stronnicze-i-pozbawione-wolnosci-krajobraz-mediow-wspieranych-przez-panstwo-w-irlandii\",\"url\":\"https:\\\/\\\/www.theconservative.online\\\/pl\\\/stronnicze-i-pozbawione-wolnosci-krajobraz-mediow-wspieranych-przez-panstwo-w-irlandii\",\"name\":\"Stronnicze i pozbawione wolno\u015bci: krajobraz medi\u00f3w wspieranych przez pa\u0144stwo w Irlandii - The Conservative\",\"isPartOf\":{\"@id\":\"https:\\\/\\\/www.theconservative.online\\\/pl#website\"},\"primaryImageOfPage\":{\"@id\":\"https:\\\/\\\/www.theconservative.online\\\/pl\\\/stronnicze-i-pozbawione-wolnosci-krajobraz-mediow-wspieranych-przez-panstwo-w-irlandii#primaryimage\"},\"image\":{\"@id\":\"https:\\\/\\\/www.theconservative.online\\\/pl\\\/stronnicze-i-pozbawione-wolnosci-krajobraz-mediow-wspieranych-przez-panstwo-w-irlandii#primaryimage\"},\"thumbnailUrl\":\"https:\\\/\\\/www.theconservative.online\\\/wp-content\\\/uploads\\\/2024\\\/02\\\/shutterstock_2256586921.jpg\",\"datePublished\":\"2026-08-27T14:31:16+00:00\",\"author\":{\"@id\":\"https:\\\/\\\/www.theconservative.online\\\/pl#\\\/schema\\\/person\\\/15819aaa61073fbb539912aeb9df3dea\"},\"breadcrumb\":{\"@id\":\"https:\\\/\\\/www.theconservative.online\\\/pl\\\/stronnicze-i-pozbawione-wolnosci-krajobraz-mediow-wspieranych-przez-panstwo-w-irlandii#breadcrumb\"},\"inLanguage\":\"pl-PL\",\"potentialAction\":[{\"@type\":\"ReadAction\",\"target\":[\"https:\\\/\\\/www.theconservative.online\\\/pl\\\/stronnicze-i-pozbawione-wolnosci-krajobraz-mediow-wspieranych-przez-panstwo-w-irlandii\"]}]},{\"@type\":\"ImageObject\",\"inLanguage\":\"pl-PL\",\"@id\":\"https:\\\/\\\/www.theconservative.online\\\/pl\\\/stronnicze-i-pozbawione-wolnosci-krajobraz-mediow-wspieranych-przez-panstwo-w-irlandii#primaryimage\",\"url\":\"https:\\\/\\\/www.theconservative.online\\\/wp-content\\\/uploads\\\/2024\\\/02\\\/shutterstock_2256586921.jpg\",\"contentUrl\":\"https:\\\/\\\/www.theconservative.online\\\/wp-content\\\/uploads\\\/2024\\\/02\\\/shutterstock_2256586921.jpg\",\"width\":1000,\"height\":666},{\"@type\":\"BreadcrumbList\",\"@id\":\"https:\\\/\\\/www.theconservative.online\\\/pl\\\/stronnicze-i-pozbawione-wolnosci-krajobraz-mediow-wspieranych-przez-panstwo-w-irlandii#breadcrumb\",\"itemListElement\":[{\"@type\":\"ListItem\",\"position\":1,\"name\":\"Home\",\"item\":\"https:\\\/\\\/www.theconservative.online\\\/pl\"},{\"@type\":\"ListItem\",\"position\":2,\"name\":\"Stronnicze i pozbawione wolno\u015bci: krajobraz medi\u00f3w wspieranych przez pa\u0144stwo w Irlandii\"}]},{\"@type\":\"WebSite\",\"@id\":\"https:\\\/\\\/www.theconservative.online\\\/pl#website\",\"url\":\"https:\\\/\\\/www.theconservative.online\\\/pl\",\"name\":\"The Conservative\",\"description\":\"\",\"potentialAction\":[{\"@type\":\"SearchAction\",\"target\":{\"@type\":\"EntryPoint\",\"urlTemplate\":\"https:\\\/\\\/www.theconservative.online\\\/pl?s={search_term_string}\"},\"query-input\":{\"@type\":\"PropertyValueSpecification\",\"valueRequired\":true,\"valueName\":\"search_term_string\"}}],\"inLanguage\":\"pl-PL\"},{\"@type\":\"Person\",\"@id\":\"https:\\\/\\\/www.theconservative.online\\\/pl#\\\/schema\\\/person\\\/15819aaa61073fbb539912aeb9df3dea\",\"name\":\"Martin Lynch\",\"image\":{\"@type\":\"ImageObject\",\"inLanguage\":\"pl-PL\",\"@id\":\"https:\\\/\\\/secure.gravatar.com\\\/avatar\\\/482c01848305673b38529f97155010aafc47cc0d1341b4b1147d1a6adaaab3db?s=96&d=mm&r=g\",\"url\":\"https:\\\/\\\/secure.gravatar.com\\\/avatar\\\/482c01848305673b38529f97155010aafc47cc0d1341b4b1147d1a6adaaab3db?s=96&d=mm&r=g\",\"contentUrl\":\"https:\\\/\\\/secure.gravatar.com\\\/avatar\\\/482c01848305673b38529f97155010aafc47cc0d1341b4b1147d1a6adaaab3db?s=96&d=mm&r=g\",\"caption\":\"Martin Lynch\"},\"url\":\"https:\\\/\\\/www.theconservative.online\\\/pl\\\/author\\\/stonebay-euspec-2025-26\"}]}<\/script>\n<!-- \/ Yoast SEO plugin. -->","yoast_head_json":{"title":"Stronnicze i pozbawione wolno\u015bci: krajobraz medi\u00f3w wspieranych przez pa\u0144stwo w Irlandii - The Conservative","robots":{"index":"index","follow":"follow","max-snippet":"max-snippet:-1","max-image-preview":"max-image-preview:large","max-video-preview":"max-video-preview:-1"},"canonical":"https:\/\/www.theconservative.online\/pl\/stronnicze-i-pozbawione-wolnosci-krajobraz-mediow-wspieranych-przez-panstwo-w-irlandii","og_locale":"pl_PL","og_type":"article","og_title":"Stronnicze i pozbawione wolno\u015bci: krajobraz medi\u00f3w wspieranych przez pa\u0144stwo w Irlandii - The Conservative","og_description":"Irlandzki krajobraz medialny pozostaje jednym z najbardziej podporz\u0105dkowanych politycznie rz\u0105dowi w ca\u0142ej Europie. Od dziedzictwa najsurowszych w Europie przepis\u00f3w dotycz\u0105cych znies\u0142awienia, kt\u00f3re ograniczaj\u0105 zakres publikacji irlandzkiej prasy, po przyznawanie rz\u0105dowych dotacji utrzymuj\u0105cych przy \u017cyciu nierentowne media \u2013 w rezultacie irlandzkie media s\u0105 bezkrytyczne i przekupione. Szereg innych czynnik\u00f3w, takich jak pa\u0144stwowe finansowanie prasy, lewicowe uprzedzenia [&hellip;]","og_url":"https:\/\/www.theconservative.online\/pl\/stronnicze-i-pozbawione-wolnosci-krajobraz-mediow-wspieranych-przez-panstwo-w-irlandii","og_site_name":"The Conservative","article_published_time":"2026-08-27T14:31:16+00:00","og_image":[{"width":1000,"height":666,"url":"https:\/\/www.theconservative.online\/wp-content\/uploads\/2024\/02\/shutterstock_2256586921.jpg","type":"image\/jpeg"}],"author":"Martin Lynch","twitter_card":"summary_large_image","twitter_misc":{"Napisane przez":"Martin Lynch","Szacowany czas czytania":"7 minut"},"schema":{"@context":"https:\/\/schema.org","@graph":[{"@type":"Article","@id":"https:\/\/www.theconservative.online\/pl\/stronnicze-i-pozbawione-wolnosci-krajobraz-mediow-wspieranych-przez-panstwo-w-irlandii#article","isPartOf":{"@id":"https:\/\/www.theconservative.online\/pl\/stronnicze-i-pozbawione-wolnosci-krajobraz-mediow-wspieranych-przez-panstwo-w-irlandii"},"author":{"name":"Martin Lynch","@id":"https:\/\/www.theconservative.online\/pl#\/schema\/person\/15819aaa61073fbb539912aeb9df3dea"},"headline":"Stronnicze i pozbawione wolno\u015bci: krajobraz medi\u00f3w wspieranych przez pa\u0144stwo w Irlandii","datePublished":"2026-08-27T14:31:16+00:00","mainEntityOfPage":{"@id":"https:\/\/www.theconservative.online\/pl\/stronnicze-i-pozbawione-wolnosci-krajobraz-mediow-wspieranych-przez-panstwo-w-irlandii"},"wordCount":1373,"image":{"@id":"https:\/\/www.theconservative.online\/pl\/stronnicze-i-pozbawione-wolnosci-krajobraz-mediow-wspieranych-przez-panstwo-w-irlandii#primaryimage"},"thumbnailUrl":"https:\/\/www.theconservative.online\/wp-content\/uploads\/2024\/02\/shutterstock_2256586921.jpg","inLanguage":"pl-PL"},{"@type":"WebPage","@id":"https:\/\/www.theconservative.online\/pl\/stronnicze-i-pozbawione-wolnosci-krajobraz-mediow-wspieranych-przez-panstwo-w-irlandii","url":"https:\/\/www.theconservative.online\/pl\/stronnicze-i-pozbawione-wolnosci-krajobraz-mediow-wspieranych-przez-panstwo-w-irlandii","name":"Stronnicze i pozbawione wolno\u015bci: krajobraz medi\u00f3w wspieranych przez pa\u0144stwo w Irlandii - The Conservative","isPartOf":{"@id":"https:\/\/www.theconservative.online\/pl#website"},"primaryImageOfPage":{"@id":"https:\/\/www.theconservative.online\/pl\/stronnicze-i-pozbawione-wolnosci-krajobraz-mediow-wspieranych-przez-panstwo-w-irlandii#primaryimage"},"image":{"@id":"https:\/\/www.theconservative.online\/pl\/stronnicze-i-pozbawione-wolnosci-krajobraz-mediow-wspieranych-przez-panstwo-w-irlandii#primaryimage"},"thumbnailUrl":"https:\/\/www.theconservative.online\/wp-content\/uploads\/2024\/02\/shutterstock_2256586921.jpg","datePublished":"2026-08-27T14:31:16+00:00","author":{"@id":"https:\/\/www.theconservative.online\/pl#\/schema\/person\/15819aaa61073fbb539912aeb9df3dea"},"breadcrumb":{"@id":"https:\/\/www.theconservative.online\/pl\/stronnicze-i-pozbawione-wolnosci-krajobraz-mediow-wspieranych-przez-panstwo-w-irlandii#breadcrumb"},"inLanguage":"pl-PL","potentialAction":[{"@type":"ReadAction","target":["https:\/\/www.theconservative.online\/pl\/stronnicze-i-pozbawione-wolnosci-krajobraz-mediow-wspieranych-przez-panstwo-w-irlandii"]}]},{"@type":"ImageObject","inLanguage":"pl-PL","@id":"https:\/\/www.theconservative.online\/pl\/stronnicze-i-pozbawione-wolnosci-krajobraz-mediow-wspieranych-przez-panstwo-w-irlandii#primaryimage","url":"https:\/\/www.theconservative.online\/wp-content\/uploads\/2024\/02\/shutterstock_2256586921.jpg","contentUrl":"https:\/\/www.theconservative.online\/wp-content\/uploads\/2024\/02\/shutterstock_2256586921.jpg","width":1000,"height":666},{"@type":"BreadcrumbList","@id":"https:\/\/www.theconservative.online\/pl\/stronnicze-i-pozbawione-wolnosci-krajobraz-mediow-wspieranych-przez-panstwo-w-irlandii#breadcrumb","itemListElement":[{"@type":"ListItem","position":1,"name":"Home","item":"https:\/\/www.theconservative.online\/pl"},{"@type":"ListItem","position":2,"name":"Stronnicze i pozbawione wolno\u015bci: krajobraz medi\u00f3w wspieranych przez pa\u0144stwo w Irlandii"}]},{"@type":"WebSite","@id":"https:\/\/www.theconservative.online\/pl#website","url":"https:\/\/www.theconservative.online\/pl","name":"The Conservative","description":"","potentialAction":[{"@type":"SearchAction","target":{"@type":"EntryPoint","urlTemplate":"https:\/\/www.theconservative.online\/pl?s={search_term_string}"},"query-input":{"@type":"PropertyValueSpecification","valueRequired":true,"valueName":"search_term_string"}}],"inLanguage":"pl-PL"},{"@type":"Person","@id":"https:\/\/www.theconservative.online\/pl#\/schema\/person\/15819aaa61073fbb539912aeb9df3dea","name":"Martin Lynch","image":{"@type":"ImageObject","inLanguage":"pl-PL","@id":"https:\/\/secure.gravatar.com\/avatar\/482c01848305673b38529f97155010aafc47cc0d1341b4b1147d1a6adaaab3db?s=96&d=mm&r=g","url":"https:\/\/secure.gravatar.com\/avatar\/482c01848305673b38529f97155010aafc47cc0d1341b4b1147d1a6adaaab3db?s=96&d=mm&r=g","contentUrl":"https:\/\/secure.gravatar.com\/avatar\/482c01848305673b38529f97155010aafc47cc0d1341b4b1147d1a6adaaab3db?s=96&d=mm&r=g","caption":"Martin Lynch"},"url":"https:\/\/www.theconservative.online\/pl\/author\/stonebay-euspec-2025-26"}]}},"acf":[],"_links":{"self":[{"href":"https:\/\/www.theconservative.online\/pl\/wp-json\/wp\/v2\/posts\/63040","targetHints":{"allow":["GET"]}}],"collection":[{"href":"https:\/\/www.theconservative.online\/pl\/wp-json\/wp\/v2\/posts"}],"about":[{"href":"https:\/\/www.theconservative.online\/pl\/wp-json\/wp\/v2\/types\/post"}],"author":[{"embeddable":true,"href":"https:\/\/www.theconservative.online\/pl\/wp-json\/wp\/v2\/users\/77"}],"replies":[{"embeddable":true,"href":"https:\/\/www.theconservative.online\/pl\/wp-json\/wp\/v2\/comments?post=63040"}],"version-history":[{"count":0,"href":"https:\/\/www.theconservative.online\/pl\/wp-json\/wp\/v2\/posts\/63040\/revisions"}],"wp:featuredmedia":[{"embeddable":true,"href":"https:\/\/www.theconservative.online\/pl\/wp-json\/wp\/v2\/media\/19699"}],"wp:attachment":[{"href":"https:\/\/www.theconservative.online\/pl\/wp-json\/wp\/v2\/media?parent=63040"}],"wp:term":[{"taxonomy":"category","embeddable":true,"href":"https:\/\/www.theconservative.online\/pl\/wp-json\/wp\/v2\/categories?post=63040"},{"taxonomy":"post_tag","embeddable":true,"href":"https:\/\/www.theconservative.online\/pl\/wp-json\/wp\/v2\/tags?post=63040"},{"taxonomy":"editorial-positions","embeddable":true,"href":"https:\/\/www.theconservative.online\/pl\/wp-json\/wp\/v2\/editorial-positions?post=63040"},{"taxonomy":"regions","embeddable":true,"href":"https:\/\/www.theconservative.online\/pl\/wp-json\/wp\/v2\/regions?post=63040"},{"taxonomy":"types","embeddable":true,"href":"https:\/\/www.theconservative.online\/pl\/wp-json\/wp\/v2\/types?post=63040"}],"curies":[{"name":"wp","href":"https:\/\/api.w.org\/{rel}","templated":true}]}}