{"id":62925,"date":"2026-08-31T13:57:52","date_gmt":"2026-08-31T13:57:52","guid":{"rendered":"https:\/\/www.theconservative.online\/nu-ul-islandei-si-europa-natiunilor"},"modified":"2026-08-31T13:57:52","modified_gmt":"2026-08-31T13:57:52","slug":"nu-ul-islandei-si-europa-natiunilor","status":"publish","type":"post","link":"https:\/\/www.theconservative.online\/ro\/nu-ul-islandei-si-europa-natiunilor","title":{"rendered":"\u201eNu\u201d-ul Islandei \u0219i Europa Na\u021biunilor"},"content":{"rendered":"<p><em>Prin respingerea relu\u0103rii negocierilor de aderare la UE, islandezii \u0219i-au ap\u0103rat controlul asupra resurselor lor \u0219i au sus\u021binut o form\u0103 de cooperare european\u0103 care men\u021bine autoritatea democratic\u0103 mai aproape de cas\u0103.<\/em><\/p>\n<p>Bruxelles \u00ee\u0219i permisese s\u0103 spere c\u0103 Islanda ar putea deveni cea mai u\u0219oar\u0103 reu\u0219it\u0103 a Uniunii Europene \u00een materie de extindere. \u021aara este bogat\u0103, democratic\u0103 \u0219i deja integrat\u0103 \u00een mare parte \u00een ordinea comercial\u0103 \u0219i juridic\u0103 a Europei. Cu toate acestea, pe 29 august, islandezii au refuzat chiar \u0219i redeschiderea negocierilor de aderare abandonate cu mai bine de un deceniu \u00een urm\u0103. <a href=\"https:\/\/www.internazionale.it\/ultime-notizie-reuters\/2026\/08\/30\/iceland-votes-on-whether-to-start-eu-membership-talks\">Rezultatul final<\/a> a fost de 52,8% pentru \u201eNu\u201d \u0219i 47,2% pentru \u201eDa\u201d, la o rat\u0103 de participare de 82,5%. Aceast\u0103 participare neobi\u0219nuit de ridicat\u0103 confer\u0103 deciziei o greutate democratic\u0103 pe care marja str\u00e2ns\u0103 a voturilor nu o diminueaz\u0103.<\/p><div class='related_content'><span>RELATED<\/span><ul><li><a href='https:\/\/www.theconservative.online\/ro\/cateva-reflectii-in-urma-discursului-comisarului-pentru-extindere-tinut-la-zagreb'>C\u00e2teva reflec\u021bii \u00een urma discursului comisarului pentru extindere \u021binut la Zagreb<\/li><\/a><li><a href='https:\/\/www.theconservative.online\/ro\/de-ce-islanda-a-respins-aderarea-la-ue'>De ce Islanda a respins aderarea la UE<\/li><\/a><li><a href='https:\/\/www.theconservative.online\/ro\/reorientarea-industriala-a-europei-pune-in-prim-plan-china-energia-si-investitiile'>Reorientarea industrial\u0103 a Europei pune \u00een prim-plan China, energia \u0219i investi\u021biile<\/li><\/a><\/ul><\/div>\n<p>Formularea conteaz\u0103. Islanda nu a votat asupra unui tratat de aderare finalizat \u0219i nici nu a votat pentru a-\u0219i rupe leg\u0103turile cu continentul. \u00centrebarea consultativ\u0103 se referea la faptul dac\u0103 guvernul ar trebui s\u0103 reia negocierile de aderare. Un \u201eDa\u201d ar fi dus doar la deschiderea negocierilor, cu promisiunea unui alt referendum \u00eenainte ca aderarea s\u0103 poat\u0103 intra \u00een vigoare. Electoratul a respins chiar \u0219i acest mandat preliminar. Acesta nu a fost un vot \u00eempotriva Europei; a fost un refuz de a accepta c\u0103 o cooperare european\u0103 mai str\u00e2ns\u0103 trebuie s\u0103 conduc\u0103, mai devreme sau mai t\u00e2rziu, la aderarea politic\u0103 la Uniune.<\/p>\n<p>Guvernul de centru-st\u00e2nga a \u00eencercat s\u0103-\u0219i sus\u021bin\u0103 cauza \u00eentr-un context neobi\u0219nuit de favorabil. Pr\u0103bu\u0219irea vechilor ipoteze comerciale, tensiunile din Arctica \u0219i interesul repetat al pre\u0219edintelui Donald Trump pentru achizi\u021bionarea vecinei Groenlandii au fost prezentate ca motive pentru a c\u0103uta protec\u021bie \u00een cadrul unui bloc politic mai mare. Sus\u021bin\u0103torii au sus\u021binut, de asemenea, c\u0103 o eventual\u0103 aderare la zona euro ar putea atenua ratele ridicate ale dob\u00e2nzilor \u0219i presiunile legate de costul vie\u021bii din Islanda. O perioad\u0103, sondajele au sugerat c\u0103 ar putea prevala un \u201eda\u201d prudent \u00een favoarea negocierilor. \u00cen schimb, aleg\u0103torii au f\u0103cut distinc\u021bia \u00eentre problemele reale cu care se confrunt\u0103 \u021bara lor \u0219i solu\u021bia institu\u021bional\u0103 propus\u0103 de guvern.<\/p>\n<p>Harta votului dezv\u0103luie doar o parte a pove\u0219tii. Doar cele dou\u0103 circumscrip\u021bii centrale din Reykjav\u00edk au sus\u021binut reluarea negocierilor; suburbiile capitalei \u0219i restul \u021b\u0103rii au votat \u201eNu\u201d. Aceast\u0103 diviziune nu ar trebui redus\u0103 la vechiul obicei al metropolei de a considera pruden\u021ba rural\u0103 drept ignoran\u021b\u0103. \u00cen afara capitalei, costurile transferului autorit\u0103\u021bii asupra terenurilor, produc\u021biei alimentare \u0219i resurselor marine sunt mai pu\u021bin teoretice. Comunit\u0103\u021bile construite \u00een jurul acestor sectoare \u0219tiu exact ce decizii ar fi supuse negocierilor la Bruxelles \u0219i ce garan\u021bii na\u021bionale ar putea deveni excep\u021bii temporare.<\/p>\n<p>Pescuitul a avut un rol decisiv, deoarece nu este nici o pies\u0103 de muzeu, nici un simbol de campanie. Sectorul contribuie cu aproximativ 15% la produc\u021bia islandez\u0103, dac\u0103 se includ activit\u0103\u021bile directe \u0219i indirecte, \u0219i cu aproximativ 40% la veniturile din exporturi. Controlul asupra zonelor de pescuit a fost c\u00e2\u0219tigat \u00een urma unui conflict politic dur \u00een timpul \u201eR\u0103zboaielor codului\u201d \u0219i r\u0103m\u00e2ne str\u00e2ns legat de concep\u021bia \u021b\u0103rii despre independen\u021b\u0103. Politica comun\u0103 \u00een domeniul pescuitului a Uniunii Europene ar putea oferi o flexibilitate negociabil\u0103, a\u0219a cum au sus\u021binut sus\u021bin\u0103torii acesteia. Islandezii aveau dreptul s\u0103 \u00eentrebe ce s-ar \u00eent\u00e2mpla dup\u0103 ce aceast\u0103 flexibilitate s-ar confrunta cu o viitoare majoritate calificat\u0103, o nou\u0103 Comisie sau preten\u021bii concurente din partea statelor membre mai mari.<\/p>\n<p>Liderul opozi\u021biei, Gu\u00f0r\u00fan Hafsteinsd\u00f3ttir, a prezentat argumentul economic cu o franche\u021be util\u0103 \u00een timpul campaniei: problemele interne ale Islandei trebuie rezolvate de politicienii islandezi, nu sunt sarcini care s\u0103 fie externalizate c\u0103tre Bruxelles. A fost mai mult dec\u00e2t un simplu slogan. Aderarea poate modifica cadrul \u00een care ac\u021bioneaz\u0103 guvernele, dar nu poate exonera liderii na\u021bionali de responsabilitatea pentru locuin\u021be, infla\u021bie, productivitate sau cheltuieli publice. Promisiunea c\u0103 euro ar disciplina politica islandez\u0103 a fost, de asemenea, o recunoa\u0219tere a faptului c\u0103 \u021bara ar renun\u021ba la rata de schimb \u0219i la instrumentele monetare cu care a r\u0103spuns la \u0219ocurile anterioare. Aleg\u0103torilor li s-a oferit un compromis, nu o modernizare f\u0103r\u0103 costuri.<\/p>\n<p>Islanda a putut face aceast\u0103 alegere deoarece dispune deja de un acord european func\u021bional, chiar dac\u0103 imperfect. Prin intermediul <a href=\"https:\/\/www.efta.int\/eea-relations-eu\/qa-about-eea-agreement\">Spa\u021biului Economic European<\/a>, \u00een vigoare din 1994, Islanda particip\u0103 la pia\u021ba unic\u0103 al\u0103turi de Norvegia \u0219i Liechtenstein. M\u0103rfurile, serviciile, capitalul \u0219i persoanele circul\u0103 \u00een conformitate cu norme comune. Islanda face parte, de asemenea, din spa\u021biul Schengen \u0219i r\u0103m\u00e2ne membr\u0103 a Asocia\u021biei Europene a Liberului Schimb. SEE nu acoper\u0103 politicile comune ale UE \u00een domeniul agriculturii \u0219i pescuitului, uniunea vamal\u0103, politica comercial\u0103 comun\u0103 sau uniunea economic\u0103 \u0219i monetar\u0103. Aceste excluderi las\u0103 loc pentru op\u021biuni na\u021bionale tocmai \u00een domeniile pe care aleg\u0103torii islandezi le consider\u0103 cele mai importante.<\/p>\n<p>Acest acord prezint\u0103 o adev\u0103rat\u0103 sl\u0103biciune. Islanda adopt\u0103 un volum considerabil de legisla\u021bie privind pia\u021ba unic\u0103 f\u0103r\u0103 a de\u021bine locuri sau drept de vot \u00een Parlamentul European \u0219i \u00een Consiliul Uniunii Europene. Statele membre ale SEE pot contribui la elaborarea propunerilor \u00eentr-o etap\u0103 timpurie, dar nu particip\u0103 la deciziile finale oficiale ale Uniunii. Sus\u021bin\u0103torii ader\u0103rii au avut dreptate s\u0103 sublinieze acest deficit democratic. Totu\u0219i, r\u0103spunsul depinde de ceea ce pre\u021buie\u0219te mai mult o \u021bar\u0103: dreptul de vot \u00een cadrul institu\u021biilor care exercit\u0103 competen\u021be mai ample sau capacitatea de a p\u0103stra anumite competen\u021be \u00een afara acestor institu\u021bii. S\u00e2mb\u0103t\u0103, o majoritate a preferat cel de-al doilea echilibru. Prim-ministrul Kristr\u00fan Frostad\u00f3ttir a luat act de acest mesaj, afirm\u00e2nd c\u0103 o lec\u021bie important\u0103 este aceea c\u0103 oamenii sunt mul\u021bumi\u021bi de SEE.<\/p>\n<p>Unii federali\u0219ti vor r\u0103spunde c\u0103 SEE permite Islandei s\u0103 beneficieze de acces pe pia\u021b\u0103, evit\u00e2nd \u00een acela\u0219i timp responsabilit\u0103\u021bile care decurg din calitatea de membru. Aceast\u0103 critic\u0103 are valoare doar dac\u0103 fiecare beneficiu al cooper\u0103rii economice trebuie ob\u021binut \u00een schimbul integr\u0103rii politice. Islanda contribuie financiar la programele relevante, accept\u0103 supravegherea din partea institu\u021biilor AELS \u0219i transpune un volum substan\u021bial de legisla\u021bie privind pia\u021ba unic\u0103. Acest aranjament nu este gratuit \u0219i nu reprezint\u0103 o izolare suveran\u0103. Este o \u00eemp\u0103r\u021bire negociat\u0103 a responsabilit\u0103\u021bilor. Faptul c\u0103 Uniunea accept\u0103 un astfel de acord arat\u0103 c\u0103 Europa dispune deja de mai multe arhitecturi constitu\u021bionale. Referendumul a pus \u00eentrebarea dac\u0103 islandezii doreau s\u0103-\u0219i schimbe propria arhitectur\u0103 constitu\u021bional\u0103 cu alta. Ei au r\u0103spuns c\u0103 nu.<\/p>\n<p>Securitatea nu a infirmat aceast\u0103 evaluare. Islanda este membru fondator al NATO, nu dispune de o armat\u0103 permanent\u0103 \u0219i se bazeaz\u0103 \u00een mare m\u0103sur\u0103 pe rela\u021biile sale de ap\u0103rare cu Statele Unite. Pozi\u021bia sa geografic\u0103 a c\u0103p\u0103tat o importan\u021b\u0103 sporit\u0103 pe m\u0103sur\u0103 ce Atlanticul de Nord \u0219i Arctica revin \u00een centrul competi\u021biei dintre marile puteri. Aceste realit\u0103\u021bi impun investi\u021bii mai serioase \u00een rezilien\u021ba na\u021bional\u0103, \u00een porturi, \u00een supraveghere \u0219i \u00een accesul alia\u021bilor. Ele nu demonstreaz\u0103 \u00eens\u0103 c\u0103 aderarea la UE ar oferi o garan\u021bie de securitate alternativ\u0103. Guvernul a cerut aleg\u0103torilor s\u0103 considere \u00eengrijor\u0103rile geopolitice drept un argument \u00een favoarea negocierilor de aderare; electoratul a refuzat s\u0103 amestece dou\u0103 chestiuni distincte \u00eentr-una singur\u0103.<\/p>\n<p>Pentru Bruxelles, rezultatul reprezint\u0103 mai mult dec\u00e2t o oportunitate ratat\u0103 de rela\u021bii publice. Islanda nu ar fi necesitat niciuna dintre reformele institu\u021bionale cerute multor candida\u021bi actuali. Aderarea sa ar fi putut fi prezentat\u0103 ca dovad\u0103 c\u0103 extinderea continu\u0103 s\u0103 atrag\u0103 democra\u021bii prospere \u0219i consolidate chiar \u0219i dup\u0103 Brexit. \u00cens\u0103 extinderea nu poate fi justificat\u0103 doar prin preg\u0103tirea administrativ\u0103 a unui candidat. Ea necesit\u0103, de asemenea, consim\u021b\u0103m\u00e2ntul durabil al cet\u0103\u021benilor de la care se a\u0219teapt\u0103 s\u0103 transfere competen\u021be. Dac\u0103 acest consim\u021b\u0103m\u00e2nt lipse\u0219te chiar \u0219i \u00een cazul unui partener apropiat, r\u0103spunsul adecvat nu este acela de a patologiza aleg\u0103torii, ci de a ne \u00eentreba de ce oferta Uniunii nu a dep\u0103\u0219it valoarea statu-quo-ului.<\/p>\n<p>Prima reac\u021bie a UE a fost una re\u021binut\u0103, a\u0219a cum se cuvine. Pre\u0219edintele Consiliului European, Ant\u00f3nio Costa, i-a transmis doamnei Frostad\u00f3ttir c\u0103 Uniunea <a href=\"https:\/\/www.euronews.com\/my-europe\/2026\/08\/30\/a-close-partner-eu-offers-muted-reaction-after-iceland-rebuffs-accession-talks\">respect\u0103 pe deplin alegerea democratic\u0103<\/a>, \u00een timp ce un purt\u0103tor de cuv\u00e2nt a descris Islanda drept unul dintre cei mai apropia\u021bi \u0219i de \u00eencredere parteneri ai s\u0103i. Acest limbaj ar trebui s\u0103 devin\u0103 politic\u0103. O ordine european\u0103 matur\u0103 trebuie s\u0103 fie capabil\u0103 s\u0103 men\u021bin\u0103 rela\u021bii solide cu \u021b\u0103rile care opteaz\u0103 pentru diferite grade de integrare. Parteneriatul nu ar trebui tratat ca o sal\u0103 de a\u0219teptare \u00een care se a\u0219teapt\u0103 ca fiecare democra\u021bie european\u0103 de succes s\u0103 solicite, \u00een cele din urm\u0103, aderarea cu drepturi depline.<\/p>\n<p>\u00cen spatele deciziei islandeze se afl\u0103 o viziune european\u0103 conservatoare. <a href=\"https:\/\/ecrparty.eu\/about-us\/\">Declara\u021bia de la Reykjav\u00edk<\/a> vorbe\u0219te despre o Europ\u0103 a na\u021biunilor independente care colaboreaz\u0103 \u00een beneficiul reciproc, p\u0103str\u00e2ndu-\u0219i \u00een acela\u0219i timp identitatea \u0219i integritatea. De asemenea, aceasta afirm\u0103 egalitatea democra\u021biilor europene, indiferent de asocia\u021biile interna\u021bionale la care ader\u0103, \u0219i sus\u021bine exercitarea puterii la cel mai mic nivel posibil. Aceste principii nu presupun ostilitate fa\u021b\u0103 de UE. Ele impun ca Uniunea s\u0103 r\u0103m\u00e2n\u0103 un mijloc de cooperare, supus consim\u021b\u0103m\u00e2ntului democratic, \u0219i nu singurul criteriu al legitimit\u0103\u021bii europene a unei \u021b\u0103ri.<\/p>\n<p>Actualul acord al Islandei va continua s\u0103 fie subiect de dezbatere, a\u0219a cum este \u0219i normal. SEE impune reguli, dar \u0219i deschide pie\u021bele, iar dezbaterea privind politica monetar\u0103 nu va disp\u0103rea. Nici o majoritate de 52,8% nu ar trebui confundat\u0103 cu o solu\u021bie permanent\u0103 \u00eentr-o \u021bar\u0103 divizat\u0103. Cu toate acestea, s-a l\u0103murit o chestiune pentru mandatul acestui guvern: cooperarea cu Europa nu creeaz\u0103 obliga\u021bia de a adera la Uniune. Bruxelles ar face bine s\u0103 accepte aceast\u0103 distinc\u021bie. O Europ\u0103 suficient de \u00eencrez\u0103toare pentru a accepta mai multe forme de apartenen\u021b\u0103 va fi mai puternic\u0103 dec\u00e2t una care recunoa\u0219te aderarea ca singura destina\u021bie respectabil\u0103.<\/p>\n<\/p>","protected":false},"excerpt":{"rendered":"<p>Prin respingerea relu\u0103rii negocierilor de aderare la UE, islandezii \u0219i-au ap\u0103rat controlul asupra resurselor lor \u0219i au sus\u021binut o form\u0103 de cooperare european\u0103 care men\u021bine autoritatea democratic\u0103 mai aproape de cas\u0103. Bruxelles \u00ee\u0219i permisese s\u0103 spere c\u0103 Islanda ar putea deveni cea mai u\u0219oar\u0103 reu\u0219it\u0103 a Uniunii Europene \u00een materie de extindere. \u021aara este bogat\u0103, [&hellip;]<\/p>\n","protected":false},"author":81,"featured_media":62841,"comment_status":"closed","ping_status":"closed","sticky":false,"template":"","format":"standard","meta":{"footnotes":""},"categories":[1464,263,160],"tags":[3388,599,3483,72,2706],"editorial-positions":[42],"regions":[346],"types":[456],"class_list":["post-62925","post","type-post","status-publish","format-standard","has-post-thumbnail","hentry","category-construirea-unei-europe-conservatoare","category-legal-ro","category-politica","tag-european-economic-area","tag-european-union","tag-fisheries-policy","tag-iceland","tag-national-sovereignty","editorial-positions-focus","regions-northern-europe-ro","types-opinion-ro"],"yoast_head":"<!-- This site is optimized with the Yoast SEO plugin v28.0 - https:\/\/yoast.com\/product\/yoast-seo-wordpress\/ -->\n<title>\u201eNu\u201d-ul Islandei \u0219i Europa Na\u021biunilor - The Conservative<\/title>\n<meta name=\"robots\" content=\"index, follow, max-snippet:-1, max-image-preview:large, max-video-preview:-1\" \/>\n<link rel=\"canonical\" href=\"https:\/\/www.theconservative.online\/ro\/nu-ul-islandei-si-europa-natiunilor\" \/>\n<meta property=\"og:locale\" content=\"ro_RO\" \/>\n<meta property=\"og:type\" content=\"article\" \/>\n<meta property=\"og:title\" content=\"\u201eNu\u201d-ul Islandei \u0219i Europa Na\u021biunilor - The Conservative\" \/>\n<meta property=\"og:description\" content=\"Prin respingerea relu\u0103rii negocierilor de aderare la UE, islandezii \u0219i-au ap\u0103rat controlul asupra resurselor lor \u0219i au sus\u021binut o form\u0103 de cooperare european\u0103 care men\u021bine autoritatea democratic\u0103 mai aproape de cas\u0103. Bruxelles \u00ee\u0219i permisese s\u0103 spere c\u0103 Islanda ar putea deveni cea mai u\u0219oar\u0103 reu\u0219it\u0103 a Uniunii Europene \u00een materie de extindere. \u021aara este bogat\u0103, [&hellip;]\" \/>\n<meta property=\"og:url\" content=\"https:\/\/www.theconservative.online\/ro\/nu-ul-islandei-si-europa-natiunilor\" \/>\n<meta property=\"og:site_name\" content=\"The Conservative\" \/>\n<meta property=\"article:published_time\" content=\"2026-08-31T13:57:52+00:00\" \/>\n<meta property=\"og:image\" content=\"https:\/\/www.theconservative.online\/wp-content\/uploads\/2026\/08\/shutterstock_2575159489.jpg\" \/>\n\t<meta property=\"og:image:width\" content=\"1000\" \/>\n\t<meta property=\"og:image:height\" content=\"667\" \/>\n\t<meta property=\"og:image:type\" content=\"image\/jpeg\" \/>\n<meta name=\"author\" content=\"Ulderico de Laurentiis\" \/>\n<meta name=\"twitter:card\" content=\"summary_large_image\" \/>\n<meta name=\"twitter:label1\" content=\"Scris de\" \/>\n\t<meta name=\"twitter:data1\" content=\"Ulderico de Laurentiis\" \/>\n\t<meta name=\"twitter:label2\" content=\"Timp estimat pentru citire\" \/>\n\t<meta name=\"twitter:data2\" content=\"9 minute\" \/>\n<script type=\"application\/ld+json\" class=\"yoast-schema-graph\">{\"@context\":\"https:\\\/\\\/schema.org\",\"@graph\":[{\"@type\":\"Article\",\"@id\":\"https:\\\/\\\/www.theconservative.online\\\/ro\\\/nu-ul-islandei-si-europa-natiunilor#article\",\"isPartOf\":{\"@id\":\"https:\\\/\\\/www.theconservative.online\\\/ro\\\/nu-ul-islandei-si-europa-natiunilor\"},\"author\":{\"name\":\"Ulderico de Laurentiis\",\"@id\":\"https:\\\/\\\/www.theconservative.online\\\/ro#\\\/schema\\\/person\\\/52a2ddf2ed90ed779b2354583416c4bb\"},\"headline\":\"\u201eNu\u201d-ul Islandei \u0219i Europa Na\u021biunilor\",\"datePublished\":\"2026-08-31T13:57:52+00:00\",\"mainEntityOfPage\":{\"@id\":\"https:\\\/\\\/www.theconservative.online\\\/ro\\\/nu-ul-islandei-si-europa-natiunilor\"},\"wordCount\":1741,\"image\":{\"@id\":\"https:\\\/\\\/www.theconservative.online\\\/ro\\\/nu-ul-islandei-si-europa-natiunilor#primaryimage\"},\"thumbnailUrl\":\"https:\\\/\\\/www.theconservative.online\\\/wp-content\\\/uploads\\\/2026\\\/08\\\/shutterstock_2575159489.jpg\",\"keywords\":[\"European Economic Area\",\"European Union\",\"Fisheries Policy\",\"Iceland\",\"National Sovereignty\"],\"articleSection\":[\"Construirea unei Europe conservatoare\",\"Legal\",\"Politic\u0103\"],\"inLanguage\":\"ro-RO\"},{\"@type\":\"WebPage\",\"@id\":\"https:\\\/\\\/www.theconservative.online\\\/ro\\\/nu-ul-islandei-si-europa-natiunilor\",\"url\":\"https:\\\/\\\/www.theconservative.online\\\/ro\\\/nu-ul-islandei-si-europa-natiunilor\",\"name\":\"\u201eNu\u201d-ul Islandei \u0219i Europa Na\u021biunilor - The Conservative\",\"isPartOf\":{\"@id\":\"https:\\\/\\\/www.theconservative.online\\\/ro#website\"},\"primaryImageOfPage\":{\"@id\":\"https:\\\/\\\/www.theconservative.online\\\/ro\\\/nu-ul-islandei-si-europa-natiunilor#primaryimage\"},\"image\":{\"@id\":\"https:\\\/\\\/www.theconservative.online\\\/ro\\\/nu-ul-islandei-si-europa-natiunilor#primaryimage\"},\"thumbnailUrl\":\"https:\\\/\\\/www.theconservative.online\\\/wp-content\\\/uploads\\\/2026\\\/08\\\/shutterstock_2575159489.jpg\",\"datePublished\":\"2026-08-31T13:57:52+00:00\",\"author\":{\"@id\":\"https:\\\/\\\/www.theconservative.online\\\/ro#\\\/schema\\\/person\\\/52a2ddf2ed90ed779b2354583416c4bb\"},\"breadcrumb\":{\"@id\":\"https:\\\/\\\/www.theconservative.online\\\/ro\\\/nu-ul-islandei-si-europa-natiunilor#breadcrumb\"},\"inLanguage\":\"ro-RO\",\"potentialAction\":[{\"@type\":\"ReadAction\",\"target\":[\"https:\\\/\\\/www.theconservative.online\\\/ro\\\/nu-ul-islandei-si-europa-natiunilor\"]}]},{\"@type\":\"ImageObject\",\"inLanguage\":\"ro-RO\",\"@id\":\"https:\\\/\\\/www.theconservative.online\\\/ro\\\/nu-ul-islandei-si-europa-natiunilor#primaryimage\",\"url\":\"https:\\\/\\\/www.theconservative.online\\\/wp-content\\\/uploads\\\/2026\\\/08\\\/shutterstock_2575159489.jpg\",\"contentUrl\":\"https:\\\/\\\/www.theconservative.online\\\/wp-content\\\/uploads\\\/2026\\\/08\\\/shutterstock_2575159489.jpg\",\"width\":1000,\"height\":667},{\"@type\":\"BreadcrumbList\",\"@id\":\"https:\\\/\\\/www.theconservative.online\\\/ro\\\/nu-ul-islandei-si-europa-natiunilor#breadcrumb\",\"itemListElement\":[{\"@type\":\"ListItem\",\"position\":1,\"name\":\"Home\",\"item\":\"https:\\\/\\\/www.theconservative.online\\\/ro\"},{\"@type\":\"ListItem\",\"position\":2,\"name\":\"\u201eNu\u201d-ul Islandei \u0219i Europa Na\u021biunilor\"}]},{\"@type\":\"WebSite\",\"@id\":\"https:\\\/\\\/www.theconservative.online\\\/ro#website\",\"url\":\"https:\\\/\\\/www.theconservative.online\\\/ro\",\"name\":\"The Conservative\",\"description\":\"\",\"potentialAction\":[{\"@type\":\"SearchAction\",\"target\":{\"@type\":\"EntryPoint\",\"urlTemplate\":\"https:\\\/\\\/www.theconservative.online\\\/ro?s={search_term_string}\"},\"query-input\":{\"@type\":\"PropertyValueSpecification\",\"valueRequired\":true,\"valueName\":\"search_term_string\"}}],\"inLanguage\":\"ro-RO\"},{\"@type\":\"Person\",\"@id\":\"https:\\\/\\\/www.theconservative.online\\\/ro#\\\/schema\\\/person\\\/52a2ddf2ed90ed779b2354583416c4bb\",\"name\":\"Ulderico de Laurentiis\",\"image\":{\"@type\":\"ImageObject\",\"inLanguage\":\"ro-RO\",\"@id\":\"https:\\\/\\\/secure.gravatar.com\\\/avatar\\\/c975100d71d02e389336f3ee1e1205f2a988b979b3af1bde32d899ff60a0e1ca?s=96&d=mm&r=g\",\"url\":\"https:\\\/\\\/secure.gravatar.com\\\/avatar\\\/c975100d71d02e389336f3ee1e1205f2a988b979b3af1bde32d899ff60a0e1ca?s=96&d=mm&r=g\",\"contentUrl\":\"https:\\\/\\\/secure.gravatar.com\\\/avatar\\\/c975100d71d02e389336f3ee1e1205f2a988b979b3af1bde32d899ff60a0e1ca?s=96&d=mm&r=g\",\"caption\":\"Ulderico de Laurentiis\"},\"url\":\"https:\\\/\\\/www.theconservative.online\\\/ro\\\/author\\\/youcom-euspec-2025-26\"}]}<\/script>\n<!-- \/ Yoast SEO plugin. -->","yoast_head_json":{"title":"\u201eNu\u201d-ul Islandei \u0219i Europa Na\u021biunilor - The Conservative","robots":{"index":"index","follow":"follow","max-snippet":"max-snippet:-1","max-image-preview":"max-image-preview:large","max-video-preview":"max-video-preview:-1"},"canonical":"https:\/\/www.theconservative.online\/ro\/nu-ul-islandei-si-europa-natiunilor","og_locale":"ro_RO","og_type":"article","og_title":"\u201eNu\u201d-ul Islandei \u0219i Europa Na\u021biunilor - The Conservative","og_description":"Prin respingerea relu\u0103rii negocierilor de aderare la UE, islandezii \u0219i-au ap\u0103rat controlul asupra resurselor lor \u0219i au sus\u021binut o form\u0103 de cooperare european\u0103 care men\u021bine autoritatea democratic\u0103 mai aproape de cas\u0103. Bruxelles \u00ee\u0219i permisese s\u0103 spere c\u0103 Islanda ar putea deveni cea mai u\u0219oar\u0103 reu\u0219it\u0103 a Uniunii Europene \u00een materie de extindere. \u021aara este bogat\u0103, [&hellip;]","og_url":"https:\/\/www.theconservative.online\/ro\/nu-ul-islandei-si-europa-natiunilor","og_site_name":"The Conservative","article_published_time":"2026-08-31T13:57:52+00:00","og_image":[{"width":1000,"height":667,"url":"https:\/\/www.theconservative.online\/wp-content\/uploads\/2026\/08\/shutterstock_2575159489.jpg","type":"image\/jpeg"}],"author":"Ulderico de Laurentiis","twitter_card":"summary_large_image","twitter_misc":{"Scris de":"Ulderico de Laurentiis","Timp estimat pentru citire":"9 minute"},"schema":{"@context":"https:\/\/schema.org","@graph":[{"@type":"Article","@id":"https:\/\/www.theconservative.online\/ro\/nu-ul-islandei-si-europa-natiunilor#article","isPartOf":{"@id":"https:\/\/www.theconservative.online\/ro\/nu-ul-islandei-si-europa-natiunilor"},"author":{"name":"Ulderico de Laurentiis","@id":"https:\/\/www.theconservative.online\/ro#\/schema\/person\/52a2ddf2ed90ed779b2354583416c4bb"},"headline":"\u201eNu\u201d-ul Islandei \u0219i Europa Na\u021biunilor","datePublished":"2026-08-31T13:57:52+00:00","mainEntityOfPage":{"@id":"https:\/\/www.theconservative.online\/ro\/nu-ul-islandei-si-europa-natiunilor"},"wordCount":1741,"image":{"@id":"https:\/\/www.theconservative.online\/ro\/nu-ul-islandei-si-europa-natiunilor#primaryimage"},"thumbnailUrl":"https:\/\/www.theconservative.online\/wp-content\/uploads\/2026\/08\/shutterstock_2575159489.jpg","keywords":["European Economic Area","European Union","Fisheries Policy","Iceland","National Sovereignty"],"articleSection":["Construirea unei Europe conservatoare","Legal","Politic\u0103"],"inLanguage":"ro-RO"},{"@type":"WebPage","@id":"https:\/\/www.theconservative.online\/ro\/nu-ul-islandei-si-europa-natiunilor","url":"https:\/\/www.theconservative.online\/ro\/nu-ul-islandei-si-europa-natiunilor","name":"\u201eNu\u201d-ul Islandei \u0219i Europa Na\u021biunilor - The Conservative","isPartOf":{"@id":"https:\/\/www.theconservative.online\/ro#website"},"primaryImageOfPage":{"@id":"https:\/\/www.theconservative.online\/ro\/nu-ul-islandei-si-europa-natiunilor#primaryimage"},"image":{"@id":"https:\/\/www.theconservative.online\/ro\/nu-ul-islandei-si-europa-natiunilor#primaryimage"},"thumbnailUrl":"https:\/\/www.theconservative.online\/wp-content\/uploads\/2026\/08\/shutterstock_2575159489.jpg","datePublished":"2026-08-31T13:57:52+00:00","author":{"@id":"https:\/\/www.theconservative.online\/ro#\/schema\/person\/52a2ddf2ed90ed779b2354583416c4bb"},"breadcrumb":{"@id":"https:\/\/www.theconservative.online\/ro\/nu-ul-islandei-si-europa-natiunilor#breadcrumb"},"inLanguage":"ro-RO","potentialAction":[{"@type":"ReadAction","target":["https:\/\/www.theconservative.online\/ro\/nu-ul-islandei-si-europa-natiunilor"]}]},{"@type":"ImageObject","inLanguage":"ro-RO","@id":"https:\/\/www.theconservative.online\/ro\/nu-ul-islandei-si-europa-natiunilor#primaryimage","url":"https:\/\/www.theconservative.online\/wp-content\/uploads\/2026\/08\/shutterstock_2575159489.jpg","contentUrl":"https:\/\/www.theconservative.online\/wp-content\/uploads\/2026\/08\/shutterstock_2575159489.jpg","width":1000,"height":667},{"@type":"BreadcrumbList","@id":"https:\/\/www.theconservative.online\/ro\/nu-ul-islandei-si-europa-natiunilor#breadcrumb","itemListElement":[{"@type":"ListItem","position":1,"name":"Home","item":"https:\/\/www.theconservative.online\/ro"},{"@type":"ListItem","position":2,"name":"\u201eNu\u201d-ul Islandei \u0219i Europa Na\u021biunilor"}]},{"@type":"WebSite","@id":"https:\/\/www.theconservative.online\/ro#website","url":"https:\/\/www.theconservative.online\/ro","name":"The Conservative","description":"","potentialAction":[{"@type":"SearchAction","target":{"@type":"EntryPoint","urlTemplate":"https:\/\/www.theconservative.online\/ro?s={search_term_string}"},"query-input":{"@type":"PropertyValueSpecification","valueRequired":true,"valueName":"search_term_string"}}],"inLanguage":"ro-RO"},{"@type":"Person","@id":"https:\/\/www.theconservative.online\/ro#\/schema\/person\/52a2ddf2ed90ed779b2354583416c4bb","name":"Ulderico de Laurentiis","image":{"@type":"ImageObject","inLanguage":"ro-RO","@id":"https:\/\/secure.gravatar.com\/avatar\/c975100d71d02e389336f3ee1e1205f2a988b979b3af1bde32d899ff60a0e1ca?s=96&d=mm&r=g","url":"https:\/\/secure.gravatar.com\/avatar\/c975100d71d02e389336f3ee1e1205f2a988b979b3af1bde32d899ff60a0e1ca?s=96&d=mm&r=g","contentUrl":"https:\/\/secure.gravatar.com\/avatar\/c975100d71d02e389336f3ee1e1205f2a988b979b3af1bde32d899ff60a0e1ca?s=96&d=mm&r=g","caption":"Ulderico de Laurentiis"},"url":"https:\/\/www.theconservative.online\/ro\/author\/youcom-euspec-2025-26"}]}},"acf":[],"_links":{"self":[{"href":"https:\/\/www.theconservative.online\/ro\/wp-json\/wp\/v2\/posts\/62925","targetHints":{"allow":["GET"]}}],"collection":[{"href":"https:\/\/www.theconservative.online\/ro\/wp-json\/wp\/v2\/posts"}],"about":[{"href":"https:\/\/www.theconservative.online\/ro\/wp-json\/wp\/v2\/types\/post"}],"author":[{"embeddable":true,"href":"https:\/\/www.theconservative.online\/ro\/wp-json\/wp\/v2\/users\/81"}],"replies":[{"embeddable":true,"href":"https:\/\/www.theconservative.online\/ro\/wp-json\/wp\/v2\/comments?post=62925"}],"version-history":[{"count":0,"href":"https:\/\/www.theconservative.online\/ro\/wp-json\/wp\/v2\/posts\/62925\/revisions"}],"wp:featuredmedia":[{"embeddable":true,"href":"https:\/\/www.theconservative.online\/ro\/wp-json\/wp\/v2\/media\/62841"}],"wp:attachment":[{"href":"https:\/\/www.theconservative.online\/ro\/wp-json\/wp\/v2\/media?parent=62925"}],"wp:term":[{"taxonomy":"category","embeddable":true,"href":"https:\/\/www.theconservative.online\/ro\/wp-json\/wp\/v2\/categories?post=62925"},{"taxonomy":"post_tag","embeddable":true,"href":"https:\/\/www.theconservative.online\/ro\/wp-json\/wp\/v2\/tags?post=62925"},{"taxonomy":"editorial-positions","embeddable":true,"href":"https:\/\/www.theconservative.online\/ro\/wp-json\/wp\/v2\/editorial-positions?post=62925"},{"taxonomy":"regions","embeddable":true,"href":"https:\/\/www.theconservative.online\/ro\/wp-json\/wp\/v2\/regions?post=62925"},{"taxonomy":"types","embeddable":true,"href":"https:\/\/www.theconservative.online\/ro\/wp-json\/wp\/v2\/types?post=62925"}],"curies":[{"name":"wp","href":"https:\/\/api.w.org\/{rel}","templated":true}]}}