{"id":62926,"date":"2026-08-31T13:57:45","date_gmt":"2026-08-31T13:57:45","guid":{"rendered":"https:\/\/www.theconservative.online\/cateva-reflectii-in-urma-discursului-comisarului-pentru-extindere-tinut-la-zagreb"},"modified":"2026-08-31T13:57:45","modified_gmt":"2026-08-31T13:57:45","slug":"cateva-reflectii-in-urma-discursului-comisarului-pentru-extindere-tinut-la-zagreb","status":"publish","type":"post","link":"https:\/\/www.theconservative.online\/ro\/cateva-reflectii-in-urma-discursului-comisarului-pentru-extindere-tinut-la-zagreb","title":{"rendered":"C\u00e2teva reflec\u021bii \u00een urma discursului comisarului pentru extindere \u021binut la Zagreb"},"content":{"rendered":"<p style=\"font-weight: 400;\">La dou\u0103zeci \u0219i doi de ani de la cea mai ampl\u0103 etap\u0103 de extindere din istoria Uniunii Europene \u2013 c\u00e2nd 10 \u021b\u0103ri au devenit oficial membre \u2013 \u0219i la treisprezece ani de la aderarea Croa\u021biei, tema extinderii UE a redevenit o chestiune de actualitate. Aceasta este cea mai lung\u0103 perioad\u0103 care a trecut de la ultima aderare, iar perspectivele \u0219i provoc\u0103rile unei Uniuni mai mari sunt semnificative. \u00cen perspectiva summitului Consiliului European de la mijlocul lunii octombrie, comisarul pentru extindere a prezentat recent viziunea \u201ereformist\u0103\u201d a Comisiei privind viitoarele ader\u0103ri.<\/p>\n<p style=\"font-weight: 400;\">\u00centr-un discurs \u021binut pe 24 august la Zagreb, Marta Kos a subliniat importan\u021ba respect\u0103rii angajamentelor, avantajele unei integr\u0103ri treptate, a unui proces decizional mai flexibil \u0219i a unor garan\u021bii mai solide pentru consolidarea statului de drept \u0219i a mecanismelor democratice.<\/p><div class='related_content'><span>RELATED<\/span><ul><li><a href='https:\/\/www.theconservative.online\/ro\/nu-ul-islandei-si-europa-natiunilor'>\u201eNu\u201d-ul Islandei \u0219i Europa Na\u021biunilor<\/li><\/a><li><a href='https:\/\/www.theconservative.online\/ro\/de-ce-islanda-a-respins-aderarea-la-ue'>De ce Islanda a respins aderarea la UE<\/li><\/a><li><a href='https:\/\/www.theconservative.online\/ro\/reorientarea-industriala-a-europei-pune-in-prim-plan-china-energia-si-investitiile'>Reorientarea industrial\u0103 a Europei pune \u00een prim-plan China, energia \u0219i investi\u021biile<\/li><\/a><\/ul><\/div>\n<p style=\"font-weight: 400;\">Dincolo de cli\u0219ee, precum faptul c\u0103 \u021b\u0103rile candidate trebuie s\u0103 respecte cu adev\u0103rat \u201evalorile noastre comune\u201d, de anumite declara\u021bii categorice sau de omagiile aduse Croa\u021biei \u0219i realiz\u0103rilor sale, comisarul Kos a l\u0103udat  <em>progresul f\u0103r\u0103 precedent<\/em>  formulate \u00een acest an cu privire la procesul de extindere. Pe de o parte, avem Muntenegru, care se afl\u0103 cel mai aproape de aderarea la UE; Albania, prezentat\u0103 ca un exemplu pentru \u00eenchiderea capitolului privind statul de drept; precum \u0219i Ucraina \u0219i Republica Moldova. \u00cen ceea ce prive\u0219te Islanda, la momentul discursului de la Zagreb, aceasta se preg\u0103tea pentru un referendum privind reluarea negocierilor de aderare; cu toate acestea, rezultatul din 29 august \u2013 c\u00e2nd 53 % dintre cet\u0103\u021beni au votat \u00eempotriva \u2013 a pus efectiv cap\u0103t acestei aspira\u021bii.<\/p>\n<p style=\"font-weight: 400;\">Dincolo de cazurile individuale, care se afl\u0103 \u00een diferite \u201eetape\u201d ale procesului de aderare, \u00eentrebarea este cum putem \u00een\u021belege pe deplin pe cine primim \u00een interiorul grani\u021belor noastre. O Uniune care nu reu\u0219e\u0219te s\u0103-\u0219i apere frontierele externe \u00een fa\u021ba unei amenin\u021b\u0103ri existen\u021biale, o Uniune sufocat\u0103 de reglement\u0103ri excesive \u0219i care promoveaz\u0103 ideologii ce submineaz\u0103 fundamental familia, libertatea de exprimare \u0219i suveranitatea na\u021bional\u0103 \u2013 c\u00e2t de preg\u0103tit\u0103 este cu adev\u0103rat s\u0103 se extind\u0103 \u0219i mai mult? Ar fi ca o cas\u0103 la care se adaug\u0103 un nou etaj \u00een timp ce funda\u021bia ei se pr\u0103bu\u0219e\u0219te.<\/p>\n<p style=\"font-weight: 400;\">Comisarul Kos consider\u0103 c\u0103 procesul decizional trebuie s\u0103 fie mai eficient \u0219i mai flexibil \u2013 un obiectiv legitim \u2013, \u00eens\u0103 una dintre modalit\u0103\u021bile de a-l atinge este reducerea domeniilor \u00een care un singur stat membru \u00ee\u0219i poate exercita dreptul de veto. Cu alte cuvinte, genul de reform\u0103 care ar preveni \u201esurprizele\u201d nepl\u0103cute din partea statelor care nu se conformeaz\u0103 pe deplin cerin\u021belor de la Bruxelles \u2013 un subiect care a st\u00e2rnit o nemul\u021bumire considerabil\u0103 \u00een ultimii ani. O alt\u0103 expresie folosit\u0103 de comisarul sloven a fost aceea de a se asigura c\u0103 \u201ecaii troieni\u201d nu sunt l\u0103sa\u021bi s\u0103 p\u0103trund\u0103, astfel \u00eenc\u00e2t \u201evalorile europene fundamentale\u201d \u0219i \u201estatul de drept\u201d s\u0103 nu mai poat\u0103 fi \u00eenc\u0103lcate. Aceea\u0219i retoric\u0103 gre\u0219it\u0103 pe care pseudo-elitele o folosesc \u00een dispre\u021bul lor fa\u021b\u0103 de popoare \u0219i interesele acestora. Acestea sunt c\u00e2teva dintre m\u0103surile prin care Europa \u00ee\u0219i va rec\u00e2\u0219tiga \u201eindependen\u021ba\u201d, a\u0219a cum o vede comisarul pentru extindere.<\/p>\n<p style=\"font-weight: 400;\">Suntem cu to\u021bii prea familiariza\u021bi cu retorica grandioas\u0103 \u0219i cu frazele goale de con\u021binut. Extinderea UE trebuie evaluat\u0103 \u00een func\u021bie de m\u0103sura \u00een care consolideaz\u0103 sau sl\u0103be\u0219te ceea ce face ca Europa s\u0103 fie Europa. O Uniune European\u0103 extins\u0103 ar trebui s\u0103 \u00eensemne o consolidare a blocului nostru, nu o sl\u0103bire a acestuia. Aduce oare mai mult\u0103 ordine, mai mult\u0103 prosperitate \u0219i mai mult respect pentru valorile autentice, libertate \u0219i suveranitate? Dac\u0103 r\u0103spunsul este \u201eda\u201d, atunci extinderea ar trebui salutat\u0103. Dar dac\u0103 serve\u0219te doar ca instrument pentru un proiect ideologic de amploare care denatureaz\u0103 obiectivele sale declarate \u2013 stabilitatea, prosperitatea \u0219i libertatea \u2013, atunci trebuie respins\u0103 sau, cel pu\u021bin, privit\u0103 cu cea mai mare pruden\u021b\u0103.<\/p>\n<p style=\"font-weight: 400;\">Pentru ca Uniunea European\u0103 s\u0103 r\u0103m\u00e2n\u0103 o uniune a na\u021biunilor, este absolut necesar ca aceasta s\u0103 opteze pentru claritate \u0219i realism. \u00cen caz contrar, risc\u0103 s\u0103 se transforme, mai devreme sau mai t\u00e2rziu, \u00eentr-o entitate de nerecunoscut. Iar atunci, extinderea nu va fi altceva dec\u00e2t \u00eenc\u0103 un cui \u00een sicriu.<\/p>\n<\/p>","protected":false},"excerpt":{"rendered":"<p>La dou\u0103zeci \u0219i doi de ani de la cea mai ampl\u0103 etap\u0103 de extindere din istoria Uniunii Europene \u2013 c\u00e2nd 10 \u021b\u0103ri au devenit oficial membre \u2013 \u0219i la treisprezece ani de la aderarea Croa\u021biei, tema extinderii UE a redevenit o chestiune de actualitate. Aceasta este cea mai lung\u0103 perioad\u0103 care a trecut de la [&hellip;]<\/p>\n","protected":false},"author":78,"featured_media":62863,"comment_status":"closed","ping_status":"closed","sticky":false,"template":"","format":"standard","meta":{"footnotes":""},"categories":[184,263,160],"tags":[943,1305,1856,215,2692,599,72,3306,3484,3287,2589,213],"editorial-positions":[],"regions":[329,338,346,355,365],"types":[417,456],"class_list":["post-62926","post","type-post","status-publish","format-standard","has-post-thumbnail","hentry","category-eseuri","category-legal-ro","category-politica","tag-albania","tag-brussels","tag-croatia","tag-eu","tag-eu-enlargement","tag-european-union","tag-iceland","tag-marta-kos","tag-montenegro","tag-republic-of-moldova","tag-sovereignty","tag-ukraine","regions-central-europe-ro","regions-eastern-europe-ro","regions-northern-europe-ro","regions-southern-europe-ro","regions-western-europe-ro","types-news-ro","types-opinion-ro"],"yoast_head":"<!-- This site is optimized with the Yoast SEO plugin v28.0 - https:\/\/yoast.com\/product\/yoast-seo-wordpress\/ -->\n<title>C\u00e2teva reflec\u021bii \u00een urma discursului comisarului pentru extindere \u021binut la Zagreb - The Conservative<\/title>\n<meta name=\"robots\" content=\"index, follow, max-snippet:-1, max-image-preview:large, max-video-preview:-1\" \/>\n<link rel=\"canonical\" href=\"https:\/\/www.theconservative.online\/ro\/cateva-reflectii-in-urma-discursului-comisarului-pentru-extindere-tinut-la-zagreb\" \/>\n<meta property=\"og:locale\" content=\"ro_RO\" \/>\n<meta property=\"og:type\" content=\"article\" \/>\n<meta property=\"og:title\" content=\"C\u00e2teva reflec\u021bii \u00een urma discursului comisarului pentru extindere \u021binut la Zagreb - The Conservative\" \/>\n<meta property=\"og:description\" content=\"La dou\u0103zeci \u0219i doi de ani de la cea mai ampl\u0103 etap\u0103 de extindere din istoria Uniunii Europene \u2013 c\u00e2nd 10 \u021b\u0103ri au devenit oficial membre \u2013 \u0219i la treisprezece ani de la aderarea Croa\u021biei, tema extinderii UE a redevenit o chestiune de actualitate. Aceasta este cea mai lung\u0103 perioad\u0103 care a trecut de la [&hellip;]\" \/>\n<meta property=\"og:url\" content=\"https:\/\/www.theconservative.online\/ro\/cateva-reflectii-in-urma-discursului-comisarului-pentru-extindere-tinut-la-zagreb\" \/>\n<meta property=\"og:site_name\" content=\"The Conservative\" \/>\n<meta property=\"article:published_time\" content=\"2026-08-31T13:57:45+00:00\" \/>\n<meta property=\"og:image\" content=\"https:\/\/www.theconservative.online\/wp-content\/uploads\/2026\/08\/shutterstock_2385621941.jpg\" \/>\n\t<meta property=\"og:image:width\" content=\"1000\" \/>\n\t<meta property=\"og:image:height\" content=\"667\" \/>\n\t<meta property=\"og:image:type\" content=\"image\/jpeg\" \/>\n<meta name=\"author\" content=\"Dragos Moldoveanu\" \/>\n<meta name=\"twitter:card\" content=\"summary_large_image\" \/>\n<meta name=\"twitter:label1\" content=\"Scris de\" \/>\n\t<meta name=\"twitter:data1\" content=\"Dragos Moldoveanu\" \/>\n\t<meta name=\"twitter:label2\" content=\"Timp estimat pentru citire\" \/>\n\t<meta name=\"twitter:data2\" content=\"4 minute\" \/>\n<script type=\"application\/ld+json\" class=\"yoast-schema-graph\">{\"@context\":\"https:\\\/\\\/schema.org\",\"@graph\":[{\"@type\":\"Article\",\"@id\":\"https:\\\/\\\/www.theconservative.online\\\/ro\\\/cateva-reflectii-in-urma-discursului-comisarului-pentru-extindere-tinut-la-zagreb#article\",\"isPartOf\":{\"@id\":\"https:\\\/\\\/www.theconservative.online\\\/ro\\\/cateva-reflectii-in-urma-discursului-comisarului-pentru-extindere-tinut-la-zagreb\"},\"author\":{\"name\":\"Dragos Moldoveanu\",\"@id\":\"https:\\\/\\\/www.theconservative.online\\\/ro#\\\/schema\\\/person\\\/7a10b03a9f7406e09ce879035f4d80c1\"},\"headline\":\"C\u00e2teva reflec\u021bii \u00een urma discursului comisarului pentru extindere \u021binut la Zagreb\",\"datePublished\":\"2026-08-31T13:57:45+00:00\",\"mainEntityOfPage\":{\"@id\":\"https:\\\/\\\/www.theconservative.online\\\/ro\\\/cateva-reflectii-in-urma-discursului-comisarului-pentru-extindere-tinut-la-zagreb\"},\"wordCount\":735,\"image\":{\"@id\":\"https:\\\/\\\/www.theconservative.online\\\/ro\\\/cateva-reflectii-in-urma-discursului-comisarului-pentru-extindere-tinut-la-zagreb#primaryimage\"},\"thumbnailUrl\":\"https:\\\/\\\/www.theconservative.online\\\/wp-content\\\/uploads\\\/2026\\\/08\\\/shutterstock_2385621941.jpg\",\"keywords\":[\"Albania\",\"Brussels\",\"croatia\",\"EU\",\"EU enlargement\",\"European Union\",\"Iceland\",\"Marta Kos\",\"Montenegro\",\"Republic of Moldova\",\"sovereignty\",\"Ukraine\"],\"articleSection\":[\"eseuri\",\"Legal\",\"Politic\u0103\"],\"inLanguage\":\"ro-RO\"},{\"@type\":\"WebPage\",\"@id\":\"https:\\\/\\\/www.theconservative.online\\\/ro\\\/cateva-reflectii-in-urma-discursului-comisarului-pentru-extindere-tinut-la-zagreb\",\"url\":\"https:\\\/\\\/www.theconservative.online\\\/ro\\\/cateva-reflectii-in-urma-discursului-comisarului-pentru-extindere-tinut-la-zagreb\",\"name\":\"C\u00e2teva reflec\u021bii \u00een urma discursului comisarului pentru extindere \u021binut la Zagreb - The Conservative\",\"isPartOf\":{\"@id\":\"https:\\\/\\\/www.theconservative.online\\\/ro#website\"},\"primaryImageOfPage\":{\"@id\":\"https:\\\/\\\/www.theconservative.online\\\/ro\\\/cateva-reflectii-in-urma-discursului-comisarului-pentru-extindere-tinut-la-zagreb#primaryimage\"},\"image\":{\"@id\":\"https:\\\/\\\/www.theconservative.online\\\/ro\\\/cateva-reflectii-in-urma-discursului-comisarului-pentru-extindere-tinut-la-zagreb#primaryimage\"},\"thumbnailUrl\":\"https:\\\/\\\/www.theconservative.online\\\/wp-content\\\/uploads\\\/2026\\\/08\\\/shutterstock_2385621941.jpg\",\"datePublished\":\"2026-08-31T13:57:45+00:00\",\"author\":{\"@id\":\"https:\\\/\\\/www.theconservative.online\\\/ro#\\\/schema\\\/person\\\/7a10b03a9f7406e09ce879035f4d80c1\"},\"breadcrumb\":{\"@id\":\"https:\\\/\\\/www.theconservative.online\\\/ro\\\/cateva-reflectii-in-urma-discursului-comisarului-pentru-extindere-tinut-la-zagreb#breadcrumb\"},\"inLanguage\":\"ro-RO\",\"potentialAction\":[{\"@type\":\"ReadAction\",\"target\":[\"https:\\\/\\\/www.theconservative.online\\\/ro\\\/cateva-reflectii-in-urma-discursului-comisarului-pentru-extindere-tinut-la-zagreb\"]}]},{\"@type\":\"ImageObject\",\"inLanguage\":\"ro-RO\",\"@id\":\"https:\\\/\\\/www.theconservative.online\\\/ro\\\/cateva-reflectii-in-urma-discursului-comisarului-pentru-extindere-tinut-la-zagreb#primaryimage\",\"url\":\"https:\\\/\\\/www.theconservative.online\\\/wp-content\\\/uploads\\\/2026\\\/08\\\/shutterstock_2385621941.jpg\",\"contentUrl\":\"https:\\\/\\\/www.theconservative.online\\\/wp-content\\\/uploads\\\/2026\\\/08\\\/shutterstock_2385621941.jpg\",\"width\":1000,\"height\":667},{\"@type\":\"BreadcrumbList\",\"@id\":\"https:\\\/\\\/www.theconservative.online\\\/ro\\\/cateva-reflectii-in-urma-discursului-comisarului-pentru-extindere-tinut-la-zagreb#breadcrumb\",\"itemListElement\":[{\"@type\":\"ListItem\",\"position\":1,\"name\":\"Home\",\"item\":\"https:\\\/\\\/www.theconservative.online\\\/ro\"},{\"@type\":\"ListItem\",\"position\":2,\"name\":\"C\u00e2teva reflec\u021bii \u00een urma discursului comisarului pentru extindere \u021binut la Zagreb\"}]},{\"@type\":\"WebSite\",\"@id\":\"https:\\\/\\\/www.theconservative.online\\\/ro#website\",\"url\":\"https:\\\/\\\/www.theconservative.online\\\/ro\",\"name\":\"The Conservative\",\"description\":\"\",\"potentialAction\":[{\"@type\":\"SearchAction\",\"target\":{\"@type\":\"EntryPoint\",\"urlTemplate\":\"https:\\\/\\\/www.theconservative.online\\\/ro?s={search_term_string}\"},\"query-input\":{\"@type\":\"PropertyValueSpecification\",\"valueRequired\":true,\"valueName\":\"search_term_string\"}}],\"inLanguage\":\"ro-RO\"},{\"@type\":\"Person\",\"@id\":\"https:\\\/\\\/www.theconservative.online\\\/ro#\\\/schema\\\/person\\\/7a10b03a9f7406e09ce879035f4d80c1\",\"name\":\"Dragos Moldoveanu\",\"image\":{\"@type\":\"ImageObject\",\"inLanguage\":\"ro-RO\",\"@id\":\"https:\\\/\\\/secure.gravatar.com\\\/avatar\\\/1975d1359c2a3183ef646321e1f6bcc60bbd4fe3f1c556f50988447a540d242c?s=96&d=mm&r=g\",\"url\":\"https:\\\/\\\/secure.gravatar.com\\\/avatar\\\/1975d1359c2a3183ef646321e1f6bcc60bbd4fe3f1c556f50988447a540d242c?s=96&d=mm&r=g\",\"contentUrl\":\"https:\\\/\\\/secure.gravatar.com\\\/avatar\\\/1975d1359c2a3183ef646321e1f6bcc60bbd4fe3f1c556f50988447a540d242c?s=96&d=mm&r=g\",\"caption\":\"Dragos Moldoveanu\"},\"url\":\"https:\\\/\\\/www.theconservative.online\\\/ro\\\/author\\\/moldoveanu-euspec-2025-26\"}]}<\/script>\n<!-- \/ Yoast SEO plugin. -->","yoast_head_json":{"title":"C\u00e2teva reflec\u021bii \u00een urma discursului comisarului pentru extindere \u021binut la Zagreb - The Conservative","robots":{"index":"index","follow":"follow","max-snippet":"max-snippet:-1","max-image-preview":"max-image-preview:large","max-video-preview":"max-video-preview:-1"},"canonical":"https:\/\/www.theconservative.online\/ro\/cateva-reflectii-in-urma-discursului-comisarului-pentru-extindere-tinut-la-zagreb","og_locale":"ro_RO","og_type":"article","og_title":"C\u00e2teva reflec\u021bii \u00een urma discursului comisarului pentru extindere \u021binut la Zagreb - The Conservative","og_description":"La dou\u0103zeci \u0219i doi de ani de la cea mai ampl\u0103 etap\u0103 de extindere din istoria Uniunii Europene \u2013 c\u00e2nd 10 \u021b\u0103ri au devenit oficial membre \u2013 \u0219i la treisprezece ani de la aderarea Croa\u021biei, tema extinderii UE a redevenit o chestiune de actualitate. Aceasta este cea mai lung\u0103 perioad\u0103 care a trecut de la [&hellip;]","og_url":"https:\/\/www.theconservative.online\/ro\/cateva-reflectii-in-urma-discursului-comisarului-pentru-extindere-tinut-la-zagreb","og_site_name":"The Conservative","article_published_time":"2026-08-31T13:57:45+00:00","og_image":[{"width":1000,"height":667,"url":"https:\/\/www.theconservative.online\/wp-content\/uploads\/2026\/08\/shutterstock_2385621941.jpg","type":"image\/jpeg"}],"author":"Dragos Moldoveanu","twitter_card":"summary_large_image","twitter_misc":{"Scris de":"Dragos Moldoveanu","Timp estimat pentru citire":"4 minute"},"schema":{"@context":"https:\/\/schema.org","@graph":[{"@type":"Article","@id":"https:\/\/www.theconservative.online\/ro\/cateva-reflectii-in-urma-discursului-comisarului-pentru-extindere-tinut-la-zagreb#article","isPartOf":{"@id":"https:\/\/www.theconservative.online\/ro\/cateva-reflectii-in-urma-discursului-comisarului-pentru-extindere-tinut-la-zagreb"},"author":{"name":"Dragos Moldoveanu","@id":"https:\/\/www.theconservative.online\/ro#\/schema\/person\/7a10b03a9f7406e09ce879035f4d80c1"},"headline":"C\u00e2teva reflec\u021bii \u00een urma discursului comisarului pentru extindere \u021binut la Zagreb","datePublished":"2026-08-31T13:57:45+00:00","mainEntityOfPage":{"@id":"https:\/\/www.theconservative.online\/ro\/cateva-reflectii-in-urma-discursului-comisarului-pentru-extindere-tinut-la-zagreb"},"wordCount":735,"image":{"@id":"https:\/\/www.theconservative.online\/ro\/cateva-reflectii-in-urma-discursului-comisarului-pentru-extindere-tinut-la-zagreb#primaryimage"},"thumbnailUrl":"https:\/\/www.theconservative.online\/wp-content\/uploads\/2026\/08\/shutterstock_2385621941.jpg","keywords":["Albania","Brussels","croatia","EU","EU enlargement","European Union","Iceland","Marta Kos","Montenegro","Republic of Moldova","sovereignty","Ukraine"],"articleSection":["eseuri","Legal","Politic\u0103"],"inLanguage":"ro-RO"},{"@type":"WebPage","@id":"https:\/\/www.theconservative.online\/ro\/cateva-reflectii-in-urma-discursului-comisarului-pentru-extindere-tinut-la-zagreb","url":"https:\/\/www.theconservative.online\/ro\/cateva-reflectii-in-urma-discursului-comisarului-pentru-extindere-tinut-la-zagreb","name":"C\u00e2teva reflec\u021bii \u00een urma discursului comisarului pentru extindere \u021binut la Zagreb - The Conservative","isPartOf":{"@id":"https:\/\/www.theconservative.online\/ro#website"},"primaryImageOfPage":{"@id":"https:\/\/www.theconservative.online\/ro\/cateva-reflectii-in-urma-discursului-comisarului-pentru-extindere-tinut-la-zagreb#primaryimage"},"image":{"@id":"https:\/\/www.theconservative.online\/ro\/cateva-reflectii-in-urma-discursului-comisarului-pentru-extindere-tinut-la-zagreb#primaryimage"},"thumbnailUrl":"https:\/\/www.theconservative.online\/wp-content\/uploads\/2026\/08\/shutterstock_2385621941.jpg","datePublished":"2026-08-31T13:57:45+00:00","author":{"@id":"https:\/\/www.theconservative.online\/ro#\/schema\/person\/7a10b03a9f7406e09ce879035f4d80c1"},"breadcrumb":{"@id":"https:\/\/www.theconservative.online\/ro\/cateva-reflectii-in-urma-discursului-comisarului-pentru-extindere-tinut-la-zagreb#breadcrumb"},"inLanguage":"ro-RO","potentialAction":[{"@type":"ReadAction","target":["https:\/\/www.theconservative.online\/ro\/cateva-reflectii-in-urma-discursului-comisarului-pentru-extindere-tinut-la-zagreb"]}]},{"@type":"ImageObject","inLanguage":"ro-RO","@id":"https:\/\/www.theconservative.online\/ro\/cateva-reflectii-in-urma-discursului-comisarului-pentru-extindere-tinut-la-zagreb#primaryimage","url":"https:\/\/www.theconservative.online\/wp-content\/uploads\/2026\/08\/shutterstock_2385621941.jpg","contentUrl":"https:\/\/www.theconservative.online\/wp-content\/uploads\/2026\/08\/shutterstock_2385621941.jpg","width":1000,"height":667},{"@type":"BreadcrumbList","@id":"https:\/\/www.theconservative.online\/ro\/cateva-reflectii-in-urma-discursului-comisarului-pentru-extindere-tinut-la-zagreb#breadcrumb","itemListElement":[{"@type":"ListItem","position":1,"name":"Home","item":"https:\/\/www.theconservative.online\/ro"},{"@type":"ListItem","position":2,"name":"C\u00e2teva reflec\u021bii \u00een urma discursului comisarului pentru extindere \u021binut la Zagreb"}]},{"@type":"WebSite","@id":"https:\/\/www.theconservative.online\/ro#website","url":"https:\/\/www.theconservative.online\/ro","name":"The Conservative","description":"","potentialAction":[{"@type":"SearchAction","target":{"@type":"EntryPoint","urlTemplate":"https:\/\/www.theconservative.online\/ro?s={search_term_string}"},"query-input":{"@type":"PropertyValueSpecification","valueRequired":true,"valueName":"search_term_string"}}],"inLanguage":"ro-RO"},{"@type":"Person","@id":"https:\/\/www.theconservative.online\/ro#\/schema\/person\/7a10b03a9f7406e09ce879035f4d80c1","name":"Dragos Moldoveanu","image":{"@type":"ImageObject","inLanguage":"ro-RO","@id":"https:\/\/secure.gravatar.com\/avatar\/1975d1359c2a3183ef646321e1f6bcc60bbd4fe3f1c556f50988447a540d242c?s=96&d=mm&r=g","url":"https:\/\/secure.gravatar.com\/avatar\/1975d1359c2a3183ef646321e1f6bcc60bbd4fe3f1c556f50988447a540d242c?s=96&d=mm&r=g","contentUrl":"https:\/\/secure.gravatar.com\/avatar\/1975d1359c2a3183ef646321e1f6bcc60bbd4fe3f1c556f50988447a540d242c?s=96&d=mm&r=g","caption":"Dragos Moldoveanu"},"url":"https:\/\/www.theconservative.online\/ro\/author\/moldoveanu-euspec-2025-26"}]}},"acf":[],"_links":{"self":[{"href":"https:\/\/www.theconservative.online\/ro\/wp-json\/wp\/v2\/posts\/62926","targetHints":{"allow":["GET"]}}],"collection":[{"href":"https:\/\/www.theconservative.online\/ro\/wp-json\/wp\/v2\/posts"}],"about":[{"href":"https:\/\/www.theconservative.online\/ro\/wp-json\/wp\/v2\/types\/post"}],"author":[{"embeddable":true,"href":"https:\/\/www.theconservative.online\/ro\/wp-json\/wp\/v2\/users\/78"}],"replies":[{"embeddable":true,"href":"https:\/\/www.theconservative.online\/ro\/wp-json\/wp\/v2\/comments?post=62926"}],"version-history":[{"count":0,"href":"https:\/\/www.theconservative.online\/ro\/wp-json\/wp\/v2\/posts\/62926\/revisions"}],"wp:featuredmedia":[{"embeddable":true,"href":"https:\/\/www.theconservative.online\/ro\/wp-json\/wp\/v2\/media\/62863"}],"wp:attachment":[{"href":"https:\/\/www.theconservative.online\/ro\/wp-json\/wp\/v2\/media?parent=62926"}],"wp:term":[{"taxonomy":"category","embeddable":true,"href":"https:\/\/www.theconservative.online\/ro\/wp-json\/wp\/v2\/categories?post=62926"},{"taxonomy":"post_tag","embeddable":true,"href":"https:\/\/www.theconservative.online\/ro\/wp-json\/wp\/v2\/tags?post=62926"},{"taxonomy":"editorial-positions","embeddable":true,"href":"https:\/\/www.theconservative.online\/ro\/wp-json\/wp\/v2\/editorial-positions?post=62926"},{"taxonomy":"regions","embeddable":true,"href":"https:\/\/www.theconservative.online\/ro\/wp-json\/wp\/v2\/regions?post=62926"},{"taxonomy":"types","embeddable":true,"href":"https:\/\/www.theconservative.online\/ro\/wp-json\/wp\/v2\/types?post=62926"}],"curies":[{"name":"wp","href":"https:\/\/api.w.org\/{rel}","templated":true}]}}