{"id":62933,"date":"2026-08-31T13:57:40","date_gmt":"2026-08-31T13:57:40","guid":{"rendered":"https:\/\/www.theconservative.online\/o-dreapta-unita-trebuie-sa-puna-in-evidenta-diferentele-interne"},"modified":"2026-08-31T13:57:40","modified_gmt":"2026-08-31T13:57:40","slug":"o-dreapta-unita-trebuie-sa-puna-in-evidenta-diferentele-interne","status":"publish","type":"post","link":"https:\/\/www.theconservative.online\/ro\/o-dreapta-unita-trebuie-sa-puna-in-evidenta-diferentele-interne","title":{"rendered":"O dreapt\u0103 unit\u0103 trebuie s\u0103 pun\u0103 \u00een eviden\u021b\u0103 diferen\u021bele interne"},"content":{"rendered":"<p>Suedia se \u00eendreapt\u0103 spre alegeri pe 13 septembrie. Actualul guvern de dreapta se afl\u0103 \u00een urm\u0103 \u00een sondajele de opinie, iar cu dou\u0103 s\u0103pt\u0103m\u00e2ni \u00eenainte de scrutin, majoritatea indiciilor indic\u0103 o victorie a st\u00e2ngii, chiar dac\u0103 dreapta a <a href=\"https:\/\/www.sverigesradio.se\/artikel\/swedish-election-race-tightens-as-government-side-gains-ground-on-the-opposition\">\u00eenceput recent s\u0103 c\u00e2\u0219tige ceva teren<\/a>.<\/p>\n<p>Una dintre provoc\u0103rile cu care se confrunt\u0103 dreapta este faptul c\u0103 mul\u021bi aleg\u0103tori r\u0103m\u00e2n reticen\u021bi fa\u021b\u0103 de Democra\u021bii Suedezi, un partid caracterizat prin na\u021bionalism de dreapta \u0219i conservatorism social. \u00cen timpul actualului mandat, trei partide tradi\u021bionale de dreapta au format guvernul, iar Partidul Democra\u021bilor Suedezi a ac\u021bionat ca partid de sprijin. Aceast\u0103 configura\u021bie s-a bazat pe un acord comun \u00eencheiat la \u00eenceputul mandatului, care contura clar m\u0103surile politice pe care guvernul urma s\u0103 le pun\u0103 \u00een aplicare pe parcursul celor patru ani.<\/p><div class='related_content'><span>RELATED<\/span><ul><li><a href='https:\/\/www.theconservative.online\/ro\/islanda-voteaza-privind-reluarea-procesului-de-aderare-la-uniunea-europeana'>Islanda voteaz\u0103 privind reluarea procesului de aderare la Uniunea European\u0103<\/li><\/a><li><a href='https:\/\/www.theconservative.online\/ro\/va-deveni-feminizarea-societatii-o-tema-politica'>Va deveni \u201efeminizarea\u201d societ\u0103\u021bii o tem\u0103 politic\u0103?<\/li><\/a><li><a href='https:\/\/www.theconservative.online\/ro\/acest-partid-suedez-se-afla-la-guvernare-dar-risca-sa-dispara'>Acest partid suedez se afl\u0103 la guvernare \u2013 dar risc\u0103 s\u0103 dispar\u0103<\/li><\/a><\/ul><\/div>\n<p>Cu toate acestea, \u00een perspectiva urm\u0103torului mandat, Democra\u021bii Suedezi au cerut <a href=\"https:\/\/www.theguardian.com\/world\/2026\/apr\/01\/swedish-pm-offers-deal-that-could-see-far-right-allowed-into-government\">ei \u00een\u0219i\u0219i un loc \u00een guvern<\/a>. Liderul partidului, Jimmie \u00c5kesson, a afirmat \u00een repetate r\u00e2nduri c\u0103, \u00een cazul \u00een care partidele de dreapta vor c\u00e2\u0219tiga, ar fi nerezonabil ca trei partide s\u0103 continue s\u0103 guverneze, \u00een timp ce un al patrulea r\u0103m\u00e2ne din nou pe margine. Aceasta a fost pozi\u021bia lui Jimmie \u00c5kesson \u00eenc\u0103 de la \u00eenceputul mandatului: nu vor mai exista \u00eenc\u0103 patru ani de guvernare de dreapta f\u0103r\u0103 ca \u0219i Democra\u021bii Suedezi s\u0103 fac\u0103 parte din guvern.<\/p>\n<p>Nimeni nu pune la \u00eendoial\u0103 validitatea cererilor Democra\u021bilor Suedezi. Ace\u0219tia au fost cel mai mare partid de dreapta \u00een cei patru ani \u00een care alte trei partide de dreapta au de\u021binut func\u021bii de conducere. Partidul a exercitat o influen\u021b\u0103 semnificativ\u0103 asupra politicilor urm\u0103rite, \u00een special \u00een domeniile migra\u021biei, criminalit\u0103\u021bii \u0219i energiei. Ar fi fost ciudat ca partidul s\u0103 primeasc\u0103 un mandat re\u00eennoit din partea aleg\u0103torilor pentru a influen\u021ba politica suedez\u0103, doar pentru a accepta apoi s\u0103 r\u0103m\u00e2n\u0103 din nou \u00een afara guvernului.<\/p>\n<p>Dar totul \u00een via\u021b\u0103 are un pre\u021b. Iar pentru Democra\u021bii Suedezi, pre\u021bul accept\u0103rii ca partid apt s\u0103 guverneze a fost pierderea de aleg\u0103tori de c\u0103tre celelalte partide de dreapta. Unii dintre aleg\u0103torii lor sunt, de fapt, reticen\u021bi fa\u021b\u0103 de un guvern de dreapta care include Partidul Democra\u021bilor Suedezi. \u00cen consecin\u021b\u0103, a ap\u0103rut un fenomen interesant \u00een cadrul blocului de dreapta din politica suedez\u0103, care p\u00e2n\u0103 atunci era foarte unit.<\/p>\n<p>\u00cen acest moment, cu dou\u0103 s\u0103pt\u0103m\u00e2ni \u00eenainte de alegeri, exist\u0103 un conflict deschis \u0219i \u00een toat\u0103 regula \u00eentre cele patru partide de dreapta. Anterior, acestea erau dornice s\u0103-\u0219i pun\u0103 \u00een eviden\u021b\u0103 unitatea. Au sus\u021binut c\u0103 capacitatea celor patru partide componente de a coopera reprezint\u0103 un punct forte pentru dreapta \u2014 c\u0103 sunt de acord s\u0103 guverneze \u00eempreun\u0103, \u0219i c\u0103 aceast\u0103 unitate contrasteaz\u0103 cu fragmentarea st\u00e2ngii, unde cele patru partide destul de disparate care alc\u0103tuiesc aceast\u0103 arip\u0103 a scenei politice suedeze sunt departe de a ajunge la un acord cu privire la care dintre ele ar trebui s\u0103 de\u021bin\u0103 func\u021bii de guvernare sau chiar s\u0103 fac\u0103 parte dintr-o coali\u021bie de guvernare.<\/p>\n<p>Motivul pentru care partidele de dreapta se ceart\u0103 \u00een prezent este probabil faptul c\u0103 \u0219i-au dat seama c\u0103 trebuie s\u0103 dea de \u00een\u021beles c\u0103 nu sunt un singur partid monolitic. La urma urmei, chiar dac\u0103 Democra\u021bii Suedezi s-ar al\u0103tura unui eventual nou guvern de dreapta, ar fi doar unul dintre cele patru partide (sau, eventual, trei, \u00een cazul \u00een care micul Partid Liberal nu ar reu\u0219i s\u0103-\u0219i p\u0103streze locurile \u00een parlament). \u0218i tocmai acesta este mesajul pe care partidele din blocul de dreapta trebuie s\u0103-l transmit\u0103 aleg\u0103torilor indeci\u0219i.<\/p>\n<p>Cet\u0103\u021benii suedezi ar putea ajunge s\u0103 aib\u0103 un guvern de dreapta care s\u0103 nu fie neap\u0103rat dominat de Democra\u021bii Suedezi. Ar putea avea un guvern \u00een care partidele tradi\u021bionale de dreapta \u00ee\u0219i men\u021bin pozi\u021bia \u0219i contracareaz\u0103 ner\u0103bdarea Democra\u021bilor Suedezi \u00een privin\u021ba unor chestiuni precum migra\u021bia \u0219i politica \u00een materie de criminalitate. Cu alte cuvinte, un nou guvern de dreapta nu ar fi pur \u0219i simplu un \u201eguvern SD\u201d (SD fiind abrevierea uzual\u0103 pentru Partidul Democra\u021bilor Suedezi).<\/p>\n<p>Prin urmare, cu dou\u0103 s\u0103pt\u0103m\u00e2ni \u00eenainte de alegeri, Partidul Democra\u021bilor Suedezi se afl\u0103 \u00eentr-o situa\u021bie oarecum ciudat\u0103, \u00eencerc\u00e2nd s\u0103 provoace dispute publice cu partenerii s\u0103i de coali\u021bie. Aceste dispute le reamintesc aleg\u0103torilor indeci\u0219i de dreapta c\u0103 \u00een tab\u0103ra de dreapta exist\u0103 alternative la Partidul Democra\u021bilor Suedezi \u2014 aleg\u0103tori care sunt esen\u021biali pentru ca dreapta s\u0103 ob\u021bin\u0103 victoria.<\/p>\n<p>\u00cen acela\u0219i timp, Partidul Democra\u021bilor Suedezi trebuie s\u0103 se distan\u021beze de partidele tradi\u021bionale de dreapta pentru a le transmite sus\u021bin\u0103torilor lor cei mai radicali c\u0103 r\u0103m\u00e2n dedica\u021bi combaterii migra\u021biei \u0219i a criminalit\u0103\u021bii legate de migra\u021bie.<\/p>\n<p>Astfel, cu dou\u0103 s\u0103pt\u0103m\u00e2ni \u00eenainte de alegeri, blocul de dreapta r\u0103m\u00e2ne unit, de\u0219i \u00een acela\u0219i timp are loc o serie de certuri interne; aceasta este cea mai bun\u0103 strategie pe care au g\u0103sit-o pentru a permite fiec\u0103rui partid s\u0103-\u0219i mobilizeze propriii aleg\u0103tori poten\u021biali.<\/p>\n<p>Democra\u021bia este fascinant\u0103.<\/p>\n<\/p>","protected":false},"excerpt":{"rendered":"<p>Suedia se \u00eendreapt\u0103 spre alegeri pe 13 septembrie. Actualul guvern de dreapta se afl\u0103 \u00een urm\u0103 \u00een sondajele de opinie, iar cu dou\u0103 s\u0103pt\u0103m\u00e2ni \u00eenainte de scrutin, majoritatea indiciilor indic\u0103 o victorie a st\u00e2ngii, chiar dac\u0103 dreapta a \u00eenceput recent s\u0103 c\u00e2\u0219tige ceva teren. Una dintre provoc\u0103rile cu care se confrunt\u0103 dreapta este faptul c\u0103 [&hellip;]<\/p>\n","protected":false},"author":85,"featured_media":62885,"comment_status":"closed","ping_status":"closed","sticky":false,"template":"","format":"standard","meta":{"footnotes":""},"categories":[1464,160],"tags":[3197,3485,2506,3133,554],"editorial-positions":[],"regions":[346],"types":[417,444],"class_list":["post-62933","post","type-post","status-publish","format-standard","has-post-thumbnail","hentry","category-construirea-unei-europe-conservatoare","category-politica","tag-elections26","tag-rightwinggovernment","tag-swedendemocrats","tag-swedishelections","tag-sweden","regions-northern-europe-ro","types-news-ro","types-surveys-ro"],"yoast_head":"<!-- This site is optimized with the Yoast SEO plugin v28.0 - https:\/\/yoast.com\/product\/yoast-seo-wordpress\/ -->\n<title>O dreapt\u0103 unit\u0103 trebuie s\u0103 pun\u0103 \u00een eviden\u021b\u0103 diferen\u021bele interne - The Conservative<\/title>\n<meta name=\"robots\" content=\"index, follow, max-snippet:-1, max-image-preview:large, max-video-preview:-1\" \/>\n<link rel=\"canonical\" href=\"https:\/\/www.theconservative.online\/ro\/o-dreapta-unita-trebuie-sa-puna-in-evidenta-diferentele-interne\" \/>\n<meta property=\"og:locale\" content=\"ro_RO\" \/>\n<meta property=\"og:type\" content=\"article\" \/>\n<meta property=\"og:title\" content=\"O dreapt\u0103 unit\u0103 trebuie s\u0103 pun\u0103 \u00een eviden\u021b\u0103 diferen\u021bele interne - The Conservative\" \/>\n<meta property=\"og:description\" content=\"Suedia se \u00eendreapt\u0103 spre alegeri pe 13 septembrie. Actualul guvern de dreapta se afl\u0103 \u00een urm\u0103 \u00een sondajele de opinie, iar cu dou\u0103 s\u0103pt\u0103m\u00e2ni \u00eenainte de scrutin, majoritatea indiciilor indic\u0103 o victorie a st\u00e2ngii, chiar dac\u0103 dreapta a \u00eenceput recent s\u0103 c\u00e2\u0219tige ceva teren. Una dintre provoc\u0103rile cu care se confrunt\u0103 dreapta este faptul c\u0103 [&hellip;]\" \/>\n<meta property=\"og:url\" content=\"https:\/\/www.theconservative.online\/ro\/o-dreapta-unita-trebuie-sa-puna-in-evidenta-diferentele-interne\" \/>\n<meta property=\"og:site_name\" content=\"The Conservative\" \/>\n<meta property=\"article:published_time\" content=\"2026-08-31T13:57:40+00:00\" \/>\n<meta property=\"og:image\" content=\"https:\/\/www.theconservative.online\/wp-content\/uploads\/2026\/08\/Sverigebild.jpg\" \/>\n\t<meta property=\"og:image:width\" content=\"1000\" \/>\n\t<meta property=\"og:image:height\" content=\"667\" \/>\n\t<meta property=\"og:image:type\" content=\"image\/jpeg\" \/>\n<meta name=\"author\" content=\"Richard S\u00f6rman\" \/>\n<meta name=\"twitter:card\" content=\"summary_large_image\" \/>\n<meta name=\"twitter:label1\" content=\"Scris de\" \/>\n\t<meta name=\"twitter:data1\" content=\"Richard S\u00f6rman\" \/>\n\t<meta name=\"twitter:label2\" content=\"Timp estimat pentru citire\" \/>\n\t<meta name=\"twitter:data2\" content=\"5 minute\" \/>\n<script type=\"application\/ld+json\" class=\"yoast-schema-graph\">{\"@context\":\"https:\\\/\\\/schema.org\",\"@graph\":[{\"@type\":\"Article\",\"@id\":\"https:\\\/\\\/www.theconservative.online\\\/ro\\\/o-dreapta-unita-trebuie-sa-puna-in-evidenta-diferentele-interne#article\",\"isPartOf\":{\"@id\":\"https:\\\/\\\/www.theconservative.online\\\/ro\\\/o-dreapta-unita-trebuie-sa-puna-in-evidenta-diferentele-interne\"},\"author\":{\"name\":\"Richard S\u00f6rman\",\"@id\":\"https:\\\/\\\/www.theconservative.online\\\/ro#\\\/schema\\\/person\\\/769a6928b1a6145a095dde8677e8dc31\"},\"headline\":\"O dreapt\u0103 unit\u0103 trebuie s\u0103 pun\u0103 \u00een eviden\u021b\u0103 diferen\u021bele interne\",\"datePublished\":\"2026-08-31T13:57:40+00:00\",\"mainEntityOfPage\":{\"@id\":\"https:\\\/\\\/www.theconservative.online\\\/ro\\\/o-dreapta-unita-trebuie-sa-puna-in-evidenta-diferentele-interne\"},\"wordCount\":911,\"image\":{\"@id\":\"https:\\\/\\\/www.theconservative.online\\\/ro\\\/o-dreapta-unita-trebuie-sa-puna-in-evidenta-diferentele-interne#primaryimage\"},\"thumbnailUrl\":\"https:\\\/\\\/www.theconservative.online\\\/wp-content\\\/uploads\\\/2026\\\/08\\\/Sverigebild.jpg\",\"keywords\":[\"#elections26\",\"#rightwinggovernment\",\"#swedendemocrats\",\"#swedishelections\",\"Sweden\"],\"articleSection\":[\"Construirea unei Europe conservatoare\",\"Politic\u0103\"],\"inLanguage\":\"ro-RO\"},{\"@type\":\"WebPage\",\"@id\":\"https:\\\/\\\/www.theconservative.online\\\/ro\\\/o-dreapta-unita-trebuie-sa-puna-in-evidenta-diferentele-interne\",\"url\":\"https:\\\/\\\/www.theconservative.online\\\/ro\\\/o-dreapta-unita-trebuie-sa-puna-in-evidenta-diferentele-interne\",\"name\":\"O dreapt\u0103 unit\u0103 trebuie s\u0103 pun\u0103 \u00een eviden\u021b\u0103 diferen\u021bele interne - The Conservative\",\"isPartOf\":{\"@id\":\"https:\\\/\\\/www.theconservative.online\\\/ro#website\"},\"primaryImageOfPage\":{\"@id\":\"https:\\\/\\\/www.theconservative.online\\\/ro\\\/o-dreapta-unita-trebuie-sa-puna-in-evidenta-diferentele-interne#primaryimage\"},\"image\":{\"@id\":\"https:\\\/\\\/www.theconservative.online\\\/ro\\\/o-dreapta-unita-trebuie-sa-puna-in-evidenta-diferentele-interne#primaryimage\"},\"thumbnailUrl\":\"https:\\\/\\\/www.theconservative.online\\\/wp-content\\\/uploads\\\/2026\\\/08\\\/Sverigebild.jpg\",\"datePublished\":\"2026-08-31T13:57:40+00:00\",\"author\":{\"@id\":\"https:\\\/\\\/www.theconservative.online\\\/ro#\\\/schema\\\/person\\\/769a6928b1a6145a095dde8677e8dc31\"},\"breadcrumb\":{\"@id\":\"https:\\\/\\\/www.theconservative.online\\\/ro\\\/o-dreapta-unita-trebuie-sa-puna-in-evidenta-diferentele-interne#breadcrumb\"},\"inLanguage\":\"ro-RO\",\"potentialAction\":[{\"@type\":\"ReadAction\",\"target\":[\"https:\\\/\\\/www.theconservative.online\\\/ro\\\/o-dreapta-unita-trebuie-sa-puna-in-evidenta-diferentele-interne\"]}]},{\"@type\":\"ImageObject\",\"inLanguage\":\"ro-RO\",\"@id\":\"https:\\\/\\\/www.theconservative.online\\\/ro\\\/o-dreapta-unita-trebuie-sa-puna-in-evidenta-diferentele-interne#primaryimage\",\"url\":\"https:\\\/\\\/www.theconservative.online\\\/wp-content\\\/uploads\\\/2026\\\/08\\\/Sverigebild.jpg\",\"contentUrl\":\"https:\\\/\\\/www.theconservative.online\\\/wp-content\\\/uploads\\\/2026\\\/08\\\/Sverigebild.jpg\",\"width\":1000,\"height\":667},{\"@type\":\"BreadcrumbList\",\"@id\":\"https:\\\/\\\/www.theconservative.online\\\/ro\\\/o-dreapta-unita-trebuie-sa-puna-in-evidenta-diferentele-interne#breadcrumb\",\"itemListElement\":[{\"@type\":\"ListItem\",\"position\":1,\"name\":\"Home\",\"item\":\"https:\\\/\\\/www.theconservative.online\\\/ro\"},{\"@type\":\"ListItem\",\"position\":2,\"name\":\"O dreapt\u0103 unit\u0103 trebuie s\u0103 pun\u0103 \u00een eviden\u021b\u0103 diferen\u021bele interne\"}]},{\"@type\":\"WebSite\",\"@id\":\"https:\\\/\\\/www.theconservative.online\\\/ro#website\",\"url\":\"https:\\\/\\\/www.theconservative.online\\\/ro\",\"name\":\"The Conservative\",\"description\":\"\",\"potentialAction\":[{\"@type\":\"SearchAction\",\"target\":{\"@type\":\"EntryPoint\",\"urlTemplate\":\"https:\\\/\\\/www.theconservative.online\\\/ro?s={search_term_string}\"},\"query-input\":{\"@type\":\"PropertyValueSpecification\",\"valueRequired\":true,\"valueName\":\"search_term_string\"}}],\"inLanguage\":\"ro-RO\"},{\"@type\":\"Person\",\"@id\":\"https:\\\/\\\/www.theconservative.online\\\/ro#\\\/schema\\\/person\\\/769a6928b1a6145a095dde8677e8dc31\",\"name\":\"Richard S\u00f6rman\",\"image\":{\"@type\":\"ImageObject\",\"inLanguage\":\"ro-RO\",\"@id\":\"https:\\\/\\\/secure.gravatar.com\\\/avatar\\\/31160c632b280151f52ca490d363172fd554ee64571053ac4dfe486bab7399f5?s=96&d=mm&r=g\",\"url\":\"https:\\\/\\\/secure.gravatar.com\\\/avatar\\\/31160c632b280151f52ca490d363172fd554ee64571053ac4dfe486bab7399f5?s=96&d=mm&r=g\",\"contentUrl\":\"https:\\\/\\\/secure.gravatar.com\\\/avatar\\\/31160c632b280151f52ca490d363172fd554ee64571053ac4dfe486bab7399f5?s=96&d=mm&r=g\",\"caption\":\"Richard S\u00f6rman\"},\"url\":\"https:\\\/\\\/www.theconservative.online\\\/ro\\\/author\\\/riks-euspec-2025-2026\"}]}<\/script>\n<!-- \/ Yoast SEO plugin. -->","yoast_head_json":{"title":"O dreapt\u0103 unit\u0103 trebuie s\u0103 pun\u0103 \u00een eviden\u021b\u0103 diferen\u021bele interne - The Conservative","robots":{"index":"index","follow":"follow","max-snippet":"max-snippet:-1","max-image-preview":"max-image-preview:large","max-video-preview":"max-video-preview:-1"},"canonical":"https:\/\/www.theconservative.online\/ro\/o-dreapta-unita-trebuie-sa-puna-in-evidenta-diferentele-interne","og_locale":"ro_RO","og_type":"article","og_title":"O dreapt\u0103 unit\u0103 trebuie s\u0103 pun\u0103 \u00een eviden\u021b\u0103 diferen\u021bele interne - The Conservative","og_description":"Suedia se \u00eendreapt\u0103 spre alegeri pe 13 septembrie. Actualul guvern de dreapta se afl\u0103 \u00een urm\u0103 \u00een sondajele de opinie, iar cu dou\u0103 s\u0103pt\u0103m\u00e2ni \u00eenainte de scrutin, majoritatea indiciilor indic\u0103 o victorie a st\u00e2ngii, chiar dac\u0103 dreapta a \u00eenceput recent s\u0103 c\u00e2\u0219tige ceva teren. Una dintre provoc\u0103rile cu care se confrunt\u0103 dreapta este faptul c\u0103 [&hellip;]","og_url":"https:\/\/www.theconservative.online\/ro\/o-dreapta-unita-trebuie-sa-puna-in-evidenta-diferentele-interne","og_site_name":"The Conservative","article_published_time":"2026-08-31T13:57:40+00:00","og_image":[{"width":1000,"height":667,"url":"https:\/\/www.theconservative.online\/wp-content\/uploads\/2026\/08\/Sverigebild.jpg","type":"image\/jpeg"}],"author":"Richard S\u00f6rman","twitter_card":"summary_large_image","twitter_misc":{"Scris de":"Richard S\u00f6rman","Timp estimat pentru citire":"5 minute"},"schema":{"@context":"https:\/\/schema.org","@graph":[{"@type":"Article","@id":"https:\/\/www.theconservative.online\/ro\/o-dreapta-unita-trebuie-sa-puna-in-evidenta-diferentele-interne#article","isPartOf":{"@id":"https:\/\/www.theconservative.online\/ro\/o-dreapta-unita-trebuie-sa-puna-in-evidenta-diferentele-interne"},"author":{"name":"Richard S\u00f6rman","@id":"https:\/\/www.theconservative.online\/ro#\/schema\/person\/769a6928b1a6145a095dde8677e8dc31"},"headline":"O dreapt\u0103 unit\u0103 trebuie s\u0103 pun\u0103 \u00een eviden\u021b\u0103 diferen\u021bele interne","datePublished":"2026-08-31T13:57:40+00:00","mainEntityOfPage":{"@id":"https:\/\/www.theconservative.online\/ro\/o-dreapta-unita-trebuie-sa-puna-in-evidenta-diferentele-interne"},"wordCount":911,"image":{"@id":"https:\/\/www.theconservative.online\/ro\/o-dreapta-unita-trebuie-sa-puna-in-evidenta-diferentele-interne#primaryimage"},"thumbnailUrl":"https:\/\/www.theconservative.online\/wp-content\/uploads\/2026\/08\/Sverigebild.jpg","keywords":["#elections26","#rightwinggovernment","#swedendemocrats","#swedishelections","Sweden"],"articleSection":["Construirea unei Europe conservatoare","Politic\u0103"],"inLanguage":"ro-RO"},{"@type":"WebPage","@id":"https:\/\/www.theconservative.online\/ro\/o-dreapta-unita-trebuie-sa-puna-in-evidenta-diferentele-interne","url":"https:\/\/www.theconservative.online\/ro\/o-dreapta-unita-trebuie-sa-puna-in-evidenta-diferentele-interne","name":"O dreapt\u0103 unit\u0103 trebuie s\u0103 pun\u0103 \u00een eviden\u021b\u0103 diferen\u021bele interne - The Conservative","isPartOf":{"@id":"https:\/\/www.theconservative.online\/ro#website"},"primaryImageOfPage":{"@id":"https:\/\/www.theconservative.online\/ro\/o-dreapta-unita-trebuie-sa-puna-in-evidenta-diferentele-interne#primaryimage"},"image":{"@id":"https:\/\/www.theconservative.online\/ro\/o-dreapta-unita-trebuie-sa-puna-in-evidenta-diferentele-interne#primaryimage"},"thumbnailUrl":"https:\/\/www.theconservative.online\/wp-content\/uploads\/2026\/08\/Sverigebild.jpg","datePublished":"2026-08-31T13:57:40+00:00","author":{"@id":"https:\/\/www.theconservative.online\/ro#\/schema\/person\/769a6928b1a6145a095dde8677e8dc31"},"breadcrumb":{"@id":"https:\/\/www.theconservative.online\/ro\/o-dreapta-unita-trebuie-sa-puna-in-evidenta-diferentele-interne#breadcrumb"},"inLanguage":"ro-RO","potentialAction":[{"@type":"ReadAction","target":["https:\/\/www.theconservative.online\/ro\/o-dreapta-unita-trebuie-sa-puna-in-evidenta-diferentele-interne"]}]},{"@type":"ImageObject","inLanguage":"ro-RO","@id":"https:\/\/www.theconservative.online\/ro\/o-dreapta-unita-trebuie-sa-puna-in-evidenta-diferentele-interne#primaryimage","url":"https:\/\/www.theconservative.online\/wp-content\/uploads\/2026\/08\/Sverigebild.jpg","contentUrl":"https:\/\/www.theconservative.online\/wp-content\/uploads\/2026\/08\/Sverigebild.jpg","width":1000,"height":667},{"@type":"BreadcrumbList","@id":"https:\/\/www.theconservative.online\/ro\/o-dreapta-unita-trebuie-sa-puna-in-evidenta-diferentele-interne#breadcrumb","itemListElement":[{"@type":"ListItem","position":1,"name":"Home","item":"https:\/\/www.theconservative.online\/ro"},{"@type":"ListItem","position":2,"name":"O dreapt\u0103 unit\u0103 trebuie s\u0103 pun\u0103 \u00een eviden\u021b\u0103 diferen\u021bele interne"}]},{"@type":"WebSite","@id":"https:\/\/www.theconservative.online\/ro#website","url":"https:\/\/www.theconservative.online\/ro","name":"The Conservative","description":"","potentialAction":[{"@type":"SearchAction","target":{"@type":"EntryPoint","urlTemplate":"https:\/\/www.theconservative.online\/ro?s={search_term_string}"},"query-input":{"@type":"PropertyValueSpecification","valueRequired":true,"valueName":"search_term_string"}}],"inLanguage":"ro-RO"},{"@type":"Person","@id":"https:\/\/www.theconservative.online\/ro#\/schema\/person\/769a6928b1a6145a095dde8677e8dc31","name":"Richard S\u00f6rman","image":{"@type":"ImageObject","inLanguage":"ro-RO","@id":"https:\/\/secure.gravatar.com\/avatar\/31160c632b280151f52ca490d363172fd554ee64571053ac4dfe486bab7399f5?s=96&d=mm&r=g","url":"https:\/\/secure.gravatar.com\/avatar\/31160c632b280151f52ca490d363172fd554ee64571053ac4dfe486bab7399f5?s=96&d=mm&r=g","contentUrl":"https:\/\/secure.gravatar.com\/avatar\/31160c632b280151f52ca490d363172fd554ee64571053ac4dfe486bab7399f5?s=96&d=mm&r=g","caption":"Richard S\u00f6rman"},"url":"https:\/\/www.theconservative.online\/ro\/author\/riks-euspec-2025-2026"}]}},"acf":[],"_links":{"self":[{"href":"https:\/\/www.theconservative.online\/ro\/wp-json\/wp\/v2\/posts\/62933","targetHints":{"allow":["GET"]}}],"collection":[{"href":"https:\/\/www.theconservative.online\/ro\/wp-json\/wp\/v2\/posts"}],"about":[{"href":"https:\/\/www.theconservative.online\/ro\/wp-json\/wp\/v2\/types\/post"}],"author":[{"embeddable":true,"href":"https:\/\/www.theconservative.online\/ro\/wp-json\/wp\/v2\/users\/85"}],"replies":[{"embeddable":true,"href":"https:\/\/www.theconservative.online\/ro\/wp-json\/wp\/v2\/comments?post=62933"}],"version-history":[{"count":0,"href":"https:\/\/www.theconservative.online\/ro\/wp-json\/wp\/v2\/posts\/62933\/revisions"}],"wp:featuredmedia":[{"embeddable":true,"href":"https:\/\/www.theconservative.online\/ro\/wp-json\/wp\/v2\/media\/62885"}],"wp:attachment":[{"href":"https:\/\/www.theconservative.online\/ro\/wp-json\/wp\/v2\/media?parent=62933"}],"wp:term":[{"taxonomy":"category","embeddable":true,"href":"https:\/\/www.theconservative.online\/ro\/wp-json\/wp\/v2\/categories?post=62933"},{"taxonomy":"post_tag","embeddable":true,"href":"https:\/\/www.theconservative.online\/ro\/wp-json\/wp\/v2\/tags?post=62933"},{"taxonomy":"editorial-positions","embeddable":true,"href":"https:\/\/www.theconservative.online\/ro\/wp-json\/wp\/v2\/editorial-positions?post=62933"},{"taxonomy":"regions","embeddable":true,"href":"https:\/\/www.theconservative.online\/ro\/wp-json\/wp\/v2\/regions?post=62933"},{"taxonomy":"types","embeddable":true,"href":"https:\/\/www.theconservative.online\/ro\/wp-json\/wp\/v2\/types?post=62933"}],"curies":[{"name":"wp","href":"https:\/\/api.w.org\/{rel}","templated":true}]}}