{"id":62950,"date":"2026-08-27T14:34:32","date_gmt":"2026-08-27T14:34:32","guid":{"rendered":"https:\/\/www.theconservative.online\/romania-tocmai-a-demascat-bluful-bruxelles-ului-iar-ipocrizia-usr-este-adevarata-poveste"},"modified":"2026-08-27T14:34:32","modified_gmt":"2026-08-27T14:34:32","slug":"romania-tocmai-a-demascat-bluful-bruxelles-ului-iar-ipocrizia-usr-este-adevarata-poveste","status":"publish","type":"post","link":"https:\/\/www.theconservative.online\/ro\/romania-tocmai-a-demascat-bluful-bruxelles-ului-iar-ipocrizia-usr-este-adevarata-poveste","title":{"rendered":"Rom\u00e2nia tocmai a demascat bluful Bruxelles-ului, iar ipocrizia USR este adev\u0103rata poveste"},"content":{"rendered":"<p>Senatul Rom\u00e2niei a f\u0103cut miercuri ceva ce ar fi p\u0103rut de neimaginat acum o lun\u0103: a privit \u00een fa\u021b\u0103 amenin\u021barea venit\u0103 din partea a dou\u0103 dintre cele mai mari familii politice din Parlamentul European \u0219i a votat oricum. Noua Lege a integrit\u0103\u021bii a fost adoptat\u0103 cu 106 voturi pentru \u0219i 19 \u00eempotriv\u0103, iar singurii senatori care s-au opus au fost cei din USR, partidul primarului din Timi\u0219oara, Dominic Fritz. Nici PSD, nici PNL, nici AUR. Doar USR, singur, ap\u0103r\u00e2nd postul unui singur om.<\/p>\n<p>Legea, cunoscut\u0103 oficial sub denumirea de \u201eLegea ANI\u201d, reprezint\u0103 o etap\u0103 important\u0103 a PNRR, una dintre condi\u021biile tehnice pe care Rom\u00e2nia trebuie s\u0103 le \u00eendeplineasc\u0103 p\u00e2n\u0103 la 31 august pentru a debloca 770 de milioane de euro din fondurile de redresare ale UE. \u00cen textul acesteia se reg\u0103se\u0219te a\u0219a-numitul \u201eamendament Fritz\u201d: o clauz\u0103 care prevede c\u0103 ORICE func\u021bionar public a c\u0103rui incompatibilitate sau conflict de interese a fost stabilit\u0103 definitiv de o instan\u021b\u0103 \u00ee\u0219i pierde mandatul la 30 de zile de la intrarea \u00een vigoare a legii, cu condi\u021bia ca perioada de interdic\u021bie de trei ani s\u0103 nu fi expirat deja.<\/p>\n<p>Nu este vorba de o ipotez\u0103. Patru instan\u021be rom\u00e2ne au hot\u0103r\u00e2t, \u00een unanimitate, c\u0103 Fritz se afla \u00eentr-un conflict de interese atunci c\u00e2nd a semnat un document de urbanism (PUZ) care aducea beneficii unei persoane care f\u0103cuse o dona\u021bie pentru campania sa electoral\u0103. Curtea Constitu\u021bional\u0103 s-a pronun\u021bat pe 17 august \u0219i a confirmat c\u0103 amendamentul este pe deplin constitu\u021bional. A\u0219adar, \u00een momentul \u00een care Senatul a votat s\u0103pt\u0103m\u00e2na aceasta, nu mai era vorba de fapt despre o dezbatere privind \u00eenc\u0103lcarea regulilor de c\u0103tre Fritz, \u00eentruc\u00e2t instan\u021bele l-au stabilit deja acest lucru cu luni \u00een urm\u0103. Votul a vizat dac\u0103 Parlamentul Rom\u00e2niei va permite ca hot\u0103r\u00e2rea s\u0103 aib\u0103 efect real. \u0218i a avut. Proiectul de lege se \u00eendreapt\u0103 acum c\u0103tre pre\u0219edintele Nicu\u0219or Dan pentru promulgare, iar odat\u0103 ce va intra \u00een vigoare, Fritz \u0219i al\u021bi peste 120 de func\u021bionari afla\u021bi \u00een situa\u021bii juridice similare vor avea la dispozi\u021bie 30 de zile pentru a-\u0219i preda func\u021biile.<\/p>\n<p>Aici povestea devine cu adev\u0103rat interesant\u0103 \u0219i aici multe dintre scenariile politice obi\u0219nuite au fost date peste cap. AUR a votat ast\u0103zi \u00een Senat \u00een favoarea legii privind integritatea. Pre\u0219edintele AUR, George Simion, a fost categoric \u00een aceast\u0103 privin\u021b\u0103: AUR a sus\u021binut a\u0219a-numitul amendament Fritz \u201epentru c\u0103 este normal ca oricine se afl\u0103 \u00een situa\u021bie de incompatibilitate s\u0103 plece acas\u0103\u201d. AUR s-a aliniat deciziilor judec\u0103tore\u0219ti existente \u2013 patru hot\u0103r\u00e2ri \u0219i o confirmare a Cur\u021bii Constitu\u021bionale \u2013, insist\u00e2nd totodat\u0103 ca standardul s\u0103 se aplice tuturor \u00een mod egal, nu doar \u021bintelor convenabile. De remarcat c\u0103 AUR \u00eencercase anterior s\u0103 extind\u0103 \u0219i mai mult legea, insist\u00e2nd ca \u0219i partenerii de via\u021b\u0103 ai politicienilor s\u0103 fie obliga\u021bi s\u0103-\u0219i declare averea, de\u0219i aceast\u0103 prevedere nu a fost inclus\u0103 \u00een textul final al Senatului.<\/p>\n<p>Acum s\u0103 trecem la partea mai greu de prezentat \u00eentr-o lumin\u0103 favorabil\u0103. USR \u0219i-a construit brandul de-a lungul anilor pe o singur\u0103 promisiune: toleran\u021b\u0103 zero fa\u021b\u0103 de corup\u021bie \u0219i conflicte de interese, indiferent de persoanele implicate. Acesta este singurul motiv pentru care partidul exist\u0103. Cu toate acestea, atunci c\u00e2nd instan\u021bele au constatat c\u0103 propriul pre\u0219edinte de partid se afla \u00eentr-o situa\u021bie clasic\u0103 de conflict de interese, aduc\u00e2nd beneficii unui donator de campanie printr-o decizie oficial\u0103 privind zonarea, senatorii USR au fost singurul bloc din \u00eentreaga camer\u0103 care a votat \u00eempotriva aplic\u0103rii legii.<\/p>\n<p>Partidul nu s-a limitat la a vota \u201enu\u201d pe plan intern. Situa\u021bia s-a extins la Bruxelles. Deoarece USR face parte din grupul Renew Europe, iar aripa Bolojan a PNL face parte din Partidul Popular European, ambele familii politice europene au trimis o scrisoare comun\u0103 datat\u0103 24 august, semnat\u0103 de liderul PPE, Manfred Weber, \u0219i de liderul Renew Europe, Val\u00e9rie Hayer, prin care \u00eei solicit\u0103 pre\u0219edintei Comisiei Europene, Ursula von der Leyen, s\u0103 re\u021bin\u0103 fondurile PNRR \u00een valoare de 770 de milioane de euro, p\u00e2n\u0103 c\u00e2nd Bucure\u0219tiul va renun\u021ba la amendament. Scrisoarea prezint\u0103 aceast\u0103 chestiune ca o problem\u0103 legat\u0103 de statul de drept, sus\u021bin\u00e2nd c\u0103 Comisia nu ar trebui s\u0103 trateze plata ca pe o chestiune \u201epur tehnic\u0103\u201d, ci ar trebui s\u0103 verifice dac\u0103 reforma Rom\u00e2niei respect\u0103 standardele juridice ale UE.<\/p>\n<p>Ulterior, Weber a \u00eencercat s\u0103 atenueze mesajul, declar\u00e2nd public c\u0103 PPE nu dore\u0219te ca Rom\u00e2nia s\u0103 piard\u0103 \u201eniciun euro\u201d din fondurile sale de redresare. \u00cens\u0103 scrisoarea \u00een sine este lipsit\u0103 de ambiguitate: ea leag\u0103 \u00een mod explicit acordarea fondurilor de abrogarea unei dispozi\u021bii legislative specifice care vizeaz\u0103, \u00een practic\u0103, o anumit\u0103 persoan\u0103, ale c\u0103rei probleme juridice au fost constatate de instan\u021bele rom\u00e2ne, nu de adversarii politici.<\/p>\n<p>Dac\u0103 l\u0103s\u0103m deoparte acronimele, ceea ce r\u0103m\u00e2ne este o imagine cu adev\u0103rat jenant\u0103. Un primar rom\u00e2n, despre care instan\u021bele din propria \u021bar\u0103 \u2013 la patru niveluri diferite, plus Curtea Constitu\u021bional\u0103 \u2013 au constatat c\u0103 se afl\u0103 \u00eentr-un conflict de interese, este ap\u0103rat nu de institu\u021biile rom\u00e2ne, ci de liderii unor partide str\u0103ine, care fac presiuni asupra Bruxelles-ului s\u0103 sanc\u021bioneze financiar 20 de milioane de rom\u00e2ni, dac\u0103 nu i se protejeaz\u0103 func\u021bia unui singur primar. Reportajele au men\u021bionat, de asemenea, c\u0103 Siegfried Mure\u0219an, din PNL, a f\u0103cut lobby direct pe l\u00e2ng\u0103 Weber \u00een numele lui Fritz, ceea ce ajut\u0103 la explicarea motivului pentru care un partid de centru-dreapta s-a trezit s\u0103 apere un primar aliniat la Renew.<\/p>\n<p>Nici Fritz \u00eensu\u0219i nu a t\u0103cut, calific\u00e2nd hot\u0103r\u00e2rea Cur\u021bii Constitu\u021bionale drept un \u201eabuz brutal de putere\u201d pe care instan\u021ba l-a \u201evalidat\u201d \u00een loc s\u0103-l opreasc\u0103 \u0219i sus\u021bin\u00e2nd c\u0103 redefinirea din lege a actelor normative, precum PUZ, restr\u00e2nge \u00een mod pervers ceea ce se va considera conflict de interese de acum \u00eenainte. Acesta este un argument juridic legitim care poate fi invocat \u00een instan\u021bele rom\u00e2ne\u0219ti sau la Curtea Constitu\u021bional\u0103, unde a pierdut deja ambele cauze. Transformarea acestuia \u00eentr-o campanie de lobby \u00eendreptat\u0103 \u00eempotriva fondurilor UE destinate Rom\u00e2niei, desf\u0103\u0219urat\u0103 prin intermediul structurilor de partid de la Bruxelles, este cu totul altceva.<\/p>\n<p>Problema de fond nu mai \u021bine, de fapt, de autoriza\u021bia de urbanism a lui Fritz, ci de faptul dac\u0103 o familie politic\u0103 european\u0103 poate s\u0103 treac\u0103 peste o hot\u0103r\u00e2re a unei instan\u021be na\u021bionale amenin\u021b\u00e2nd cu retragerea fondurilor de redresare ale unei \u021b\u0103ri. Rom\u00e2nia se confrunt\u0103 cu numeroase probleme legitime legate de statul de drept care merit\u0103 analizate. Punerea \u00een aplicare a unei hot\u0103r\u00e2ri judec\u0103tore\u0219ti conform c\u0103reia un anumit func\u021bionar a \u00eenc\u0103lcat normele privind conflictul de interese nu se num\u0103r\u0103 printre acestea. Dimpotriv\u0103.<\/p>\n","protected":false},"excerpt":{"rendered":"<p>Senatul Rom\u00e2niei a f\u0103cut miercuri ceva ce ar fi p\u0103rut de neimaginat acum o lun\u0103: a privit \u00een fa\u021b\u0103 amenin\u021barea venit\u0103 din partea a dou\u0103 dintre cele mai mari familii politice din Parlamentul European \u0219i a votat oricum. Noua Lege a integrit\u0103\u021bii a fost adoptat\u0103 cu 106 voturi pentru \u0219i 19 \u00eempotriv\u0103, iar singurii senatori [&hellip;]<\/p>\n","protected":false},"author":79,"featured_media":62549,"comment_status":"closed","ping_status":"closed","sticky":false,"template":"","format":"standard","meta":{"footnotes":""},"categories":[160,8],"tags":[],"editorial-positions":[],"regions":[],"types":[],"class_list":["post-62950","post","type-post","status-publish","format-standard","has-post-thumbnail","hentry","category-politica","category-uncategorized-ro"],"yoast_head":"<!-- This site is optimized with the Yoast SEO plugin v28.0 - https:\/\/yoast.com\/product\/yoast-seo-wordpress\/ -->\n<title>Rom\u00e2nia tocmai a demascat bluful Bruxelles-ului, iar ipocrizia USR este adev\u0103rata poveste - The Conservative<\/title>\n<meta name=\"robots\" content=\"index, follow, max-snippet:-1, max-image-preview:large, max-video-preview:-1\" \/>\n<link rel=\"canonical\" href=\"https:\/\/www.theconservative.online\/ro\/romania-tocmai-a-demascat-bluful-bruxelles-ului-iar-ipocrizia-usr-este-adevarata-poveste\" \/>\n<meta property=\"og:locale\" content=\"ro_RO\" \/>\n<meta property=\"og:type\" content=\"article\" \/>\n<meta property=\"og:title\" content=\"Rom\u00e2nia tocmai a demascat bluful Bruxelles-ului, iar ipocrizia USR este adev\u0103rata poveste - The Conservative\" \/>\n<meta property=\"og:description\" content=\"Senatul Rom\u00e2niei a f\u0103cut miercuri ceva ce ar fi p\u0103rut de neimaginat acum o lun\u0103: a privit \u00een fa\u021b\u0103 amenin\u021barea venit\u0103 din partea a dou\u0103 dintre cele mai mari familii politice din Parlamentul European \u0219i a votat oricum. Noua Lege a integrit\u0103\u021bii a fost adoptat\u0103 cu 106 voturi pentru \u0219i 19 \u00eempotriv\u0103, iar singurii senatori [&hellip;]\" \/>\n<meta property=\"og:url\" content=\"https:\/\/www.theconservative.online\/ro\/romania-tocmai-a-demascat-bluful-bruxelles-ului-iar-ipocrizia-usr-este-adevarata-poveste\" \/>\n<meta property=\"og:site_name\" content=\"The Conservative\" \/>\n<meta property=\"article:published_time\" content=\"2026-08-27T14:34:32+00:00\" \/>\n<meta property=\"og:image\" content=\"https:\/\/www.theconservative.online\/wp-content\/uploads\/2026\/08\/EUROParliament.jpg\" \/>\n\t<meta property=\"og:image:width\" content=\"1168\" \/>\n\t<meta property=\"og:image:height\" content=\"784\" \/>\n\t<meta property=\"og:image:type\" content=\"image\/jpeg\" \/>\n<meta name=\"author\" content=\"Iosefina Pascal\" \/>\n<meta name=\"twitter:card\" content=\"summary_large_image\" \/>\n<meta name=\"twitter:label1\" content=\"Scris de\" \/>\n\t<meta name=\"twitter:data1\" content=\"Iosefina Pascal\" \/>\n\t<meta name=\"twitter:label2\" content=\"Timp estimat pentru citire\" \/>\n\t<meta name=\"twitter:data2\" content=\"6 minute\" \/>\n<script type=\"application\/ld+json\" class=\"yoast-schema-graph\">{\"@context\":\"https:\\\/\\\/schema.org\",\"@graph\":[{\"@type\":\"Article\",\"@id\":\"https:\\\/\\\/www.theconservative.online\\\/ro\\\/romania-tocmai-a-demascat-bluful-bruxelles-ului-iar-ipocrizia-usr-este-adevarata-poveste#article\",\"isPartOf\":{\"@id\":\"https:\\\/\\\/www.theconservative.online\\\/ro\\\/romania-tocmai-a-demascat-bluful-bruxelles-ului-iar-ipocrizia-usr-este-adevarata-poveste\"},\"author\":{\"name\":\"Iosefina Pascal\",\"@id\":\"https:\\\/\\\/www.theconservative.online\\\/ro#\\\/schema\\\/person\\\/a058eee3b153ac2215cf616d9795653b\"},\"headline\":\"Rom\u00e2nia tocmai a demascat bluful Bruxelles-ului, iar ipocrizia USR este adev\u0103rata poveste\",\"datePublished\":\"2026-08-27T14:34:32+00:00\",\"mainEntityOfPage\":{\"@id\":\"https:\\\/\\\/www.theconservative.online\\\/ro\\\/romania-tocmai-a-demascat-bluful-bruxelles-ului-iar-ipocrizia-usr-este-adevarata-poveste\"},\"wordCount\":1196,\"image\":{\"@id\":\"https:\\\/\\\/www.theconservative.online\\\/ro\\\/romania-tocmai-a-demascat-bluful-bruxelles-ului-iar-ipocrizia-usr-este-adevarata-poveste#primaryimage\"},\"thumbnailUrl\":\"https:\\\/\\\/www.theconservative.online\\\/wp-content\\\/uploads\\\/2026\\\/08\\\/EUROParliament.jpg\",\"articleSection\":[\"Politic\u0103\",\"Uncategorized @ro\"],\"inLanguage\":\"ro-RO\"},{\"@type\":\"WebPage\",\"@id\":\"https:\\\/\\\/www.theconservative.online\\\/ro\\\/romania-tocmai-a-demascat-bluful-bruxelles-ului-iar-ipocrizia-usr-este-adevarata-poveste\",\"url\":\"https:\\\/\\\/www.theconservative.online\\\/ro\\\/romania-tocmai-a-demascat-bluful-bruxelles-ului-iar-ipocrizia-usr-este-adevarata-poveste\",\"name\":\"Rom\u00e2nia tocmai a demascat bluful Bruxelles-ului, iar ipocrizia USR este adev\u0103rata poveste - The Conservative\",\"isPartOf\":{\"@id\":\"https:\\\/\\\/www.theconservative.online\\\/ro#website\"},\"primaryImageOfPage\":{\"@id\":\"https:\\\/\\\/www.theconservative.online\\\/ro\\\/romania-tocmai-a-demascat-bluful-bruxelles-ului-iar-ipocrizia-usr-este-adevarata-poveste#primaryimage\"},\"image\":{\"@id\":\"https:\\\/\\\/www.theconservative.online\\\/ro\\\/romania-tocmai-a-demascat-bluful-bruxelles-ului-iar-ipocrizia-usr-este-adevarata-poveste#primaryimage\"},\"thumbnailUrl\":\"https:\\\/\\\/www.theconservative.online\\\/wp-content\\\/uploads\\\/2026\\\/08\\\/EUROParliament.jpg\",\"datePublished\":\"2026-08-27T14:34:32+00:00\",\"author\":{\"@id\":\"https:\\\/\\\/www.theconservative.online\\\/ro#\\\/schema\\\/person\\\/a058eee3b153ac2215cf616d9795653b\"},\"breadcrumb\":{\"@id\":\"https:\\\/\\\/www.theconservative.online\\\/ro\\\/romania-tocmai-a-demascat-bluful-bruxelles-ului-iar-ipocrizia-usr-este-adevarata-poveste#breadcrumb\"},\"inLanguage\":\"ro-RO\",\"potentialAction\":[{\"@type\":\"ReadAction\",\"target\":[\"https:\\\/\\\/www.theconservative.online\\\/ro\\\/romania-tocmai-a-demascat-bluful-bruxelles-ului-iar-ipocrizia-usr-este-adevarata-poveste\"]}]},{\"@type\":\"ImageObject\",\"inLanguage\":\"ro-RO\",\"@id\":\"https:\\\/\\\/www.theconservative.online\\\/ro\\\/romania-tocmai-a-demascat-bluful-bruxelles-ului-iar-ipocrizia-usr-este-adevarata-poveste#primaryimage\",\"url\":\"https:\\\/\\\/www.theconservative.online\\\/wp-content\\\/uploads\\\/2026\\\/08\\\/EUROParliament.jpg\",\"contentUrl\":\"https:\\\/\\\/www.theconservative.online\\\/wp-content\\\/uploads\\\/2026\\\/08\\\/EUROParliament.jpg\",\"width\":1168,\"height\":784,\"caption\":\"Signature: ZQy8xm1QBYQSFqF2758n0Smv\\\/aWGpQnFnVW29d5QxWS7TC8n30w7E3Btp4yrL9CMqScD0WcYrIJI7LUqggxaG9OUC9JqeDf9Ou+x9iUzh7MqMXZYfzDvTjVnPrdzSSWhOFKX9aM\\\/Rsf5HuhFn5c2IlZZvBkswNq7dNSoqLiHL0o1tvJkqfZa+yJoY2UgOXSFpzL5uNT9Vna+pk0SRE6j\\\/v\\\/KDcWaveOD4Y7Fj568iaR0npSHqxnsGCQW0q7oQROoIAVhH+GLB9F+PMrCyVmxZdKU2nf+gSnAAyyLVhY7of+A+Zjx1FVwx81ECJ6\\\/QtZuMi1a1Ab7kVr\\\/JcOfKxuJOA==\"},{\"@type\":\"BreadcrumbList\",\"@id\":\"https:\\\/\\\/www.theconservative.online\\\/ro\\\/romania-tocmai-a-demascat-bluful-bruxelles-ului-iar-ipocrizia-usr-este-adevarata-poveste#breadcrumb\",\"itemListElement\":[{\"@type\":\"ListItem\",\"position\":1,\"name\":\"Home\",\"item\":\"https:\\\/\\\/www.theconservative.online\\\/ro\"},{\"@type\":\"ListItem\",\"position\":2,\"name\":\"Rom\u00e2nia tocmai a demascat bluful Bruxelles-ului, iar ipocrizia USR este adev\u0103rata poveste\"}]},{\"@type\":\"WebSite\",\"@id\":\"https:\\\/\\\/www.theconservative.online\\\/ro#website\",\"url\":\"https:\\\/\\\/www.theconservative.online\\\/ro\",\"name\":\"The Conservative\",\"description\":\"\",\"potentialAction\":[{\"@type\":\"SearchAction\",\"target\":{\"@type\":\"EntryPoint\",\"urlTemplate\":\"https:\\\/\\\/www.theconservative.online\\\/ro?s={search_term_string}\"},\"query-input\":{\"@type\":\"PropertyValueSpecification\",\"valueRequired\":true,\"valueName\":\"search_term_string\"}}],\"inLanguage\":\"ro-RO\"},{\"@type\":\"Person\",\"@id\":\"https:\\\/\\\/www.theconservative.online\\\/ro#\\\/schema\\\/person\\\/a058eee3b153ac2215cf616d9795653b\",\"name\":\"Iosefina Pascal\",\"image\":{\"@type\":\"ImageObject\",\"inLanguage\":\"ro-RO\",\"@id\":\"https:\\\/\\\/secure.gravatar.com\\\/avatar\\\/b6c6576a2be336212e2c44862e76e71f326a3e912cd8ca0a6856a38198536fd3?s=96&d=mm&r=g\",\"url\":\"https:\\\/\\\/secure.gravatar.com\\\/avatar\\\/b6c6576a2be336212e2c44862e76e71f326a3e912cd8ca0a6856a38198536fd3?s=96&d=mm&r=g\",\"contentUrl\":\"https:\\\/\\\/secure.gravatar.com\\\/avatar\\\/b6c6576a2be336212e2c44862e76e71f326a3e912cd8ca0a6856a38198536fd3?s=96&d=mm&r=g\",\"caption\":\"Iosefina Pascal\"},\"url\":\"https:\\\/\\\/www.theconservative.online\\\/ro\\\/author\\\/pascal-eunat-2025-26\"}]}<\/script>\n<!-- \/ Yoast SEO plugin. -->","yoast_head_json":{"title":"Rom\u00e2nia tocmai a demascat bluful Bruxelles-ului, iar ipocrizia USR este adev\u0103rata poveste - The Conservative","robots":{"index":"index","follow":"follow","max-snippet":"max-snippet:-1","max-image-preview":"max-image-preview:large","max-video-preview":"max-video-preview:-1"},"canonical":"https:\/\/www.theconservative.online\/ro\/romania-tocmai-a-demascat-bluful-bruxelles-ului-iar-ipocrizia-usr-este-adevarata-poveste","og_locale":"ro_RO","og_type":"article","og_title":"Rom\u00e2nia tocmai a demascat bluful Bruxelles-ului, iar ipocrizia USR este adev\u0103rata poveste - The Conservative","og_description":"Senatul Rom\u00e2niei a f\u0103cut miercuri ceva ce ar fi p\u0103rut de neimaginat acum o lun\u0103: a privit \u00een fa\u021b\u0103 amenin\u021barea venit\u0103 din partea a dou\u0103 dintre cele mai mari familii politice din Parlamentul European \u0219i a votat oricum. Noua Lege a integrit\u0103\u021bii a fost adoptat\u0103 cu 106 voturi pentru \u0219i 19 \u00eempotriv\u0103, iar singurii senatori [&hellip;]","og_url":"https:\/\/www.theconservative.online\/ro\/romania-tocmai-a-demascat-bluful-bruxelles-ului-iar-ipocrizia-usr-este-adevarata-poveste","og_site_name":"The Conservative","article_published_time":"2026-08-27T14:34:32+00:00","og_image":[{"width":1168,"height":784,"url":"https:\/\/www.theconservative.online\/wp-content\/uploads\/2026\/08\/EUROParliament.jpg","type":"image\/jpeg"}],"author":"Iosefina Pascal","twitter_card":"summary_large_image","twitter_misc":{"Scris de":"Iosefina Pascal","Timp estimat pentru citire":"6 minute"},"schema":{"@context":"https:\/\/schema.org","@graph":[{"@type":"Article","@id":"https:\/\/www.theconservative.online\/ro\/romania-tocmai-a-demascat-bluful-bruxelles-ului-iar-ipocrizia-usr-este-adevarata-poveste#article","isPartOf":{"@id":"https:\/\/www.theconservative.online\/ro\/romania-tocmai-a-demascat-bluful-bruxelles-ului-iar-ipocrizia-usr-este-adevarata-poveste"},"author":{"name":"Iosefina Pascal","@id":"https:\/\/www.theconservative.online\/ro#\/schema\/person\/a058eee3b153ac2215cf616d9795653b"},"headline":"Rom\u00e2nia tocmai a demascat bluful Bruxelles-ului, iar ipocrizia USR este adev\u0103rata poveste","datePublished":"2026-08-27T14:34:32+00:00","mainEntityOfPage":{"@id":"https:\/\/www.theconservative.online\/ro\/romania-tocmai-a-demascat-bluful-bruxelles-ului-iar-ipocrizia-usr-este-adevarata-poveste"},"wordCount":1196,"image":{"@id":"https:\/\/www.theconservative.online\/ro\/romania-tocmai-a-demascat-bluful-bruxelles-ului-iar-ipocrizia-usr-este-adevarata-poveste#primaryimage"},"thumbnailUrl":"https:\/\/www.theconservative.online\/wp-content\/uploads\/2026\/08\/EUROParliament.jpg","articleSection":["Politic\u0103","Uncategorized @ro"],"inLanguage":"ro-RO"},{"@type":"WebPage","@id":"https:\/\/www.theconservative.online\/ro\/romania-tocmai-a-demascat-bluful-bruxelles-ului-iar-ipocrizia-usr-este-adevarata-poveste","url":"https:\/\/www.theconservative.online\/ro\/romania-tocmai-a-demascat-bluful-bruxelles-ului-iar-ipocrizia-usr-este-adevarata-poveste","name":"Rom\u00e2nia tocmai a demascat bluful Bruxelles-ului, iar ipocrizia USR este adev\u0103rata poveste - The Conservative","isPartOf":{"@id":"https:\/\/www.theconservative.online\/ro#website"},"primaryImageOfPage":{"@id":"https:\/\/www.theconservative.online\/ro\/romania-tocmai-a-demascat-bluful-bruxelles-ului-iar-ipocrizia-usr-este-adevarata-poveste#primaryimage"},"image":{"@id":"https:\/\/www.theconservative.online\/ro\/romania-tocmai-a-demascat-bluful-bruxelles-ului-iar-ipocrizia-usr-este-adevarata-poveste#primaryimage"},"thumbnailUrl":"https:\/\/www.theconservative.online\/wp-content\/uploads\/2026\/08\/EUROParliament.jpg","datePublished":"2026-08-27T14:34:32+00:00","author":{"@id":"https:\/\/www.theconservative.online\/ro#\/schema\/person\/a058eee3b153ac2215cf616d9795653b"},"breadcrumb":{"@id":"https:\/\/www.theconservative.online\/ro\/romania-tocmai-a-demascat-bluful-bruxelles-ului-iar-ipocrizia-usr-este-adevarata-poveste#breadcrumb"},"inLanguage":"ro-RO","potentialAction":[{"@type":"ReadAction","target":["https:\/\/www.theconservative.online\/ro\/romania-tocmai-a-demascat-bluful-bruxelles-ului-iar-ipocrizia-usr-este-adevarata-poveste"]}]},{"@type":"ImageObject","inLanguage":"ro-RO","@id":"https:\/\/www.theconservative.online\/ro\/romania-tocmai-a-demascat-bluful-bruxelles-ului-iar-ipocrizia-usr-este-adevarata-poveste#primaryimage","url":"https:\/\/www.theconservative.online\/wp-content\/uploads\/2026\/08\/EUROParliament.jpg","contentUrl":"https:\/\/www.theconservative.online\/wp-content\/uploads\/2026\/08\/EUROParliament.jpg","width":1168,"height":784,"caption":"Signature: ZQy8xm1QBYQSFqF2758n0Smv\/aWGpQnFnVW29d5QxWS7TC8n30w7E3Btp4yrL9CMqScD0WcYrIJI7LUqggxaG9OUC9JqeDf9Ou+x9iUzh7MqMXZYfzDvTjVnPrdzSSWhOFKX9aM\/Rsf5HuhFn5c2IlZZvBkswNq7dNSoqLiHL0o1tvJkqfZa+yJoY2UgOXSFpzL5uNT9Vna+pk0SRE6j\/v\/KDcWaveOD4Y7Fj568iaR0npSHqxnsGCQW0q7oQROoIAVhH+GLB9F+PMrCyVmxZdKU2nf+gSnAAyyLVhY7of+A+Zjx1FVwx81ECJ6\/QtZuMi1a1Ab7kVr\/JcOfKxuJOA=="},{"@type":"BreadcrumbList","@id":"https:\/\/www.theconservative.online\/ro\/romania-tocmai-a-demascat-bluful-bruxelles-ului-iar-ipocrizia-usr-este-adevarata-poveste#breadcrumb","itemListElement":[{"@type":"ListItem","position":1,"name":"Home","item":"https:\/\/www.theconservative.online\/ro"},{"@type":"ListItem","position":2,"name":"Rom\u00e2nia tocmai a demascat bluful Bruxelles-ului, iar ipocrizia USR este adev\u0103rata poveste"}]},{"@type":"WebSite","@id":"https:\/\/www.theconservative.online\/ro#website","url":"https:\/\/www.theconservative.online\/ro","name":"The Conservative","description":"","potentialAction":[{"@type":"SearchAction","target":{"@type":"EntryPoint","urlTemplate":"https:\/\/www.theconservative.online\/ro?s={search_term_string}"},"query-input":{"@type":"PropertyValueSpecification","valueRequired":true,"valueName":"search_term_string"}}],"inLanguage":"ro-RO"},{"@type":"Person","@id":"https:\/\/www.theconservative.online\/ro#\/schema\/person\/a058eee3b153ac2215cf616d9795653b","name":"Iosefina Pascal","image":{"@type":"ImageObject","inLanguage":"ro-RO","@id":"https:\/\/secure.gravatar.com\/avatar\/b6c6576a2be336212e2c44862e76e71f326a3e912cd8ca0a6856a38198536fd3?s=96&d=mm&r=g","url":"https:\/\/secure.gravatar.com\/avatar\/b6c6576a2be336212e2c44862e76e71f326a3e912cd8ca0a6856a38198536fd3?s=96&d=mm&r=g","contentUrl":"https:\/\/secure.gravatar.com\/avatar\/b6c6576a2be336212e2c44862e76e71f326a3e912cd8ca0a6856a38198536fd3?s=96&d=mm&r=g","caption":"Iosefina Pascal"},"url":"https:\/\/www.theconservative.online\/ro\/author\/pascal-eunat-2025-26"}]}},"acf":[],"_links":{"self":[{"href":"https:\/\/www.theconservative.online\/ro\/wp-json\/wp\/v2\/posts\/62950","targetHints":{"allow":["GET"]}}],"collection":[{"href":"https:\/\/www.theconservative.online\/ro\/wp-json\/wp\/v2\/posts"}],"about":[{"href":"https:\/\/www.theconservative.online\/ro\/wp-json\/wp\/v2\/types\/post"}],"author":[{"embeddable":true,"href":"https:\/\/www.theconservative.online\/ro\/wp-json\/wp\/v2\/users\/79"}],"replies":[{"embeddable":true,"href":"https:\/\/www.theconservative.online\/ro\/wp-json\/wp\/v2\/comments?post=62950"}],"version-history":[{"count":0,"href":"https:\/\/www.theconservative.online\/ro\/wp-json\/wp\/v2\/posts\/62950\/revisions"}],"wp:featuredmedia":[{"embeddable":true,"href":"https:\/\/www.theconservative.online\/ro\/wp-json\/wp\/v2\/media\/62549"}],"wp:attachment":[{"href":"https:\/\/www.theconservative.online\/ro\/wp-json\/wp\/v2\/media?parent=62950"}],"wp:term":[{"taxonomy":"category","embeddable":true,"href":"https:\/\/www.theconservative.online\/ro\/wp-json\/wp\/v2\/categories?post=62950"},{"taxonomy":"post_tag","embeddable":true,"href":"https:\/\/www.theconservative.online\/ro\/wp-json\/wp\/v2\/tags?post=62950"},{"taxonomy":"editorial-positions","embeddable":true,"href":"https:\/\/www.theconservative.online\/ro\/wp-json\/wp\/v2\/editorial-positions?post=62950"},{"taxonomy":"regions","embeddable":true,"href":"https:\/\/www.theconservative.online\/ro\/wp-json\/wp\/v2\/regions?post=62950"},{"taxonomy":"types","embeddable":true,"href":"https:\/\/www.theconservative.online\/ro\/wp-json\/wp\/v2\/types?post=62950"}],"curies":[{"name":"wp","href":"https:\/\/api.w.org\/{rel}","templated":true}]}}