{"id":62988,"date":"2026-08-30T12:15:11","date_gmt":"2026-08-30T12:15:11","guid":{"rendered":"https:\/\/www.theconservative.online\/sambata-la-drobeta-intalnirea-care-a-devenit-manifestul-aur"},"modified":"2026-08-30T12:15:11","modified_gmt":"2026-08-30T12:15:11","slug":"sambata-la-drobeta-intalnirea-care-a-devenit-manifestul-aur","status":"publish","type":"post","link":"https:\/\/www.theconservative.online\/ro\/sambata-la-drobeta-intalnirea-care-a-devenit-manifestul-aur","title":{"rendered":"S\u00e2mb\u0103t\u0103 la Drobeta: \u00cent\u00e2lnirea care a devenit Manifestul AUR"},"content":{"rendered":"<p>Drobeta-Turnu Severin nu este primul loc \u00een care te-ai a\u0219tepta s\u0103 aib\u0103 loc un cutremur politic, dar s\u00e2mb\u0103t\u0103 a devenit scena pe care AUR \u0219i-a prezentat \u00eentreaga strategie pentru sesiunea parlamentar\u0103 care se deschide mar\u021bi. Consiliul Na\u021bional de Conducere (CNC) al partidului s-a reunit pentru ceea ce a fost anun\u021bat ca o \u0219edin\u021b\u0103 strategic\u0103 de rutin\u0103 \u0219i a ie\u0219it cu un manifest fiscal, o rezolu\u021bie aprig\u0103 \u00eempotriva guvernului \u0219i un semnal clar c\u0103 nu renun\u021b\u0103 la demersul s\u0103u de a-l suspenda pe pre\u0219edintele Nicu\u0219or Dan.<\/p>\n<p>Partidul dore\u0219te ca plafonul pl\u0103\u021bilor \u00een numerar pentru companii s\u0103 fie majorat la 50.000 de lei \u0219i face presiuni pentru reducerea treptat\u0103 a major\u0103rilor de impozite din acest an: readucerea TVA-ului standard la 19%, a cotei reduse la 9% \u0219i a impozitului pe dividende la 8%. AUR dore\u0219te, de asemenea, ca pragul pentru micro\u00eentreprinderi s\u0103 fie restabilit la 500.000 de euro, o inversare direct\u0103 a m\u0103surilor restrictive care au \u00eempins multe \u00eentreprinderi mici din Rom\u00e2nia \u00een afara acestei categorii fiscale favorabile.<\/p>\n<p>\u00cen ceea ce prive\u0219te reforma statului, AUR \u0219i-a reafirmat sprijinul pentru un parlament bicameral cu 300 de locuri, invoc\u00e2nd referendumul din 2009, \u00een cadrul c\u0103ruia rom\u00e2nii au votat exact pentru acest lucru, precum \u0219i pentru men\u021binerea alegerilor primariale \u00een dou\u0103 tururi \u0219i, \u00een special, pentru limitarea la dou\u0103 mandate a func\u021biilor de conducere din institu\u021biile publice. Acest ultim punct reprezint\u0103 un r\u0103spuns direct la genul de birocra\u021bi cu vechime \u00eendelungat\u0103, care \u0219i-au p\u0103strat func\u021biile timp de zeci de ani f\u0103r\u0103 o rota\u021bie semnificativ\u0103 a personalului.<\/p>\n<p>\u00cen domeniul educa\u021biei, partidul dore\u0219te s\u0103 elimine examenul paralel de admitere la liceu \u0219i s\u0103 restabileasc\u0103 un sistem unic \u0219i unificat de admitere la nivel na\u021bional, precum \u0219i s\u0103 reduc\u0103 volumul de munc\u0103 al cadrelor didactice \u0219i s\u0103 anuleze cre\u0219terea num\u0103rului de elevi pe clas\u0103 introdus\u0103 de a\u0219a-numita \u201eLegea Bolojan\u201d de anul trecut, \u00eencep\u00e2nd cu august 2025. \u00cen domeniul energiei, AUR insist\u0103 pentru legalizarea continu\u0103rii exploat\u0103rii tuturor unit\u0103\u021bilor pe c\u0103rbune ale CE Oltenia prin modificarea ordonan\u021bei de urgen\u021b\u0103 care ar impune \u00eenchiderea acestora p\u00e2n\u0103 la 31 august 2026. Exist\u0103, de asemenea, un proiect de lege blocat de mult timp privind transparen\u021ba finan\u021b\u0103rii ONG-urilor, care se afl\u0103 \u00een prezent \u00een Camera Deputa\u021bilor dup\u0103 ce a fost aprobat de Senat, precum \u0219i o propunere privind o \u201eTVA dinamic\u0103\u201d pentru combustibili (5% \u00een primele trei luni de \u0219oc al pre\u021burilor, cresc\u00e2nd la 9% \u0219i dezactiv\u00e2ndu-se automat odat\u0103 cu normalizarea pre\u021burilor petrolului).<\/p>\n<p>Propunerea AUR de a limita mandatele de conducere la dou\u0103 mandate se aplic\u0103 tuturor institu\u021biilor publice, nu doar unei singure agen\u021bii sau unui singur func\u021bionar. Partidul prezint\u0103 aceast\u0103 m\u0103sur\u0103 ca o modalitate de a \u00eempiedica \u201ere\u021belele de influen\u021b\u0103\u201d s\u0103 se consolideze \u00een cadrul administra\u021biei publice \u0219i de a asigura o rota\u021bie regulat\u0103 la v\u00e2rful organismelor statului.<\/p>\n<p>Cel\u0103lalt rezultat important al consiliului a fost unul simbolic, dar f\u0103r\u0103 \u00eendoial\u0103 combativ: o rezolu\u021bie intitulat\u0103 <em> \u201eRom\u00e2nia este condus\u0103 spre pr\u0103pastie\u201d, adoptat\u0103 <\/em>\u00een unanimitate. Textul acuz\u0103 coali\u021bia PSD-PNL-USR-UDMR c\u0103 a acumulat dou\u0103 major\u0103ri ale TVA-ului cu c\u00e2te dou\u0103 puncte procentuale (la 21% \u0219i, respectiv, 11%), de a distruge regimul micro\u00eentreprinderilor prin reducerea pragului la 100.000 de euro, de a majora impozitul pe dividende la 16%, de a elimina energia pe baz\u0103 de c\u0103rbune, bloc\u00e2nd \u00een acela\u0219i timp construirea de noi centrale pe gaz \u0219i sabot\u00e2nd proiectele hidroenergetice de acumulare prin pompare.<\/p>\n<p>Rezolu\u021bia men\u021bioneaz\u0103, de asemenea, \u00eemprumutul SAFE, o facilitate de creditare de aproximativ 17 miliarde de euro, care urmeaz\u0103 s\u0103 fie rambursat\u0103 pe o perioad\u0103 de 35 de ani la o rat\u0103 a dob\u00e2nzii nedivulgat\u0103, despre care AUR sus\u021bine c\u0103 a fost utilizat\u0103 \u00een principal pentru achizi\u021bionarea de vehicule militare grele de la un singur furnizor german, Rheinmetall. Argumentul final al AUR este f\u0103r\u0103 menajamente: \u00een ultimele zece trimestre, economia rom\u00e2neasc\u0103 a \u00eenregistrat cre\u0219tere doar \u00een trei dintre ele, \u00een timp ce \u00een restul a stagnat sau s-a contractat. \u201eAst\u0103zi, singura opozi\u021bie coerent\u0103 \u0219i solid\u0103 din Parlament este reprezentat\u0103 de AUR \u0219i cei 91 de deputa\u021bi ai s\u0103i\u201d, se afirm\u0103 \u00een comunicatul partidului, sus\u021bin\u00e2ndu-se c\u0103 a\u0219a-zisa coali\u021bie \u201epro-european\u0103\u201d dezbin\u0103, de fapt, Rom\u00e2nia de Europa din punct de vedere economic.<\/p>\n<p>Liderul grupului din Senat, Petri\u0219or Peiu, \u00eentr-un interviu acordat postului Antena 3 CNN, a negat categoric existen\u021ba unor discu\u021bii oficiale sau neoficiale privind formarea unei majorit\u0103\u021bi de guvernare fie cu PSD, fie cu PNL, subliniind c\u0103, oricum, liderul PSD, Sorin Grindeanu, a exclus public posibilitatea de a forma un guvern \u00eempreun\u0103 cu AUR. \u201eDac\u0103 el nu vrea s\u0103 formeze un guvern cu AUR, este greu s\u0103 negociem. Ce anume am negocia?\u201d, a spus Peiu. El a confirmat, de asemenea, c\u0103 AUR preg\u0103te\u0219te declara\u021bii publice privind strategia sa pentru viitoarele consult\u0103ri cu pre\u0219edintele Nicu\u0219or Dan, care a anun\u021bat c\u0103 va relua discu\u021biile cu partidele la \u00eenceputul lunii septembrie \u00een leg\u0103tur\u0103 cu formarea unui nou cabinet. Peiu s-a ar\u0103tat sceptic cu privire la utilitatea particip\u0103rii doar pentru a face impresie, afirm\u00e2nd c\u0103 AUR \u201eprobabil nu va participa\u201d dac\u0103 procesul nu este dec\u00e2t o negociere informal\u0103 deghizat\u0103 \u00een consult\u0103ri oficiale. De remarcat c\u0103 el a confirmat, de asemenea, c\u0103 demersul AUR de suspendare a lui Nicu\u0219or Dan continu\u0103, \u00eentruc\u00e2t \u201epre\u0219edintele nu \u0219i-a schimbat atitudinea\u201d.<\/p>\n<p>Nicu\u0219or Dan refuz\u0103 de 62 de zile s\u0103 propun\u0103 un prim-ministru, \u021bara se afl\u0103 f\u0103r\u0103 un guvern cu puteri depline de 110-114 zile, iar \u201e\u00eenc\u0103p\u0103\u021b\u00e2narea\u201d pre\u0219edintelui cost\u0103 Rom\u00e2nia bani reali. \u201eSuspendarea este o solu\u021bie constitu\u021bional\u0103, deoarece \u00eenc\u0103p\u0103\u021b\u00e2narea sa genereaz\u0103 deja costuri prea mari pentru Rom\u00e2nia\u201d, a declarat AUR \u00eentr-un comunicat de pres\u0103 de la sf\u00e2r\u0219itul lunii august. Partidul colecteaz\u0103 \u00een mod activ semn\u0103turi de la deputa\u021bi din alte partide care sunt \u201enemul\u021bumi\u021bi de modul \u00een care Nicu\u0219or Dan \u0219i-a exercitat atribu\u021biile preziden\u021biale\u201d, iar Peiu afirm\u0103 c\u0103 noi colegi au semnat deja. PSD ar putea, teoretic, s\u0103 formeze un guvern f\u0103r\u0103 AUR, baz\u00e2ndu-se pe UDMR, pe deputa\u021bii minorit\u0103\u021bilor, pe grupuri disidente din PNL \u0219i pe fo\u0219ti parlamentari SOS\/POT, dar Peiu a calificat aceast\u0103 strategie drept \u201eextrem de periculoas\u0103\u201d \u0219i a avertizat c\u0103 ar duce la o \u201emajoritate fragil\u0103\u201d, construit\u0103 pe baza cump\u0103r\u0103rii deputa\u021bilor neafilia\u021bi.<\/p>\n<p>\u00cen ansamblu, ziua respectiv\u0103 nu s-a axat neap\u0103rat pe o singur\u0103 lege sau o singur\u0103 rezolu\u021bie. A fost mai degrab\u0103 o ocazie pentru AUR de a se pozi\u021biona ca singurul bloc de opozi\u021bie organizat, \u00een perspectiva unei toamne tensionate.<\/p>\n","protected":false},"excerpt":{"rendered":"<p>Drobeta-Turnu Severin nu este primul loc \u00een care te-ai a\u0219tepta s\u0103 aib\u0103 loc un cutremur politic, dar s\u00e2mb\u0103t\u0103 a devenit scena pe care AUR \u0219i-a prezentat \u00eentreaga strategie pentru sesiunea parlamentar\u0103 care se deschide mar\u021bi. Consiliul Na\u021bional de Conducere (CNC) al partidului s-a reunit pentru ceea ce a fost anun\u021bat ca o \u0219edin\u021b\u0103 strategic\u0103 de [&hellip;]<\/p>\n","protected":false},"author":79,"featured_media":62769,"comment_status":"closed","ping_status":"closed","sticky":false,"template":"","format":"standard","meta":{"footnotes":""},"categories":[8],"tags":[],"editorial-positions":[],"regions":[],"types":[],"class_list":["post-62988","post","type-post","status-publish","format-standard","has-post-thumbnail","hentry","category-uncategorized-ro"],"yoast_head":"<!-- This site is optimized with the Yoast SEO plugin v28.0 - https:\/\/yoast.com\/product\/yoast-seo-wordpress\/ -->\n<title>S\u00e2mb\u0103t\u0103 la Drobeta: \u00cent\u00e2lnirea care a devenit Manifestul AUR - The Conservative<\/title>\n<meta name=\"robots\" content=\"index, follow, max-snippet:-1, max-image-preview:large, max-video-preview:-1\" \/>\n<link rel=\"canonical\" href=\"https:\/\/www.theconservative.online\/ro\/sambata-la-drobeta-intalnirea-care-a-devenit-manifestul-aur\" \/>\n<meta property=\"og:locale\" content=\"ro_RO\" \/>\n<meta property=\"og:type\" content=\"article\" \/>\n<meta property=\"og:title\" content=\"S\u00e2mb\u0103t\u0103 la Drobeta: \u00cent\u00e2lnirea care a devenit Manifestul AUR - The Conservative\" \/>\n<meta property=\"og:description\" content=\"Drobeta-Turnu Severin nu este primul loc \u00een care te-ai a\u0219tepta s\u0103 aib\u0103 loc un cutremur politic, dar s\u00e2mb\u0103t\u0103 a devenit scena pe care AUR \u0219i-a prezentat \u00eentreaga strategie pentru sesiunea parlamentar\u0103 care se deschide mar\u021bi. Consiliul Na\u021bional de Conducere (CNC) al partidului s-a reunit pentru ceea ce a fost anun\u021bat ca o \u0219edin\u021b\u0103 strategic\u0103 de [&hellip;]\" \/>\n<meta property=\"og:url\" content=\"https:\/\/www.theconservative.online\/ro\/sambata-la-drobeta-intalnirea-care-a-devenit-manifestul-aur\" \/>\n<meta property=\"og:site_name\" content=\"The Conservative\" \/>\n<meta property=\"article:published_time\" content=\"2026-08-30T12:15:11+00:00\" \/>\n<meta property=\"og:image\" content=\"https:\/\/www.theconservative.online\/wp-content\/uploads\/2026\/08\/AURCNC.jpg\" \/>\n\t<meta property=\"og:image:width\" content=\"1792\" \/>\n\t<meta property=\"og:image:height\" content=\"1008\" \/>\n\t<meta property=\"og:image:type\" content=\"image\/jpeg\" \/>\n<meta name=\"author\" content=\"Iosefina Pascal\" \/>\n<meta name=\"twitter:card\" content=\"summary_large_image\" \/>\n<meta name=\"twitter:label1\" content=\"Scris de\" \/>\n\t<meta name=\"twitter:data1\" content=\"Iosefina Pascal\" \/>\n\t<meta name=\"twitter:label2\" content=\"Timp estimat pentru citire\" \/>\n\t<meta name=\"twitter:data2\" content=\"6 minute\" \/>\n<script type=\"application\/ld+json\" class=\"yoast-schema-graph\">{\"@context\":\"https:\\\/\\\/schema.org\",\"@graph\":[{\"@type\":\"Article\",\"@id\":\"https:\\\/\\\/www.theconservative.online\\\/ro\\\/sambata-la-drobeta-intalnirea-care-a-devenit-manifestul-aur#article\",\"isPartOf\":{\"@id\":\"https:\\\/\\\/www.theconservative.online\\\/ro\\\/sambata-la-drobeta-intalnirea-care-a-devenit-manifestul-aur\"},\"author\":{\"name\":\"Iosefina Pascal\",\"@id\":\"https:\\\/\\\/www.theconservative.online\\\/ro#\\\/schema\\\/person\\\/a058eee3b153ac2215cf616d9795653b\"},\"headline\":\"S\u00e2mb\u0103t\u0103 la Drobeta: \u00cent\u00e2lnirea care a devenit Manifestul AUR\",\"datePublished\":\"2026-08-30T12:15:11+00:00\",\"mainEntityOfPage\":{\"@id\":\"https:\\\/\\\/www.theconservative.online\\\/ro\\\/sambata-la-drobeta-intalnirea-care-a-devenit-manifestul-aur\"},\"wordCount\":1162,\"image\":{\"@id\":\"https:\\\/\\\/www.theconservative.online\\\/ro\\\/sambata-la-drobeta-intalnirea-care-a-devenit-manifestul-aur#primaryimage\"},\"thumbnailUrl\":\"https:\\\/\\\/www.theconservative.online\\\/wp-content\\\/uploads\\\/2026\\\/08\\\/AURCNC.jpg\",\"articleSection\":[\"Uncategorized @ro\"],\"inLanguage\":\"ro-RO\"},{\"@type\":\"WebPage\",\"@id\":\"https:\\\/\\\/www.theconservative.online\\\/ro\\\/sambata-la-drobeta-intalnirea-care-a-devenit-manifestul-aur\",\"url\":\"https:\\\/\\\/www.theconservative.online\\\/ro\\\/sambata-la-drobeta-intalnirea-care-a-devenit-manifestul-aur\",\"name\":\"S\u00e2mb\u0103t\u0103 la Drobeta: \u00cent\u00e2lnirea care a devenit Manifestul AUR - The Conservative\",\"isPartOf\":{\"@id\":\"https:\\\/\\\/www.theconservative.online\\\/ro#website\"},\"primaryImageOfPage\":{\"@id\":\"https:\\\/\\\/www.theconservative.online\\\/ro\\\/sambata-la-drobeta-intalnirea-care-a-devenit-manifestul-aur#primaryimage\"},\"image\":{\"@id\":\"https:\\\/\\\/www.theconservative.online\\\/ro\\\/sambata-la-drobeta-intalnirea-care-a-devenit-manifestul-aur#primaryimage\"},\"thumbnailUrl\":\"https:\\\/\\\/www.theconservative.online\\\/wp-content\\\/uploads\\\/2026\\\/08\\\/AURCNC.jpg\",\"datePublished\":\"2026-08-30T12:15:11+00:00\",\"author\":{\"@id\":\"https:\\\/\\\/www.theconservative.online\\\/ro#\\\/schema\\\/person\\\/a058eee3b153ac2215cf616d9795653b\"},\"breadcrumb\":{\"@id\":\"https:\\\/\\\/www.theconservative.online\\\/ro\\\/sambata-la-drobeta-intalnirea-care-a-devenit-manifestul-aur#breadcrumb\"},\"inLanguage\":\"ro-RO\",\"potentialAction\":[{\"@type\":\"ReadAction\",\"target\":[\"https:\\\/\\\/www.theconservative.online\\\/ro\\\/sambata-la-drobeta-intalnirea-care-a-devenit-manifestul-aur\"]}]},{\"@type\":\"ImageObject\",\"inLanguage\":\"ro-RO\",\"@id\":\"https:\\\/\\\/www.theconservative.online\\\/ro\\\/sambata-la-drobeta-intalnirea-care-a-devenit-manifestul-aur#primaryimage\",\"url\":\"https:\\\/\\\/www.theconservative.online\\\/wp-content\\\/uploads\\\/2026\\\/08\\\/AURCNC.jpg\",\"contentUrl\":\"https:\\\/\\\/www.theconservative.online\\\/wp-content\\\/uploads\\\/2026\\\/08\\\/AURCNC.jpg\",\"width\":1792,\"height\":1008,\"caption\":\"Signature: JnuSjfynT9OAlDAdvk576xl8uMSnujh4H8wsPA4DHucqZKqfRZSk1c2Jgz+Ez0p2DggPskOnY4UpUsdhdnUEJpw\\\/k4YraRVCyWOb6+yonAZQDdnf9m1kaDZRyJDghEhUNuEdfnXVt2rNPz85AS+3kxZ2hoOWYOkmxGbzSGpXMaTHUkbeaCi1nmS2pQGdi9issUNaIQXsPS+YImz3+ZFcykVSZHWC1+W4eck1UXYYUGH2KyzuKBTdVSWpGEcsun8a\"},{\"@type\":\"BreadcrumbList\",\"@id\":\"https:\\\/\\\/www.theconservative.online\\\/ro\\\/sambata-la-drobeta-intalnirea-care-a-devenit-manifestul-aur#breadcrumb\",\"itemListElement\":[{\"@type\":\"ListItem\",\"position\":1,\"name\":\"Home\",\"item\":\"https:\\\/\\\/www.theconservative.online\\\/ro\"},{\"@type\":\"ListItem\",\"position\":2,\"name\":\"S\u00e2mb\u0103t\u0103 la Drobeta: \u00cent\u00e2lnirea care a devenit Manifestul AUR\"}]},{\"@type\":\"WebSite\",\"@id\":\"https:\\\/\\\/www.theconservative.online\\\/ro#website\",\"url\":\"https:\\\/\\\/www.theconservative.online\\\/ro\",\"name\":\"The Conservative\",\"description\":\"\",\"potentialAction\":[{\"@type\":\"SearchAction\",\"target\":{\"@type\":\"EntryPoint\",\"urlTemplate\":\"https:\\\/\\\/www.theconservative.online\\\/ro?s={search_term_string}\"},\"query-input\":{\"@type\":\"PropertyValueSpecification\",\"valueRequired\":true,\"valueName\":\"search_term_string\"}}],\"inLanguage\":\"ro-RO\"},{\"@type\":\"Person\",\"@id\":\"https:\\\/\\\/www.theconservative.online\\\/ro#\\\/schema\\\/person\\\/a058eee3b153ac2215cf616d9795653b\",\"name\":\"Iosefina Pascal\",\"image\":{\"@type\":\"ImageObject\",\"inLanguage\":\"ro-RO\",\"@id\":\"https:\\\/\\\/secure.gravatar.com\\\/avatar\\\/b6c6576a2be336212e2c44862e76e71f326a3e912cd8ca0a6856a38198536fd3?s=96&d=mm&r=g\",\"url\":\"https:\\\/\\\/secure.gravatar.com\\\/avatar\\\/b6c6576a2be336212e2c44862e76e71f326a3e912cd8ca0a6856a38198536fd3?s=96&d=mm&r=g\",\"contentUrl\":\"https:\\\/\\\/secure.gravatar.com\\\/avatar\\\/b6c6576a2be336212e2c44862e76e71f326a3e912cd8ca0a6856a38198536fd3?s=96&d=mm&r=g\",\"caption\":\"Iosefina Pascal\"},\"url\":\"https:\\\/\\\/www.theconservative.online\\\/ro\\\/author\\\/pascal-eunat-2025-26\"}]}<\/script>\n<!-- \/ Yoast SEO plugin. -->","yoast_head_json":{"title":"S\u00e2mb\u0103t\u0103 la Drobeta: \u00cent\u00e2lnirea care a devenit Manifestul AUR - The Conservative","robots":{"index":"index","follow":"follow","max-snippet":"max-snippet:-1","max-image-preview":"max-image-preview:large","max-video-preview":"max-video-preview:-1"},"canonical":"https:\/\/www.theconservative.online\/ro\/sambata-la-drobeta-intalnirea-care-a-devenit-manifestul-aur","og_locale":"ro_RO","og_type":"article","og_title":"S\u00e2mb\u0103t\u0103 la Drobeta: \u00cent\u00e2lnirea care a devenit Manifestul AUR - The Conservative","og_description":"Drobeta-Turnu Severin nu este primul loc \u00een care te-ai a\u0219tepta s\u0103 aib\u0103 loc un cutremur politic, dar s\u00e2mb\u0103t\u0103 a devenit scena pe care AUR \u0219i-a prezentat \u00eentreaga strategie pentru sesiunea parlamentar\u0103 care se deschide mar\u021bi. Consiliul Na\u021bional de Conducere (CNC) al partidului s-a reunit pentru ceea ce a fost anun\u021bat ca o \u0219edin\u021b\u0103 strategic\u0103 de [&hellip;]","og_url":"https:\/\/www.theconservative.online\/ro\/sambata-la-drobeta-intalnirea-care-a-devenit-manifestul-aur","og_site_name":"The Conservative","article_published_time":"2026-08-30T12:15:11+00:00","og_image":[{"width":1792,"height":1008,"url":"https:\/\/www.theconservative.online\/wp-content\/uploads\/2026\/08\/AURCNC.jpg","type":"image\/jpeg"}],"author":"Iosefina Pascal","twitter_card":"summary_large_image","twitter_misc":{"Scris de":"Iosefina Pascal","Timp estimat pentru citire":"6 minute"},"schema":{"@context":"https:\/\/schema.org","@graph":[{"@type":"Article","@id":"https:\/\/www.theconservative.online\/ro\/sambata-la-drobeta-intalnirea-care-a-devenit-manifestul-aur#article","isPartOf":{"@id":"https:\/\/www.theconservative.online\/ro\/sambata-la-drobeta-intalnirea-care-a-devenit-manifestul-aur"},"author":{"name":"Iosefina Pascal","@id":"https:\/\/www.theconservative.online\/ro#\/schema\/person\/a058eee3b153ac2215cf616d9795653b"},"headline":"S\u00e2mb\u0103t\u0103 la Drobeta: \u00cent\u00e2lnirea care a devenit Manifestul AUR","datePublished":"2026-08-30T12:15:11+00:00","mainEntityOfPage":{"@id":"https:\/\/www.theconservative.online\/ro\/sambata-la-drobeta-intalnirea-care-a-devenit-manifestul-aur"},"wordCount":1162,"image":{"@id":"https:\/\/www.theconservative.online\/ro\/sambata-la-drobeta-intalnirea-care-a-devenit-manifestul-aur#primaryimage"},"thumbnailUrl":"https:\/\/www.theconservative.online\/wp-content\/uploads\/2026\/08\/AURCNC.jpg","articleSection":["Uncategorized @ro"],"inLanguage":"ro-RO"},{"@type":"WebPage","@id":"https:\/\/www.theconservative.online\/ro\/sambata-la-drobeta-intalnirea-care-a-devenit-manifestul-aur","url":"https:\/\/www.theconservative.online\/ro\/sambata-la-drobeta-intalnirea-care-a-devenit-manifestul-aur","name":"S\u00e2mb\u0103t\u0103 la Drobeta: \u00cent\u00e2lnirea care a devenit Manifestul AUR - The Conservative","isPartOf":{"@id":"https:\/\/www.theconservative.online\/ro#website"},"primaryImageOfPage":{"@id":"https:\/\/www.theconservative.online\/ro\/sambata-la-drobeta-intalnirea-care-a-devenit-manifestul-aur#primaryimage"},"image":{"@id":"https:\/\/www.theconservative.online\/ro\/sambata-la-drobeta-intalnirea-care-a-devenit-manifestul-aur#primaryimage"},"thumbnailUrl":"https:\/\/www.theconservative.online\/wp-content\/uploads\/2026\/08\/AURCNC.jpg","datePublished":"2026-08-30T12:15:11+00:00","author":{"@id":"https:\/\/www.theconservative.online\/ro#\/schema\/person\/a058eee3b153ac2215cf616d9795653b"},"breadcrumb":{"@id":"https:\/\/www.theconservative.online\/ro\/sambata-la-drobeta-intalnirea-care-a-devenit-manifestul-aur#breadcrumb"},"inLanguage":"ro-RO","potentialAction":[{"@type":"ReadAction","target":["https:\/\/www.theconservative.online\/ro\/sambata-la-drobeta-intalnirea-care-a-devenit-manifestul-aur"]}]},{"@type":"ImageObject","inLanguage":"ro-RO","@id":"https:\/\/www.theconservative.online\/ro\/sambata-la-drobeta-intalnirea-care-a-devenit-manifestul-aur#primaryimage","url":"https:\/\/www.theconservative.online\/wp-content\/uploads\/2026\/08\/AURCNC.jpg","contentUrl":"https:\/\/www.theconservative.online\/wp-content\/uploads\/2026\/08\/AURCNC.jpg","width":1792,"height":1008,"caption":"Signature: JnuSjfynT9OAlDAdvk576xl8uMSnujh4H8wsPA4DHucqZKqfRZSk1c2Jgz+Ez0p2DggPskOnY4UpUsdhdnUEJpw\/k4YraRVCyWOb6+yonAZQDdnf9m1kaDZRyJDghEhUNuEdfnXVt2rNPz85AS+3kxZ2hoOWYOkmxGbzSGpXMaTHUkbeaCi1nmS2pQGdi9issUNaIQXsPS+YImz3+ZFcykVSZHWC1+W4eck1UXYYUGH2KyzuKBTdVSWpGEcsun8a"},{"@type":"BreadcrumbList","@id":"https:\/\/www.theconservative.online\/ro\/sambata-la-drobeta-intalnirea-care-a-devenit-manifestul-aur#breadcrumb","itemListElement":[{"@type":"ListItem","position":1,"name":"Home","item":"https:\/\/www.theconservative.online\/ro"},{"@type":"ListItem","position":2,"name":"S\u00e2mb\u0103t\u0103 la Drobeta: \u00cent\u00e2lnirea care a devenit Manifestul AUR"}]},{"@type":"WebSite","@id":"https:\/\/www.theconservative.online\/ro#website","url":"https:\/\/www.theconservative.online\/ro","name":"The Conservative","description":"","potentialAction":[{"@type":"SearchAction","target":{"@type":"EntryPoint","urlTemplate":"https:\/\/www.theconservative.online\/ro?s={search_term_string}"},"query-input":{"@type":"PropertyValueSpecification","valueRequired":true,"valueName":"search_term_string"}}],"inLanguage":"ro-RO"},{"@type":"Person","@id":"https:\/\/www.theconservative.online\/ro#\/schema\/person\/a058eee3b153ac2215cf616d9795653b","name":"Iosefina Pascal","image":{"@type":"ImageObject","inLanguage":"ro-RO","@id":"https:\/\/secure.gravatar.com\/avatar\/b6c6576a2be336212e2c44862e76e71f326a3e912cd8ca0a6856a38198536fd3?s=96&d=mm&r=g","url":"https:\/\/secure.gravatar.com\/avatar\/b6c6576a2be336212e2c44862e76e71f326a3e912cd8ca0a6856a38198536fd3?s=96&d=mm&r=g","contentUrl":"https:\/\/secure.gravatar.com\/avatar\/b6c6576a2be336212e2c44862e76e71f326a3e912cd8ca0a6856a38198536fd3?s=96&d=mm&r=g","caption":"Iosefina Pascal"},"url":"https:\/\/www.theconservative.online\/ro\/author\/pascal-eunat-2025-26"}]}},"acf":[],"_links":{"self":[{"href":"https:\/\/www.theconservative.online\/ro\/wp-json\/wp\/v2\/posts\/62988","targetHints":{"allow":["GET"]}}],"collection":[{"href":"https:\/\/www.theconservative.online\/ro\/wp-json\/wp\/v2\/posts"}],"about":[{"href":"https:\/\/www.theconservative.online\/ro\/wp-json\/wp\/v2\/types\/post"}],"author":[{"embeddable":true,"href":"https:\/\/www.theconservative.online\/ro\/wp-json\/wp\/v2\/users\/79"}],"replies":[{"embeddable":true,"href":"https:\/\/www.theconservative.online\/ro\/wp-json\/wp\/v2\/comments?post=62988"}],"version-history":[{"count":0,"href":"https:\/\/www.theconservative.online\/ro\/wp-json\/wp\/v2\/posts\/62988\/revisions"}],"wp:featuredmedia":[{"embeddable":true,"href":"https:\/\/www.theconservative.online\/ro\/wp-json\/wp\/v2\/media\/62769"}],"wp:attachment":[{"href":"https:\/\/www.theconservative.online\/ro\/wp-json\/wp\/v2\/media?parent=62988"}],"wp:term":[{"taxonomy":"category","embeddable":true,"href":"https:\/\/www.theconservative.online\/ro\/wp-json\/wp\/v2\/categories?post=62988"},{"taxonomy":"post_tag","embeddable":true,"href":"https:\/\/www.theconservative.online\/ro\/wp-json\/wp\/v2\/tags?post=62988"},{"taxonomy":"editorial-positions","embeddable":true,"href":"https:\/\/www.theconservative.online\/ro\/wp-json\/wp\/v2\/editorial-positions?post=62988"},{"taxonomy":"regions","embeddable":true,"href":"https:\/\/www.theconservative.online\/ro\/wp-json\/wp\/v2\/regions?post=62988"},{"taxonomy":"types","embeddable":true,"href":"https:\/\/www.theconservative.online\/ro\/wp-json\/wp\/v2\/types?post=62988"}],"curies":[{"name":"wp","href":"https:\/\/api.w.org\/{rel}","templated":true}]}}