{"id":62995,"date":"2026-08-30T12:12:50","date_gmt":"2026-08-30T12:12:50","guid":{"rendered":"https:\/\/www.theconservative.online\/a-salva-identitatea-europeana-inseamna-a-salva-identitatea-popoarelor-sale"},"modified":"2026-08-30T12:12:50","modified_gmt":"2026-08-30T12:12:50","slug":"a-salva-identitatea-europeana-inseamna-a-salva-identitatea-popoarelor-sale","status":"publish","type":"post","link":"https:\/\/www.theconservative.online\/ro\/a-salva-identitatea-europeana-inseamna-a-salva-identitatea-popoarelor-sale","title":{"rendered":"A salva identitatea european\u0103 \u00eenseamn\u0103 a salva identitatea popoarelor sale"},"content":{"rendered":"<p>Europa trece printr-o transformare demografic\u0103 care nu mai poate fi considerat\u0103 doar o chestiune statistic\u0103. La 1 ianuarie 2026, popula\u021bia Uniunii Europene se ridica la aproximativ 452 de milioane de locuitori, ceea ce reprezint\u0103 o cre\u0219tere de 706.000 de persoane fa\u021b\u0103 de anul precedent. \u00cens\u0103 \u00een spatele acestei cifre aparent pozitive se ascunde o realitate cu totul diferit\u0103: \u00een 2025, \u00een UE s-au n\u0103scut doar 3,46 milioane de copii, \u00een timp ce 4,81 milioane de persoane au decedat. Prin urmare, soldul natural a fost negativ cu aproximativ 1,35 milioane de persoane. Cre\u0219terea general\u0103 a popula\u021biei a fost posibil\u0103 exclusiv datorit\u0103 migra\u021biei nete pozitive. Acesta este punctul de plecare de la care ar trebui s\u0103 porneasc\u0103 orice reflec\u021bie serioas\u0103 asupra viitorului Europei.<br \/>\nEuropa nu doar c\u0103 cre\u0219te mai lent. A intrat deja \u00eentr-o faz\u0103 \u00een care num\u0103rul deceselor dep\u0103\u0219e\u0219te num\u0103rul na\u0219terilor. Aceast\u0103 tendin\u021b\u0103, care a \u00eenceput s\u0103 se manifeste la nivel structural \u00een 2012, este \u00eenso\u021bit\u0103 de \u00eemb\u0103tr\u00e2nirea progresiv\u0103 a popula\u021biei.<br \/>\nProiec\u021biile Comisiei Europene indic\u0103 faptul c\u0103 aceast\u0103 transformare va deveni \u0219i mai evident\u0103 \u00een deceniile urm\u0103toare: se preconizeaz\u0103 c\u0103 popula\u021bia Europei va atinge nivelul maxim \u0219i va \u00eencepe apoi s\u0103 scad\u0103, \u00een timp ce propor\u021bia persoanelor \u00een v\u00e2rst\u0103 va cre\u0219te, iar ponderea popula\u021biei \u00een v\u00e2rst\u0103 de munc\u0103 va sc\u0103dea.<br \/>\nPrin urmare, problema nu se refer\u0103 doar la pensii, asisten\u021ba medical\u0103, productivitate sau pia\u021ba muncii.<br \/>\nTrebuie, de asemenea, s\u0103 ne punem o \u00eentrebare mult mai profund\u0103: cum poate o civiliza\u021bie s\u0103-\u0219i p\u0103streze identitatea dac\u0103 devine din ce \u00een ce mai dificil s\u0103 transmit\u0103 acea identitate de la o genera\u021bie la alta?<br \/>\nDe prea mult timp, am considerat demografia ca fiind un domeniu rezervat economi\u0219tilor \u0219i statisticienilor. \u00cens\u0103 o societate nu este doar suma for\u021bei sale de munc\u0103.<br \/>\nO societate \u00eenseamn\u0103 \u0219i memorie.<br \/>\nEste vorba despre limb\u0103, literatur\u0103, art\u0103, tradi\u021bie, religie, obiceiuri, peisaj, arhitectur\u0103, muzic\u0103 \u0219i istorie. Este tot ceea ce o genera\u021bie mo\u0219tene\u0219te de la cea precedent\u0103 \u0219i alege \u00een mod liber s\u0103 transmit\u0103 genera\u021biei urm\u0103toare.<br \/>\nO limb\u0103 supravie\u021buie\u0219te pentru c\u0103 este vorbit\u0103 copiilor. O tradi\u021bie supravie\u021buie\u0219te pentru c\u0103 este transmis\u0103. Patrimoniul cultural supravie\u021buie\u0219te pentru c\u0103 cineva \u00eel consider\u0103 suficient de important \u00eenc\u00e2t s\u0103-l transmit\u0103 genera\u021biilor viitoare.<br \/>\nDe aceea, declinul demografic al Europei reprezint\u0103, de asemenea, o problem\u0103 legat\u0103 de continuitatea cultural\u0103.<br \/>\n\u0218i tocmai de aici ar trebui s\u0103 porneasc\u0103 o reflec\u021bie cu adev\u0103rat conservatoare.<br \/>\nA conserva nu \u00eenseamn\u0103 a respinge schimbarea. \u00censeamn\u0103 a \u00eempiedica schimbarea s\u0103 distrug\u0103 ceea ce merit\u0103 p\u0103strat.<br \/>\nEuropa nu are nevoie s\u0103-\u0219i inventeze o nou\u0103 identitate prin \u0219tergerea identit\u0103\u021bilor care exist\u0103 deja. Dimpotriv\u0103, trebuie s\u0103 recunoasc\u0103 faptul c\u0103 identitatea sa s-a n\u0103scut din pluralitatea popoarelor sale.<br \/>\nEuropa este italian\u0103, francez\u0103, german\u0103, spaniol\u0103, greac\u0103, polonez\u0103, irlandez\u0103, maghiar\u0103 \u0219i multe altele. Ea este alc\u0103tuit\u0103 din limbi diferite, tradi\u021bii diferite \u0219i amintiri istorice diferite.<br \/>\nAceast\u0103 pluralitate nu reprezint\u0103 un obstacol \u00een calea identit\u0103\u021bii europene.<br \/>\nEste vorba despre identitatea european\u0103.<br \/>\nProiectul european ar trebui, prin urmare, s\u0103 \u00eenceteze s\u0103 mai confunde integrarea cu omogenizarea.<br \/>\nUn cet\u0103\u021bean european nu ar trebui s\u0103 fie obligat s\u0103 aleag\u0103 \u00eentre identitatea sa na\u021bional\u0103 \u0219i identitatea sa european\u0103. Se poate fi profund italian \u0219i profund european; profund polonez \u0219i profund european; profund grec \u0219i profund european.<br \/>\n\u00centr-adev\u0103r, tocmai puterea identit\u0103\u021bilor care alc\u0103tuiesc continentul este cea care face posibil\u0103 o identitate european\u0103 mai puternic\u0103.<br \/>\nComisia European\u0103  <em>Busola cultural\u0103 pentru Europa<\/em>  recunoa\u0219te, de asemenea, diversitatea cultural\u0103 \u0219i lingvistic\u0103 ca elemente fundamentale ale patrimoniului european \u0219i atribuie culturii un rol important \u00een consolidarea sentimentului de apartenen\u021b\u0103.<br \/>\nAcest principiu ar trebui dus p\u00e2n\u0103 la consecin\u021bele sale politice.<br \/>\nA salva Europa \u00eenseamn\u0103 a salva culturile care o alc\u0103tuiesc.<br \/>\nIar pentru a le salva, nu este suficient s\u0103 finan\u021b\u0103m muzeele sau s\u0103 restaur\u0103m monumentele. Trebuie s\u0103 ne asigur\u0103m c\u0103 exist\u0103 noi genera\u021bii c\u0103rora s\u0103 le putem transmite mo\u0219tenirea aceasta.<br \/>\nNu exist\u0103 nicio m\u0103sur\u0103 miraculoas\u0103 capabil\u0103 s\u0103 rezolve problema sc\u0103derii natalit\u0103\u021bii. Deciziile privind na\u0219terea copiilor depind de condi\u021bii economice, sociale \u0219i culturale foarte diferite.<br \/>\nDar tocmai din acest motiv, este necesar s\u0103 se creeze un mediu \u00een care maternitatea s\u0103 nu constituie un dezavantaj.<br \/>\nEuropa trebuie s\u0103 analizeze cu seriozitate diferen\u021bele dintre statele sale membre. Ratele de fertilitate nu sunt acelea\u0219i peste tot, iar politicile familiale, \u00eempreun\u0103 cu condi\u021biile economice, de munc\u0103 \u0219i de locuire, pot contribui la crearea unor circumstan\u021be mai mult sau mai pu\u021bin favorabile \u00eentemeierii unei familii.<br \/>\nAcest lucru nu \u00eenseamn\u0103 c\u0103 se sus\u021bine existen\u021ba unei leg\u0103turi automate \u00eentre un singur beneficiu \u0219i num\u0103rul de copii.<br \/>\nAceasta \u00eenseamn\u0103 s\u0103 recunoa\u0219tem c\u0103, dac\u0103 o societate dore\u0219te o cre\u0219tere a natalit\u0103\u021bii, trebuie s\u0103 faciliteze cre\u0219terea copiilor.<br \/>\nIar acest lucru \u00eenseamn\u0103 stimulente fiscale, sprijin pentru mame, servicii de \u00eengrijire a copiilor, politici \u00een domeniul locuin\u021belor, concediu parental, flexibilitate la locul de munc\u0103 \u0219i, mai presus de toate, recunoa\u0219terea social\u0103 a valorii maternit\u0103\u021bii.<br \/>\nMaternitatea reprezint\u0103 o investi\u021bie \u00een viitorul societ\u0103\u021bii.<br \/>\n\u00cens\u0103 o politic\u0103 demografic\u0103 f\u0103r\u0103 o politic\u0103 educa\u021bional\u0103 ar fi insuficient\u0103.<br \/>\nPutem avea mai mul\u021bi copii, dar dac\u0103 ace\u0219ti copii cresc f\u0103r\u0103 s\u0103-\u0219i cunoasc\u0103 istoria, literatura \u0219i cultura, continuitatea tot nu este garantat\u0103.<br \/>\n\u0218colile trebuie s\u0103 redevin\u0103 locuri de transmitere a cuno\u0219tin\u021belor.<br \/>\nDante, Shakespeare, Cervantes, Goethe, Homer \u0219i Manzoni nu au ce c\u0103uta \u00eentr-un muzeu al trecutului. Ei fac parte din patrimoniul prin care Europa \u0219i-a construit identitatea.<br \/>\nO societate care are \u00eencredere \u00een propria identitate nu are nevoie s\u0103 \u0219tearg\u0103 ceea ce a existat \u00eenaintea ei.<br \/>\nPoate s\u0103 o critice. Poate s\u0103 o dezbat\u0103. Poate chiar s\u0103 resping\u0103 anumite aspecte ale acesteia.<br \/>\nDar mai \u00eent\u00e2i trebuie s\u0103 \u0219tie asta.<br \/>\nAici trebuie s\u0103 mergem \u00eempotriva curentului  <em>cultura anul\u0103rii<\/em>.<br \/>\nCultura nu poate deveni un proces permanent al trecutului, \u00een care fiecare oper\u0103 este judecat\u0103 exclusiv \u00een func\u021bie de standardele morale ale prezentului. Libertatea cultural\u0103 implic\u0103, de asemenea, posibilitatea de a se confrunta cu idei incomode, opere controversate \u0219i personalit\u0103\u021bi istorice problematice.<br \/>\nEduca\u021bia ar trebui s\u0103 formeze cet\u0103\u021beni capabili s\u0103-\u0219i formeze propriile opinii, nu genera\u021bii incapabile s\u0103 cunoasc\u0103.<br \/>\n\u00cen cele din urm\u0103, exist\u0103 o leg\u0103tur\u0103 \u00eentre demografie \u0219i coeziunea social\u0103 care nu trebuie subestimat\u0103.<br \/>\nO societate care \u00eemb\u0103tr\u00e2ne\u0219te, se mic\u0219oreaz\u0103 \u0219i \u00ee\u0219i percepe cultura ca pe ceva ce trebuie ascuns poate deveni mai nesigur\u0103. Iar o societate nesigur\u0103 este mai predispus\u0103 s\u0103 perceap\u0103 schimbarea ca pe o amenin\u021bare.<br \/>\nTocmai \u00een acest context poate s\u0103 se dezvolte \u0219i xenofobia.<br \/>\nDin acest motiv, o politic\u0103 demografic\u0103 serioas\u0103 nu trebuie perceput\u0103 ca fiind \u00eendreptat\u0103 \u00eempotriva imigra\u021biei. Ea trebuie privit\u0103 ca o modalitate de a consolida \u00eencrederea europenilor \u00een propria lor capacitate de a-\u0219i construi un viitor.<br \/>\nImigra\u021bia legal\u0103 \u0219i regulat\u0103 poate \u00eencetini declinul demografic \u0219i poate contribui la compensarea reducerii for\u021bei de munc\u0103, dar nu poate \u00eenlocui o politic\u0103 menit\u0103 s\u0103 creasc\u0103 natalitatea. Datele Eurostat arat\u0103 \u00een mod clar c\u0103, \u00een ultimii ani, cre\u0219terea popula\u021biei Europei a depins de migra\u021bia net\u0103, \u00een timp ce soldul natural a r\u0103mas puternic negativ.<br \/>\nPrin urmare, r\u0103spunsul nu poate consta \u00een a alege \u00eentre familii \u0219i imigra\u021bie.<br \/>\nScopul trebuie s\u0103 fie acela de a construi o Europ\u0103 suficient de \u00eencrez\u0103toare \u00een sine \u00eenc\u00e2t s\u0103 poat\u0103 face ambele lucruri f\u0103r\u0103 team\u0103.<br \/>\nDe aceea, demografia ar trebui s\u0103 devin\u0103 una dintre principalele priorit\u0103\u021bi politice ale Uniunii Europene.<br \/>\n\u00cenainte chiar de a finan\u021ba noi politici industriale majore, proiecte economice de anvergur\u0103 sau programe de investi\u021bii suplimentare, Europa trebuie s\u0103 se \u00eentrebe cine va fi chemat s\u0103 tr\u0103iasc\u0103, s\u0103 munceasc\u0103 \u0219i s\u0103 construiasc\u0103 acea societate peste dou\u0103zeci, treizeci sau cincizeci de ani.<br \/>\nPrin urmare, ar trebui s\u0103 promoveze politici comune \u0219i obligatorii menite s\u0103 sus\u021bin\u0103 cre\u0219terea demografic\u0103, permi\u021b\u00e2nd \u00een acela\u0219i timp statelor membre s\u0103 aleag\u0103 instrumentele cele mai potrivite pentru propriile tradi\u021bii sociale, dar stabilind obiective comune.<br \/>\n\u00cen centrul aten\u021biei trebuie s\u0103 se afle mamele \u0219i familiile: stimulente fiscale, sprijin pentru locuin\u021be, servicii, concediu parental, protec\u021bie social\u0103 \u0219i condi\u021bii de munc\u0103 compatibile cu maternitatea.<br \/>\nCompararea \u00eentre \u021b\u0103rile europene ar trebui s\u0103 devin\u0103 o adev\u0103rat\u0103 politic\u0103 de cercetare: s\u0103 se analizeze unde sc\u0103derea ratei natalit\u0103\u021bii este mai pu\u021bin pronun\u021bat\u0103, ce condi\u021bii o \u00eenso\u021besc \u0219i ce m\u0103suri pot fi preluate. Nu pentru a promite minuni, ci pentru a \u00eenv\u0103\u021ba din rezultate.<br \/>\nPentru c\u0103, f\u0103r\u0103 familii, nu exist\u0103 muncitori.<br \/>\nF\u0103r\u0103 copii, nu exist\u0103 viitor.<br \/>\nIar f\u0103r\u0103 transmiterea cultural\u0103, nu exist\u0103 identitate.<br \/>\nSalvarea identit\u0103\u021bii europene nu \u00eenseamn\u0103 construirea unei Europe uniforme. \u00censeamn\u0103 salvarea pluralit\u0103\u021bii extraordinare a popoarelor sale.<br \/>\n\u00censeamn\u0103 s\u0103 le permitem fiec\u0103ruia dintre ei s\u0103-\u0219i p\u0103streze propria limb\u0103, istorie \u0219i tradi\u021bii \u00een cadrul unui spa\u021biu european comun.<br \/>\nO Europ\u0103 care are din nou copii, care \u00ee\u0219i pred\u0103 din nou istoria \u0219i care nu mai consider\u0103 patrimoniul cultural drept o povar\u0103 a trecutului va fi, de asemenea, o Europ\u0103 mai pu\u021bin tem\u0103toare fa\u021b\u0103 de lume.<br \/>\nPentru c\u0103 cei care au \u00eencredere \u00een propria identitate nu au de ce s\u0103 se team\u0103 de ceilal\u021bi.<br \/>\nTrebuie pur \u0219i simplu s\u0103 aib\u0103 ceva ce merit\u0103 transmis mai departe.<\/p>\n<\/p>","protected":false},"excerpt":{"rendered":"<p>Europa trece printr-o transformare demografic\u0103 care nu mai poate fi considerat\u0103 doar o chestiune statistic\u0103. La 1 ianuarie 2026, popula\u021bia Uniunii Europene se ridica la aproximativ 452 de milioane de locuitori, ceea ce reprezint\u0103 o cre\u0219tere de 706.000 de persoane fa\u021b\u0103 de anul precedent. \u00cens\u0103 \u00een spatele acestei cifre aparent pozitive se ascunde o realitate [&hellip;]<\/p>\n","protected":false},"author":93,"featured_media":62793,"comment_status":"closed","ping_status":"closed","sticky":false,"template":"","format":"standard","meta":{"footnotes":""},"categories":[1464,183],"tags":[3481,268,1406,3480],"editorial-positions":[],"regions":[],"types":[456],"class_list":["post-62995","post","type-post","status-publish","format-standard","has-post-thumbnail","hentry","category-construirea-unei-europe-conservatoare","category-cultura-ro","tag-demografic-trasformation","tag-europe","tag-identity","tag-peoples","types-opinion-ro"],"yoast_head":"<!-- This site is optimized with the Yoast SEO plugin v28.0 - https:\/\/yoast.com\/product\/yoast-seo-wordpress\/ -->\n<title>A salva identitatea european\u0103 \u00eenseamn\u0103 a salva identitatea popoarelor sale - The Conservative<\/title>\n<meta name=\"robots\" content=\"index, follow, max-snippet:-1, max-image-preview:large, max-video-preview:-1\" \/>\n<link rel=\"canonical\" href=\"https:\/\/www.theconservative.online\/ro\/a-salva-identitatea-europeana-inseamna-a-salva-identitatea-popoarelor-sale\" \/>\n<meta property=\"og:locale\" content=\"ro_RO\" \/>\n<meta property=\"og:type\" content=\"article\" \/>\n<meta property=\"og:title\" content=\"A salva identitatea european\u0103 \u00eenseamn\u0103 a salva identitatea popoarelor sale - The Conservative\" \/>\n<meta property=\"og:description\" content=\"Europa trece printr-o transformare demografic\u0103 care nu mai poate fi considerat\u0103 doar o chestiune statistic\u0103. La 1 ianuarie 2026, popula\u021bia Uniunii Europene se ridica la aproximativ 452 de milioane de locuitori, ceea ce reprezint\u0103 o cre\u0219tere de 706.000 de persoane fa\u021b\u0103 de anul precedent. \u00cens\u0103 \u00een spatele acestei cifre aparent pozitive se ascunde o realitate [&hellip;]\" \/>\n<meta property=\"og:url\" content=\"https:\/\/www.theconservative.online\/ro\/a-salva-identitatea-europeana-inseamna-a-salva-identitatea-popoarelor-sale\" \/>\n<meta property=\"og:site_name\" content=\"The Conservative\" \/>\n<meta property=\"article:published_time\" content=\"2026-08-30T12:12:50+00:00\" \/>\n<meta property=\"og:image\" content=\"https:\/\/www.theconservative.online\/wp-content\/uploads\/2026\/08\/bandiere-stati-eu.jpg\" \/>\n\t<meta property=\"og:image:width\" content=\"1024\" \/>\n\t<meta property=\"og:image:height\" content=\"1024\" \/>\n\t<meta property=\"og:image:type\" content=\"image\/jpeg\" \/>\n<meta name=\"author\" content=\"Sofia Valenti\" \/>\n<meta name=\"twitter:card\" content=\"summary_large_image\" \/>\n<meta name=\"twitter:label1\" content=\"Scris de\" \/>\n\t<meta name=\"twitter:data1\" content=\"Sofia Valenti\" \/>\n\t<meta name=\"twitter:label2\" content=\"Timp estimat pentru citire\" \/>\n\t<meta name=\"twitter:data2\" content=\"8 minute\" \/>\n<script type=\"application\/ld+json\" class=\"yoast-schema-graph\">{\"@context\":\"https:\\\/\\\/schema.org\",\"@graph\":[{\"@type\":\"Article\",\"@id\":\"https:\\\/\\\/www.theconservative.online\\\/ro\\\/a-salva-identitatea-europeana-inseamna-a-salva-identitatea-popoarelor-sale#article\",\"isPartOf\":{\"@id\":\"https:\\\/\\\/www.theconservative.online\\\/ro\\\/a-salva-identitatea-europeana-inseamna-a-salva-identitatea-popoarelor-sale\"},\"author\":{\"name\":\"Sofia Valenti\",\"@id\":\"https:\\\/\\\/www.theconservative.online\\\/ro#\\\/schema\\\/person\\\/ba597107f354c40637f85460639c2da8\"},\"headline\":\"A salva identitatea european\u0103 \u00eenseamn\u0103 a salva identitatea popoarelor sale\",\"datePublished\":\"2026-08-30T12:12:50+00:00\",\"mainEntityOfPage\":{\"@id\":\"https:\\\/\\\/www.theconservative.online\\\/ro\\\/a-salva-identitatea-europeana-inseamna-a-salva-identitatea-popoarelor-sale\"},\"wordCount\":1611,\"image\":{\"@id\":\"https:\\\/\\\/www.theconservative.online\\\/ro\\\/a-salva-identitatea-europeana-inseamna-a-salva-identitatea-popoarelor-sale#primaryimage\"},\"thumbnailUrl\":\"https:\\\/\\\/www.theconservative.online\\\/wp-content\\\/uploads\\\/2026\\\/08\\\/bandiere-stati-eu.jpg\",\"keywords\":[\"demografic trasformation\",\"europe\",\"identity\",\"peoples\"],\"articleSection\":[\"Construirea unei Europe conservatoare\",\"Cultur\u0103\"],\"inLanguage\":\"ro-RO\"},{\"@type\":\"WebPage\",\"@id\":\"https:\\\/\\\/www.theconservative.online\\\/ro\\\/a-salva-identitatea-europeana-inseamna-a-salva-identitatea-popoarelor-sale\",\"url\":\"https:\\\/\\\/www.theconservative.online\\\/ro\\\/a-salva-identitatea-europeana-inseamna-a-salva-identitatea-popoarelor-sale\",\"name\":\"A salva identitatea european\u0103 \u00eenseamn\u0103 a salva identitatea popoarelor sale - The Conservative\",\"isPartOf\":{\"@id\":\"https:\\\/\\\/www.theconservative.online\\\/ro#website\"},\"primaryImageOfPage\":{\"@id\":\"https:\\\/\\\/www.theconservative.online\\\/ro\\\/a-salva-identitatea-europeana-inseamna-a-salva-identitatea-popoarelor-sale#primaryimage\"},\"image\":{\"@id\":\"https:\\\/\\\/www.theconservative.online\\\/ro\\\/a-salva-identitatea-europeana-inseamna-a-salva-identitatea-popoarelor-sale#primaryimage\"},\"thumbnailUrl\":\"https:\\\/\\\/www.theconservative.online\\\/wp-content\\\/uploads\\\/2026\\\/08\\\/bandiere-stati-eu.jpg\",\"datePublished\":\"2026-08-30T12:12:50+00:00\",\"author\":{\"@id\":\"https:\\\/\\\/www.theconservative.online\\\/ro#\\\/schema\\\/person\\\/ba597107f354c40637f85460639c2da8\"},\"breadcrumb\":{\"@id\":\"https:\\\/\\\/www.theconservative.online\\\/ro\\\/a-salva-identitatea-europeana-inseamna-a-salva-identitatea-popoarelor-sale#breadcrumb\"},\"inLanguage\":\"ro-RO\",\"potentialAction\":[{\"@type\":\"ReadAction\",\"target\":[\"https:\\\/\\\/www.theconservative.online\\\/ro\\\/a-salva-identitatea-europeana-inseamna-a-salva-identitatea-popoarelor-sale\"]}]},{\"@type\":\"ImageObject\",\"inLanguage\":\"ro-RO\",\"@id\":\"https:\\\/\\\/www.theconservative.online\\\/ro\\\/a-salva-identitatea-europeana-inseamna-a-salva-identitatea-popoarelor-sale#primaryimage\",\"url\":\"https:\\\/\\\/www.theconservative.online\\\/wp-content\\\/uploads\\\/2026\\\/08\\\/bandiere-stati-eu.jpg\",\"contentUrl\":\"https:\\\/\\\/www.theconservative.online\\\/wp-content\\\/uploads\\\/2026\\\/08\\\/bandiere-stati-eu.jpg\",\"width\":1024,\"height\":1024},{\"@type\":\"BreadcrumbList\",\"@id\":\"https:\\\/\\\/www.theconservative.online\\\/ro\\\/a-salva-identitatea-europeana-inseamna-a-salva-identitatea-popoarelor-sale#breadcrumb\",\"itemListElement\":[{\"@type\":\"ListItem\",\"position\":1,\"name\":\"Home\",\"item\":\"https:\\\/\\\/www.theconservative.online\\\/ro\"},{\"@type\":\"ListItem\",\"position\":2,\"name\":\"A salva identitatea european\u0103 \u00eenseamn\u0103 a salva identitatea popoarelor sale\"}]},{\"@type\":\"WebSite\",\"@id\":\"https:\\\/\\\/www.theconservative.online\\\/ro#website\",\"url\":\"https:\\\/\\\/www.theconservative.online\\\/ro\",\"name\":\"The Conservative\",\"description\":\"\",\"potentialAction\":[{\"@type\":\"SearchAction\",\"target\":{\"@type\":\"EntryPoint\",\"urlTemplate\":\"https:\\\/\\\/www.theconservative.online\\\/ro?s={search_term_string}\"},\"query-input\":{\"@type\":\"PropertyValueSpecification\",\"valueRequired\":true,\"valueName\":\"search_term_string\"}}],\"inLanguage\":\"ro-RO\"},{\"@type\":\"Person\",\"@id\":\"https:\\\/\\\/www.theconservative.online\\\/ro#\\\/schema\\\/person\\\/ba597107f354c40637f85460639c2da8\",\"name\":\"Sofia Valenti\",\"image\":{\"@type\":\"ImageObject\",\"inLanguage\":\"ro-RO\",\"@id\":\"https:\\\/\\\/secure.gravatar.com\\\/avatar\\\/b8358b98da87b71bcc40d48623c024d8cf0e1c2986353618ef2cc48000381c12?s=96&d=mm&r=g\",\"url\":\"https:\\\/\\\/secure.gravatar.com\\\/avatar\\\/b8358b98da87b71bcc40d48623c024d8cf0e1c2986353618ef2cc48000381c12?s=96&d=mm&r=g\",\"contentUrl\":\"https:\\\/\\\/secure.gravatar.com\\\/avatar\\\/b8358b98da87b71bcc40d48623c024d8cf0e1c2986353618ef2cc48000381c12?s=96&d=mm&r=g\",\"caption\":\"Sofia Valenti\"},\"url\":\"https:\\\/\\\/www.theconservative.online\\\/ro\\\/author\\\/bellantone-euspec-2026-2027\"}]}<\/script>\n<!-- \/ Yoast SEO plugin. -->","yoast_head_json":{"title":"A salva identitatea european\u0103 \u00eenseamn\u0103 a salva identitatea popoarelor sale - The Conservative","robots":{"index":"index","follow":"follow","max-snippet":"max-snippet:-1","max-image-preview":"max-image-preview:large","max-video-preview":"max-video-preview:-1"},"canonical":"https:\/\/www.theconservative.online\/ro\/a-salva-identitatea-europeana-inseamna-a-salva-identitatea-popoarelor-sale","og_locale":"ro_RO","og_type":"article","og_title":"A salva identitatea european\u0103 \u00eenseamn\u0103 a salva identitatea popoarelor sale - The Conservative","og_description":"Europa trece printr-o transformare demografic\u0103 care nu mai poate fi considerat\u0103 doar o chestiune statistic\u0103. La 1 ianuarie 2026, popula\u021bia Uniunii Europene se ridica la aproximativ 452 de milioane de locuitori, ceea ce reprezint\u0103 o cre\u0219tere de 706.000 de persoane fa\u021b\u0103 de anul precedent. \u00cens\u0103 \u00een spatele acestei cifre aparent pozitive se ascunde o realitate [&hellip;]","og_url":"https:\/\/www.theconservative.online\/ro\/a-salva-identitatea-europeana-inseamna-a-salva-identitatea-popoarelor-sale","og_site_name":"The Conservative","article_published_time":"2026-08-30T12:12:50+00:00","og_image":[{"width":1024,"height":1024,"url":"https:\/\/www.theconservative.online\/wp-content\/uploads\/2026\/08\/bandiere-stati-eu.jpg","type":"image\/jpeg"}],"author":"Sofia Valenti","twitter_card":"summary_large_image","twitter_misc":{"Scris de":"Sofia Valenti","Timp estimat pentru citire":"8 minute"},"schema":{"@context":"https:\/\/schema.org","@graph":[{"@type":"Article","@id":"https:\/\/www.theconservative.online\/ro\/a-salva-identitatea-europeana-inseamna-a-salva-identitatea-popoarelor-sale#article","isPartOf":{"@id":"https:\/\/www.theconservative.online\/ro\/a-salva-identitatea-europeana-inseamna-a-salva-identitatea-popoarelor-sale"},"author":{"name":"Sofia Valenti","@id":"https:\/\/www.theconservative.online\/ro#\/schema\/person\/ba597107f354c40637f85460639c2da8"},"headline":"A salva identitatea european\u0103 \u00eenseamn\u0103 a salva identitatea popoarelor sale","datePublished":"2026-08-30T12:12:50+00:00","mainEntityOfPage":{"@id":"https:\/\/www.theconservative.online\/ro\/a-salva-identitatea-europeana-inseamna-a-salva-identitatea-popoarelor-sale"},"wordCount":1611,"image":{"@id":"https:\/\/www.theconservative.online\/ro\/a-salva-identitatea-europeana-inseamna-a-salva-identitatea-popoarelor-sale#primaryimage"},"thumbnailUrl":"https:\/\/www.theconservative.online\/wp-content\/uploads\/2026\/08\/bandiere-stati-eu.jpg","keywords":["demografic trasformation","europe","identity","peoples"],"articleSection":["Construirea unei Europe conservatoare","Cultur\u0103"],"inLanguage":"ro-RO"},{"@type":"WebPage","@id":"https:\/\/www.theconservative.online\/ro\/a-salva-identitatea-europeana-inseamna-a-salva-identitatea-popoarelor-sale","url":"https:\/\/www.theconservative.online\/ro\/a-salva-identitatea-europeana-inseamna-a-salva-identitatea-popoarelor-sale","name":"A salva identitatea european\u0103 \u00eenseamn\u0103 a salva identitatea popoarelor sale - The Conservative","isPartOf":{"@id":"https:\/\/www.theconservative.online\/ro#website"},"primaryImageOfPage":{"@id":"https:\/\/www.theconservative.online\/ro\/a-salva-identitatea-europeana-inseamna-a-salva-identitatea-popoarelor-sale#primaryimage"},"image":{"@id":"https:\/\/www.theconservative.online\/ro\/a-salva-identitatea-europeana-inseamna-a-salva-identitatea-popoarelor-sale#primaryimage"},"thumbnailUrl":"https:\/\/www.theconservative.online\/wp-content\/uploads\/2026\/08\/bandiere-stati-eu.jpg","datePublished":"2026-08-30T12:12:50+00:00","author":{"@id":"https:\/\/www.theconservative.online\/ro#\/schema\/person\/ba597107f354c40637f85460639c2da8"},"breadcrumb":{"@id":"https:\/\/www.theconservative.online\/ro\/a-salva-identitatea-europeana-inseamna-a-salva-identitatea-popoarelor-sale#breadcrumb"},"inLanguage":"ro-RO","potentialAction":[{"@type":"ReadAction","target":["https:\/\/www.theconservative.online\/ro\/a-salva-identitatea-europeana-inseamna-a-salva-identitatea-popoarelor-sale"]}]},{"@type":"ImageObject","inLanguage":"ro-RO","@id":"https:\/\/www.theconservative.online\/ro\/a-salva-identitatea-europeana-inseamna-a-salva-identitatea-popoarelor-sale#primaryimage","url":"https:\/\/www.theconservative.online\/wp-content\/uploads\/2026\/08\/bandiere-stati-eu.jpg","contentUrl":"https:\/\/www.theconservative.online\/wp-content\/uploads\/2026\/08\/bandiere-stati-eu.jpg","width":1024,"height":1024},{"@type":"BreadcrumbList","@id":"https:\/\/www.theconservative.online\/ro\/a-salva-identitatea-europeana-inseamna-a-salva-identitatea-popoarelor-sale#breadcrumb","itemListElement":[{"@type":"ListItem","position":1,"name":"Home","item":"https:\/\/www.theconservative.online\/ro"},{"@type":"ListItem","position":2,"name":"A salva identitatea european\u0103 \u00eenseamn\u0103 a salva identitatea popoarelor sale"}]},{"@type":"WebSite","@id":"https:\/\/www.theconservative.online\/ro#website","url":"https:\/\/www.theconservative.online\/ro","name":"The Conservative","description":"","potentialAction":[{"@type":"SearchAction","target":{"@type":"EntryPoint","urlTemplate":"https:\/\/www.theconservative.online\/ro?s={search_term_string}"},"query-input":{"@type":"PropertyValueSpecification","valueRequired":true,"valueName":"search_term_string"}}],"inLanguage":"ro-RO"},{"@type":"Person","@id":"https:\/\/www.theconservative.online\/ro#\/schema\/person\/ba597107f354c40637f85460639c2da8","name":"Sofia Valenti","image":{"@type":"ImageObject","inLanguage":"ro-RO","@id":"https:\/\/secure.gravatar.com\/avatar\/b8358b98da87b71bcc40d48623c024d8cf0e1c2986353618ef2cc48000381c12?s=96&d=mm&r=g","url":"https:\/\/secure.gravatar.com\/avatar\/b8358b98da87b71bcc40d48623c024d8cf0e1c2986353618ef2cc48000381c12?s=96&d=mm&r=g","contentUrl":"https:\/\/secure.gravatar.com\/avatar\/b8358b98da87b71bcc40d48623c024d8cf0e1c2986353618ef2cc48000381c12?s=96&d=mm&r=g","caption":"Sofia Valenti"},"url":"https:\/\/www.theconservative.online\/ro\/author\/bellantone-euspec-2026-2027"}]}},"acf":[],"_links":{"self":[{"href":"https:\/\/www.theconservative.online\/ro\/wp-json\/wp\/v2\/posts\/62995","targetHints":{"allow":["GET"]}}],"collection":[{"href":"https:\/\/www.theconservative.online\/ro\/wp-json\/wp\/v2\/posts"}],"about":[{"href":"https:\/\/www.theconservative.online\/ro\/wp-json\/wp\/v2\/types\/post"}],"author":[{"embeddable":true,"href":"https:\/\/www.theconservative.online\/ro\/wp-json\/wp\/v2\/users\/93"}],"replies":[{"embeddable":true,"href":"https:\/\/www.theconservative.online\/ro\/wp-json\/wp\/v2\/comments?post=62995"}],"version-history":[{"count":0,"href":"https:\/\/www.theconservative.online\/ro\/wp-json\/wp\/v2\/posts\/62995\/revisions"}],"wp:featuredmedia":[{"embeddable":true,"href":"https:\/\/www.theconservative.online\/ro\/wp-json\/wp\/v2\/media\/62793"}],"wp:attachment":[{"href":"https:\/\/www.theconservative.online\/ro\/wp-json\/wp\/v2\/media?parent=62995"}],"wp:term":[{"taxonomy":"category","embeddable":true,"href":"https:\/\/www.theconservative.online\/ro\/wp-json\/wp\/v2\/categories?post=62995"},{"taxonomy":"post_tag","embeddable":true,"href":"https:\/\/www.theconservative.online\/ro\/wp-json\/wp\/v2\/tags?post=62995"},{"taxonomy":"editorial-positions","embeddable":true,"href":"https:\/\/www.theconservative.online\/ro\/wp-json\/wp\/v2\/editorial-positions?post=62995"},{"taxonomy":"regions","embeddable":true,"href":"https:\/\/www.theconservative.online\/ro\/wp-json\/wp\/v2\/regions?post=62995"},{"taxonomy":"types","embeddable":true,"href":"https:\/\/www.theconservative.online\/ro\/wp-json\/wp\/v2\/types?post=62995"}],"curies":[{"name":"wp","href":"https:\/\/api.w.org\/{rel}","templated":true}]}}