{"id":63008,"date":"2026-08-29T13:21:29","date_gmt":"2026-08-29T13:21:29","guid":{"rendered":"https:\/\/www.theconservative.online\/islanda-voteaza-privind-reluarea-procesului-de-aderare-la-uniunea-europeana"},"modified":"2026-08-29T13:21:29","modified_gmt":"2026-08-29T13:21:29","slug":"islanda-voteaza-privind-reluarea-procesului-de-aderare-la-uniunea-europeana","status":"publish","type":"post","link":"https:\/\/www.theconservative.online\/ro\/islanda-voteaza-privind-reluarea-procesului-de-aderare-la-uniunea-europeana","title":{"rendered":"Islanda voteaz\u0103 privind reluarea procesului de aderare la Uniunea European\u0103"},"content":{"rendered":"<h2>Un referendum extrem de str\u00e2ns aduce \u00een prim-plan preocup\u0103rile economice, drepturile de pescuit \u0219i securitatea \u00een Arctica, \u00eentr-o dezbatere care ar putea remodela rela\u021bia dintre Reykjav\u00edk \u0219i Bruxelles<\/h2>\n<p>Islandezii voteaz\u0103 pentru a decide dac\u0103 \u021bara lor ar trebui s\u0103 reia negocierile de aderare la Uniunea European\u0103, readuc\u00e2nd \u00een discu\u021bie o chestiune politic\u0103 care a r\u0103mas nerezolvat\u0103 de mai bine de un deceniu. Referendumul nu le cere aleg\u0103torilor s\u0103 aprobe aderarea la UE \u00een sine. \u00cen schimb, acesta va stabili dac\u0103 Reykjav\u00edk ar trebui s\u0103 reia negocierile suspendate \u00een 2013.<\/p>\n<p>De\u0219i votul are un caracter pur consultativ, guvernul a promis c\u0103 va respecta rezultatul. O victorie a campaniei pentru \u201eda\u201d ar duce, prin urmare, la reluarea negocierilor cu Bruxelles. Orice acord la care s-ar ajunge \u00een cele din urm\u0103 ar trebui apoi supus votului islandezilor \u00eentr-un al doilea referendum, \u00eenainte ca \u021bara s\u0103 poat\u0103 adera la Uniune.<\/p><div class='related_content'><span>RELATED<\/span><ul><li><a href='https:\/\/www.theconservative.online\/ro\/nu-ul-islandei-si-europa-natiunilor'>\u201eNu\u201d-ul Islandei \u0219i Europa Na\u021biunilor<\/li><\/a><li><a href='https:\/\/www.theconservative.online\/ro\/cateva-reflectii-in-urma-discursului-comisarului-pentru-extindere-tinut-la-zagreb'>C\u00e2teva reflec\u021bii \u00een urma discursului comisarului pentru extindere \u021binut la Zagreb<\/li><\/a><li><a href='https:\/\/www.theconservative.online\/ro\/o-dreapta-unita-trebuie-sa-puna-in-evidenta-diferentele-interne'>O dreapt\u0103 unit\u0103 trebuie s\u0103 pun\u0103 \u00een eviden\u021b\u0103 diferen\u021bele interne<\/li><\/a><\/ul><\/div>\n<p>Rezultatul este extrem de incert. Dou\u0103 sondaje de opinie finale au plasat taberele opuse \u00een marja de eroare. Mask\u00edna a estimat sprijinul pentru reluarea negocierilor la 50,4%, \u00een timp ce Gallup a indicat c\u0103 tab\u0103ra \u201enu\u201d se afl\u0103 u\u0219or \u00een frunte, cu 51,6%.<\/p>\n<p>Aproximativ 270.000 de persoane au dreptul s\u0103 participe. Sec\u021biile de votare s-au deschis la ora 9:00, ora local\u0103, \u0219i urmeaz\u0103 s\u0103 se \u00eenchid\u0103 la ora 22:00. Votul anticipat a \u00eenregistrat o participare neobi\u0219nuit de mare: p\u00e2n\u0103 la pr\u00e2nz, \u00een ajunul referendumului, fuseser\u0103 deja exprimate 56.774 de voturi, inclusiv aproximativ 17.000 de voturi din str\u0103in\u0103tate. Regiunea capitalei a \u00eenregistrat cel mai ridicat nivel de participare anticipat\u0103 de p\u00e2n\u0103 acum.<\/p>\n<p>Num\u0103rarea voturilor va \u00eencepe imediat dup\u0103 \u00eenchiderea sec\u021biilor de votare, primele rezultate par\u021biale fiind a\u0219teptate din districtul sudic. Nu au fost anun\u021bate sondaje la ie\u0219irea de la urne la nivel na\u021bional.<\/p>\n<p>\u00cen spatele acestei competi\u021bii str\u00e2nse se ascunde o dezbatere privind modul \u00een care Islanda ar trebui s\u0103-\u0219i protejeze at\u00e2t prosperitatea, c\u00e2t \u0219i independen\u021ba. \u021aara este deja str\u00e2ns legat\u0103 de UE prin Spa\u021biul Economic European, spa\u021biul Schengen \u0219i Asocia\u021bia European\u0103 a Comer\u021bului Liber. Ea particip\u0103 la pia\u021ba unic\u0103 \u0219i aplic\u0103 o parte substan\u021bial\u0103 a legisla\u021biei europene, \u00een ciuda faptului c\u0103 are o influen\u021b\u0103 limitat\u0103 asupra modului \u00een care sunt elaborate aceste norme.<\/p>\n<p>Sus\u021bin\u0103torii relu\u0103rii negocierilor sus\u021bin c\u0103 Islanda ar trebui s\u0103 aib\u0103 un loc la masa negocierilor, av\u00e2nd \u00een vedere c\u0103 este deja obligat\u0103 s\u0103 pun\u0103 \u00een aplicare numeroase decizii ale UE. Oponen\u021bii consider\u0103 c\u0103 actualul aranjament este de preferat, deoarece combin\u0103 accesul la pie\u021bele europene cu o mai mare autonomie na\u021bional\u0103.<\/p>\n<p>Nicio alt\u0103 problem\u0103 nu ilustreaz\u0103 mai clar aceast\u0103 preocupare dec\u00e2t pescuitul. Resursele marine sunt esen\u021biale pentru economia \u0219i identitatea na\u021bional\u0103 a Islandei. Aderarea cu drepturi depline ar necesita negocieri privind Politica comun\u0103 \u00een domeniul pescuitului a UE, inclusiv aspecte legate de cote \u0219i de accesul la apele islandeze. Criticii se tem c\u0103 deciziile luate \u00een prezent la Reykjav\u00edk ar putea deveni obiectul unor compromisuri la Bruxelles.<\/p>\n<p>Pescuitul a reprezentat, de asemenea, cea mai dificil\u0103 parte a procesului de aderare anterior. Islanda \u0219i-a depus cererea de aderare \u00een 2009, dup\u0103 ce un colaps financiar a devastat sistemul s\u0103u bancar \u0219i a sl\u0103bit \u00eencrederea \u00een moneda na\u021bional\u0103. P\u00e2n\u0103 la momentul \u00een care negocierile au fost suspendate, patru ani mai t\u00e2rziu, fuseser\u0103 deschise 27 de capitole de politic\u0103 \u0219i 11 fuseser\u0103 finalizate provizoriu, dar capitolul privind pescuitul a r\u0103mas nerezolvat.<\/p>\n<p>Presiunile economice au readus acum problema european\u0103 \u00een prim-plan. Infla\u021bia, creditele ipotecare costisitoare \u0219i rata dob\u00e2nzii de 8% a b\u0103ncii centrale islandeze au \u00eent\u0103rit argumentele \u00een favoarea unei integr\u0103ri mai str\u00e2nse. \u00cen compara\u021bie, rata B\u0103ncii Centrale Europene se situeaz\u0103 la 2,25%. Sus\u021bin\u0103torii pro-europeni prezint\u0103 adoptarea eventual\u0103 a monedei euro ca o posibil\u0103 surs\u0103 de stabilitate. Oponen\u021bii lor avertizeaz\u0103 c\u0103 renun\u021barea la coroan\u0103 ar elimina un instrument valoros pentru a r\u0103spunde nevoilor specifice ale economiei mici a Islandei.<\/p>\n<p>De asemenea, contextul geopolitic s-a schimbat radical \u00eencep\u00e2nd cu anul 2013. Invazia Rusiei \u00een Ucraina, intensificarea concuren\u021bei \u00een Arctica \u0219i incertitudinea cu privire la politica pe termen lung a Statelor Unite au sporit importan\u021ba strategic\u0103 a Islandei. Insula se afl\u0103 \u00eentre Europa, Groenlanda \u0219i America de Nord, \u00een apropierea str\u00e2mtorii GIUK, un coridor vital din Atlanticul de Nord pentru securitatea militar\u0103 \u0219i maritim\u0103.<\/p>\n<p>Islanda, membru fondator al NATO, \u0219i-a extins recent cooperarea \u00een domeniul securit\u0103\u021bii cu UE printr-un parteneriat care vizeaz\u0103 Arctica, infrastructura critic\u0103, afacerile maritime \u0219i amenin\u021b\u0103rile cibernetice. Prin urmare, aderarea ar avea o importan\u021b\u0103 care ar dep\u0103\u0219i popula\u021bia Islandei, de aproximativ 400 000 de locuitori: aceasta ar consolida prezen\u021ba politic\u0103 a UE \u00eentr-o regiune care atrage o aten\u021bie din ce \u00een ce mai mare din partea Rusiei, Chinei \u0219i Statelor Unite.<\/p>\n<p>Dac\u0103 aleg\u0103torii vor aproba reluarea discu\u021biilor, Ministerul Afacerilor Externe al Islandei consider\u0103 c\u0103 negocierile ar putea \u00eencepe \u00eenainte de sf\u00e2r\u0219itul anului \u0219i ar putea dura \u00eentre 18 \u0219i 24 de luni. Cu toate acestea, chiar \u0219i atunci, aderarea ar r\u0103m\u00e2ne \u00eenc\u0103 nesigur\u0103. Referendumul poate redeschide u\u0219a c\u0103tre Europa, dar islandezii ar trebui totu\u0219i s\u0103 decid\u0103 dac\u0103 vor trece prin ea.<\/p>\n<p>&nbsp;<\/p>\n<h4>Alessandro Fiorentino<\/h4>\n<\/p>","protected":false},"excerpt":{"rendered":"<p>Un referendum extrem de str\u00e2ns aduce \u00een prim-plan preocup\u0103rile economice, drepturile de pescuit \u0219i securitatea \u00een Arctica, \u00eentr-o dezbatere care ar putea remodela rela\u021bia dintre Reykjav\u00edk \u0219i Bruxelles Islandezii voteaz\u0103 pentru a decide dac\u0103 \u021bara lor ar trebui s\u0103 reia negocierile de aderare la Uniunea European\u0103, readuc\u00e2nd \u00een discu\u021bie o chestiune politic\u0103 care a r\u0103mas [&hellip;]<\/p>\n","protected":false},"author":75,"featured_media":62712,"comment_status":"closed","ping_status":"closed","sticky":false,"template":"","format":"standard","meta":{"footnotes":""},"categories":[157,1464,183,224,263,2062,160,200,1334],"tags":[3477,3474,3475,3476,1000,302,250,237,300,215,247,270,268,283,316,599,72,503,243,146,1864,214,554,252,282],"editorial-positions":[],"regions":[329,338,346,355,365],"types":[417,456],"class_list":["post-63008","post","type-post","status-publish","format-standard","has-post-thumbnail","hentry","category-comert-si-economie","category-construirea-unei-europe-conservatoare","category-cultura-ro","category-energie-ro","category-legal-ro","category-lumea","category-politica","category-sanatate","category-viitorul-nostru-alaturi-de-nato","tag-icelanders","tag-islanda","tag-votes","tag-voti","tag-conservatism","tag-conservative","tag-economy","tag-energy","tag-environment","tag-eu","tag-eu-council","tag-europa","tag-europe","tag-european-commission","tag-european-parliament","tag-european-union","tag-iceland","tag-immigration","tag-nato","tag-politics","tag-referendum","tag-russia","tag-sweden","tag-technology","tag-ursula-von-der-leyen","regions-central-europe-ro","regions-eastern-europe-ro","regions-northern-europe-ro","regions-southern-europe-ro","regions-western-europe-ro","types-news-ro","types-opinion-ro"],"yoast_head":"<!-- This site is optimized with the Yoast SEO plugin v28.0 - https:\/\/yoast.com\/product\/yoast-seo-wordpress\/ -->\n<title>Islanda voteaz\u0103 privind reluarea procesului de aderare la Uniunea European\u0103 - The Conservative<\/title>\n<meta name=\"robots\" content=\"index, follow, max-snippet:-1, max-image-preview:large, max-video-preview:-1\" \/>\n<link rel=\"canonical\" href=\"https:\/\/www.theconservative.online\/ro\/islanda-voteaza-privind-reluarea-procesului-de-aderare-la-uniunea-europeana\" \/>\n<meta property=\"og:locale\" content=\"ro_RO\" \/>\n<meta property=\"og:type\" content=\"article\" \/>\n<meta property=\"og:title\" content=\"Islanda voteaz\u0103 privind reluarea procesului de aderare la Uniunea European\u0103 - The Conservative\" \/>\n<meta property=\"og:description\" content=\"Un referendum extrem de str\u00e2ns aduce \u00een prim-plan preocup\u0103rile economice, drepturile de pescuit \u0219i securitatea \u00een Arctica, \u00eentr-o dezbatere care ar putea remodela rela\u021bia dintre Reykjav\u00edk \u0219i Bruxelles Islandezii voteaz\u0103 pentru a decide dac\u0103 \u021bara lor ar trebui s\u0103 reia negocierile de aderare la Uniunea European\u0103, readuc\u00e2nd \u00een discu\u021bie o chestiune politic\u0103 care a r\u0103mas [&hellip;]\" \/>\n<meta property=\"og:url\" content=\"https:\/\/www.theconservative.online\/ro\/islanda-voteaza-privind-reluarea-procesului-de-aderare-la-uniunea-europeana\" \/>\n<meta property=\"og:site_name\" content=\"The Conservative\" \/>\n<meta property=\"article:published_time\" content=\"2026-08-29T13:21:29+00:00\" \/>\n<meta property=\"og:image\" content=\"https:\/\/www.theconservative.online\/wp-content\/uploads\/2026\/08\/iceland-eu-referendum-cover-16x9-1.png\" \/>\n\t<meta property=\"og:image:width\" content=\"1115\" \/>\n\t<meta property=\"og:image:height\" content=\"627\" \/>\n\t<meta property=\"og:image:type\" content=\"image\/png\" \/>\n<meta name=\"author\" content=\"Gianluca Guarino\" \/>\n<meta name=\"twitter:card\" content=\"summary_large_image\" \/>\n<meta name=\"twitter:label1\" content=\"Scris de\" \/>\n\t<meta name=\"twitter:data1\" content=\"Gianluca Guarino\" \/>\n\t<meta name=\"twitter:label2\" content=\"Timp estimat pentru citire\" \/>\n\t<meta name=\"twitter:data2\" content=\"4 minute\" \/>\n<script type=\"application\/ld+json\" class=\"yoast-schema-graph\">{\"@context\":\"https:\\\/\\\/schema.org\",\"@graph\":[{\"@type\":\"Article\",\"@id\":\"https:\\\/\\\/www.theconservative.online\\\/ro\\\/islanda-voteaza-privind-reluarea-procesului-de-aderare-la-uniunea-europeana#article\",\"isPartOf\":{\"@id\":\"https:\\\/\\\/www.theconservative.online\\\/ro\\\/islanda-voteaza-privind-reluarea-procesului-de-aderare-la-uniunea-europeana\"},\"author\":{\"name\":\"Gianluca Guarino\",\"@id\":\"https:\\\/\\\/www.theconservative.online\\\/ro#\\\/schema\\\/person\\\/46c9b8a1ba7a0e0b73f01e5e8593e28a\"},\"headline\":\"Islanda voteaz\u0103 privind reluarea procesului de aderare la Uniunea European\u0103\",\"datePublished\":\"2026-08-29T13:21:29+00:00\",\"mainEntityOfPage\":{\"@id\":\"https:\\\/\\\/www.theconservative.online\\\/ro\\\/islanda-voteaza-privind-reluarea-procesului-de-aderare-la-uniunea-europeana\"},\"wordCount\":903,\"image\":{\"@id\":\"https:\\\/\\\/www.theconservative.online\\\/ro\\\/islanda-voteaza-privind-reluarea-procesului-de-aderare-la-uniunea-europeana#primaryimage\"},\"thumbnailUrl\":\"https:\\\/\\\/www.theconservative.online\\\/wp-content\\\/uploads\\\/2026\\\/08\\\/iceland-eu-referendum-cover-16x9-1.png\",\"keywords\":[\"#icelanders\",\"#islanda\",\"#votes\",\"#voti\",\"Conservatism\",\"conservative\",\"Economy\",\"energy\",\"environment\",\"EU\",\"EU Council\",\"europa\",\"europe\",\"European Commission\",\"European Parliament\",\"European Union\",\"Iceland\",\"immigration\",\"NATO\",\"Politics\",\"referendum\",\"Russia\",\"Sweden\",\"technology\",\"Ursula von der Leyen\"],\"articleSection\":[\"Comer\u021b \u0219i economie\",\"Construirea unei Europe conservatoare\",\"Cultur\u0103\",\"Energie\",\"Legal\",\"Lumea\",\"Politic\u0103\",\"S\u0103n\u0103tate\",\"Viitorul nostru al\u0103turi de NATO\"],\"inLanguage\":\"ro-RO\"},{\"@type\":\"WebPage\",\"@id\":\"https:\\\/\\\/www.theconservative.online\\\/ro\\\/islanda-voteaza-privind-reluarea-procesului-de-aderare-la-uniunea-europeana\",\"url\":\"https:\\\/\\\/www.theconservative.online\\\/ro\\\/islanda-voteaza-privind-reluarea-procesului-de-aderare-la-uniunea-europeana\",\"name\":\"Islanda voteaz\u0103 privind reluarea procesului de aderare la Uniunea European\u0103 - The Conservative\",\"isPartOf\":{\"@id\":\"https:\\\/\\\/www.theconservative.online\\\/ro#website\"},\"primaryImageOfPage\":{\"@id\":\"https:\\\/\\\/www.theconservative.online\\\/ro\\\/islanda-voteaza-privind-reluarea-procesului-de-aderare-la-uniunea-europeana#primaryimage\"},\"image\":{\"@id\":\"https:\\\/\\\/www.theconservative.online\\\/ro\\\/islanda-voteaza-privind-reluarea-procesului-de-aderare-la-uniunea-europeana#primaryimage\"},\"thumbnailUrl\":\"https:\\\/\\\/www.theconservative.online\\\/wp-content\\\/uploads\\\/2026\\\/08\\\/iceland-eu-referendum-cover-16x9-1.png\",\"datePublished\":\"2026-08-29T13:21:29+00:00\",\"author\":{\"@id\":\"https:\\\/\\\/www.theconservative.online\\\/ro#\\\/schema\\\/person\\\/46c9b8a1ba7a0e0b73f01e5e8593e28a\"},\"breadcrumb\":{\"@id\":\"https:\\\/\\\/www.theconservative.online\\\/ro\\\/islanda-voteaza-privind-reluarea-procesului-de-aderare-la-uniunea-europeana#breadcrumb\"},\"inLanguage\":\"ro-RO\",\"potentialAction\":[{\"@type\":\"ReadAction\",\"target\":[\"https:\\\/\\\/www.theconservative.online\\\/ro\\\/islanda-voteaza-privind-reluarea-procesului-de-aderare-la-uniunea-europeana\"]}]},{\"@type\":\"ImageObject\",\"inLanguage\":\"ro-RO\",\"@id\":\"https:\\\/\\\/www.theconservative.online\\\/ro\\\/islanda-voteaza-privind-reluarea-procesului-de-aderare-la-uniunea-europeana#primaryimage\",\"url\":\"https:\\\/\\\/www.theconservative.online\\\/wp-content\\\/uploads\\\/2026\\\/08\\\/iceland-eu-referendum-cover-16x9-1.png\",\"contentUrl\":\"https:\\\/\\\/www.theconservative.online\\\/wp-content\\\/uploads\\\/2026\\\/08\\\/iceland-eu-referendum-cover-16x9-1.png\",\"width\":1115,\"height\":627},{\"@type\":\"BreadcrumbList\",\"@id\":\"https:\\\/\\\/www.theconservative.online\\\/ro\\\/islanda-voteaza-privind-reluarea-procesului-de-aderare-la-uniunea-europeana#breadcrumb\",\"itemListElement\":[{\"@type\":\"ListItem\",\"position\":1,\"name\":\"Home\",\"item\":\"https:\\\/\\\/www.theconservative.online\\\/ro\"},{\"@type\":\"ListItem\",\"position\":2,\"name\":\"Islanda voteaz\u0103 privind reluarea procesului de aderare la Uniunea European\u0103\"}]},{\"@type\":\"WebSite\",\"@id\":\"https:\\\/\\\/www.theconservative.online\\\/ro#website\",\"url\":\"https:\\\/\\\/www.theconservative.online\\\/ro\",\"name\":\"The Conservative\",\"description\":\"\",\"potentialAction\":[{\"@type\":\"SearchAction\",\"target\":{\"@type\":\"EntryPoint\",\"urlTemplate\":\"https:\\\/\\\/www.theconservative.online\\\/ro?s={search_term_string}\"},\"query-input\":{\"@type\":\"PropertyValueSpecification\",\"valueRequired\":true,\"valueName\":\"search_term_string\"}}],\"inLanguage\":\"ro-RO\"},{\"@type\":\"Person\",\"@id\":\"https:\\\/\\\/www.theconservative.online\\\/ro#\\\/schema\\\/person\\\/46c9b8a1ba7a0e0b73f01e5e8593e28a\",\"name\":\"Gianluca Guarino\",\"image\":{\"@type\":\"ImageObject\",\"inLanguage\":\"ro-RO\",\"@id\":\"https:\\\/\\\/secure.gravatar.com\\\/avatar\\\/01905945d0032a29ec00293c7d34262b190a51fcaa4b6e91fa605759ef37929e?s=96&d=mm&r=g\",\"url\":\"https:\\\/\\\/secure.gravatar.com\\\/avatar\\\/01905945d0032a29ec00293c7d34262b190a51fcaa4b6e91fa605759ef37929e?s=96&d=mm&r=g\",\"contentUrl\":\"https:\\\/\\\/secure.gravatar.com\\\/avatar\\\/01905945d0032a29ec00293c7d34262b190a51fcaa4b6e91fa605759ef37929e?s=96&d=mm&r=g\",\"caption\":\"Gianluca Guarino\"},\"url\":\"https:\\\/\\\/www.theconservative.online\\\/ro\\\/author\\\/worklab-euaff-2025-26\"}]}<\/script>\n<!-- \/ Yoast SEO plugin. -->","yoast_head_json":{"title":"Islanda voteaz\u0103 privind reluarea procesului de aderare la Uniunea European\u0103 - The Conservative","robots":{"index":"index","follow":"follow","max-snippet":"max-snippet:-1","max-image-preview":"max-image-preview:large","max-video-preview":"max-video-preview:-1"},"canonical":"https:\/\/www.theconservative.online\/ro\/islanda-voteaza-privind-reluarea-procesului-de-aderare-la-uniunea-europeana","og_locale":"ro_RO","og_type":"article","og_title":"Islanda voteaz\u0103 privind reluarea procesului de aderare la Uniunea European\u0103 - The Conservative","og_description":"Un referendum extrem de str\u00e2ns aduce \u00een prim-plan preocup\u0103rile economice, drepturile de pescuit \u0219i securitatea \u00een Arctica, \u00eentr-o dezbatere care ar putea remodela rela\u021bia dintre Reykjav\u00edk \u0219i Bruxelles Islandezii voteaz\u0103 pentru a decide dac\u0103 \u021bara lor ar trebui s\u0103 reia negocierile de aderare la Uniunea European\u0103, readuc\u00e2nd \u00een discu\u021bie o chestiune politic\u0103 care a r\u0103mas [&hellip;]","og_url":"https:\/\/www.theconservative.online\/ro\/islanda-voteaza-privind-reluarea-procesului-de-aderare-la-uniunea-europeana","og_site_name":"The Conservative","article_published_time":"2026-08-29T13:21:29+00:00","og_image":[{"width":1115,"height":627,"url":"https:\/\/www.theconservative.online\/wp-content\/uploads\/2026\/08\/iceland-eu-referendum-cover-16x9-1.png","type":"image\/png"}],"author":"Gianluca Guarino","twitter_card":"summary_large_image","twitter_misc":{"Scris de":"Gianluca Guarino","Timp estimat pentru citire":"4 minute"},"schema":{"@context":"https:\/\/schema.org","@graph":[{"@type":"Article","@id":"https:\/\/www.theconservative.online\/ro\/islanda-voteaza-privind-reluarea-procesului-de-aderare-la-uniunea-europeana#article","isPartOf":{"@id":"https:\/\/www.theconservative.online\/ro\/islanda-voteaza-privind-reluarea-procesului-de-aderare-la-uniunea-europeana"},"author":{"name":"Gianluca Guarino","@id":"https:\/\/www.theconservative.online\/ro#\/schema\/person\/46c9b8a1ba7a0e0b73f01e5e8593e28a"},"headline":"Islanda voteaz\u0103 privind reluarea procesului de aderare la Uniunea European\u0103","datePublished":"2026-08-29T13:21:29+00:00","mainEntityOfPage":{"@id":"https:\/\/www.theconservative.online\/ro\/islanda-voteaza-privind-reluarea-procesului-de-aderare-la-uniunea-europeana"},"wordCount":903,"image":{"@id":"https:\/\/www.theconservative.online\/ro\/islanda-voteaza-privind-reluarea-procesului-de-aderare-la-uniunea-europeana#primaryimage"},"thumbnailUrl":"https:\/\/www.theconservative.online\/wp-content\/uploads\/2026\/08\/iceland-eu-referendum-cover-16x9-1.png","keywords":["#icelanders","#islanda","#votes","#voti","Conservatism","conservative","Economy","energy","environment","EU","EU Council","europa","europe","European Commission","European Parliament","European Union","Iceland","immigration","NATO","Politics","referendum","Russia","Sweden","technology","Ursula von der Leyen"],"articleSection":["Comer\u021b \u0219i economie","Construirea unei Europe conservatoare","Cultur\u0103","Energie","Legal","Lumea","Politic\u0103","S\u0103n\u0103tate","Viitorul nostru al\u0103turi de NATO"],"inLanguage":"ro-RO"},{"@type":"WebPage","@id":"https:\/\/www.theconservative.online\/ro\/islanda-voteaza-privind-reluarea-procesului-de-aderare-la-uniunea-europeana","url":"https:\/\/www.theconservative.online\/ro\/islanda-voteaza-privind-reluarea-procesului-de-aderare-la-uniunea-europeana","name":"Islanda voteaz\u0103 privind reluarea procesului de aderare la Uniunea European\u0103 - The Conservative","isPartOf":{"@id":"https:\/\/www.theconservative.online\/ro#website"},"primaryImageOfPage":{"@id":"https:\/\/www.theconservative.online\/ro\/islanda-voteaza-privind-reluarea-procesului-de-aderare-la-uniunea-europeana#primaryimage"},"image":{"@id":"https:\/\/www.theconservative.online\/ro\/islanda-voteaza-privind-reluarea-procesului-de-aderare-la-uniunea-europeana#primaryimage"},"thumbnailUrl":"https:\/\/www.theconservative.online\/wp-content\/uploads\/2026\/08\/iceland-eu-referendum-cover-16x9-1.png","datePublished":"2026-08-29T13:21:29+00:00","author":{"@id":"https:\/\/www.theconservative.online\/ro#\/schema\/person\/46c9b8a1ba7a0e0b73f01e5e8593e28a"},"breadcrumb":{"@id":"https:\/\/www.theconservative.online\/ro\/islanda-voteaza-privind-reluarea-procesului-de-aderare-la-uniunea-europeana#breadcrumb"},"inLanguage":"ro-RO","potentialAction":[{"@type":"ReadAction","target":["https:\/\/www.theconservative.online\/ro\/islanda-voteaza-privind-reluarea-procesului-de-aderare-la-uniunea-europeana"]}]},{"@type":"ImageObject","inLanguage":"ro-RO","@id":"https:\/\/www.theconservative.online\/ro\/islanda-voteaza-privind-reluarea-procesului-de-aderare-la-uniunea-europeana#primaryimage","url":"https:\/\/www.theconservative.online\/wp-content\/uploads\/2026\/08\/iceland-eu-referendum-cover-16x9-1.png","contentUrl":"https:\/\/www.theconservative.online\/wp-content\/uploads\/2026\/08\/iceland-eu-referendum-cover-16x9-1.png","width":1115,"height":627},{"@type":"BreadcrumbList","@id":"https:\/\/www.theconservative.online\/ro\/islanda-voteaza-privind-reluarea-procesului-de-aderare-la-uniunea-europeana#breadcrumb","itemListElement":[{"@type":"ListItem","position":1,"name":"Home","item":"https:\/\/www.theconservative.online\/ro"},{"@type":"ListItem","position":2,"name":"Islanda voteaz\u0103 privind reluarea procesului de aderare la Uniunea European\u0103"}]},{"@type":"WebSite","@id":"https:\/\/www.theconservative.online\/ro#website","url":"https:\/\/www.theconservative.online\/ro","name":"The Conservative","description":"","potentialAction":[{"@type":"SearchAction","target":{"@type":"EntryPoint","urlTemplate":"https:\/\/www.theconservative.online\/ro?s={search_term_string}"},"query-input":{"@type":"PropertyValueSpecification","valueRequired":true,"valueName":"search_term_string"}}],"inLanguage":"ro-RO"},{"@type":"Person","@id":"https:\/\/www.theconservative.online\/ro#\/schema\/person\/46c9b8a1ba7a0e0b73f01e5e8593e28a","name":"Gianluca Guarino","image":{"@type":"ImageObject","inLanguage":"ro-RO","@id":"https:\/\/secure.gravatar.com\/avatar\/01905945d0032a29ec00293c7d34262b190a51fcaa4b6e91fa605759ef37929e?s=96&d=mm&r=g","url":"https:\/\/secure.gravatar.com\/avatar\/01905945d0032a29ec00293c7d34262b190a51fcaa4b6e91fa605759ef37929e?s=96&d=mm&r=g","contentUrl":"https:\/\/secure.gravatar.com\/avatar\/01905945d0032a29ec00293c7d34262b190a51fcaa4b6e91fa605759ef37929e?s=96&d=mm&r=g","caption":"Gianluca Guarino"},"url":"https:\/\/www.theconservative.online\/ro\/author\/worklab-euaff-2025-26"}]}},"acf":[],"_links":{"self":[{"href":"https:\/\/www.theconservative.online\/ro\/wp-json\/wp\/v2\/posts\/63008","targetHints":{"allow":["GET"]}}],"collection":[{"href":"https:\/\/www.theconservative.online\/ro\/wp-json\/wp\/v2\/posts"}],"about":[{"href":"https:\/\/www.theconservative.online\/ro\/wp-json\/wp\/v2\/types\/post"}],"author":[{"embeddable":true,"href":"https:\/\/www.theconservative.online\/ro\/wp-json\/wp\/v2\/users\/75"}],"replies":[{"embeddable":true,"href":"https:\/\/www.theconservative.online\/ro\/wp-json\/wp\/v2\/comments?post=63008"}],"version-history":[{"count":0,"href":"https:\/\/www.theconservative.online\/ro\/wp-json\/wp\/v2\/posts\/63008\/revisions"}],"wp:featuredmedia":[{"embeddable":true,"href":"https:\/\/www.theconservative.online\/ro\/wp-json\/wp\/v2\/media\/62712"}],"wp:attachment":[{"href":"https:\/\/www.theconservative.online\/ro\/wp-json\/wp\/v2\/media?parent=63008"}],"wp:term":[{"taxonomy":"category","embeddable":true,"href":"https:\/\/www.theconservative.online\/ro\/wp-json\/wp\/v2\/categories?post=63008"},{"taxonomy":"post_tag","embeddable":true,"href":"https:\/\/www.theconservative.online\/ro\/wp-json\/wp\/v2\/tags?post=63008"},{"taxonomy":"editorial-positions","embeddable":true,"href":"https:\/\/www.theconservative.online\/ro\/wp-json\/wp\/v2\/editorial-positions?post=63008"},{"taxonomy":"regions","embeddable":true,"href":"https:\/\/www.theconservative.online\/ro\/wp-json\/wp\/v2\/regions?post=63008"},{"taxonomy":"types","embeddable":true,"href":"https:\/\/www.theconservative.online\/ro\/wp-json\/wp\/v2\/types?post=63008"}],"curies":[{"name":"wp","href":"https:\/\/api.w.org\/{rel}","templated":true}]}}