{"id":63033,"date":"2026-08-27T14:39:23","date_gmt":"2026-08-27T14:39:23","guid":{"rendered":"https:\/\/www.theconservative.online\/va-deveni-feminizarea-societatii-o-tema-politica"},"modified":"2026-08-27T14:39:23","modified_gmt":"2026-08-27T14:39:23","slug":"va-deveni-feminizarea-societatii-o-tema-politica","status":"publish","type":"post","link":"https:\/\/www.theconservative.online\/ro\/va-deveni-feminizarea-societatii-o-tema-politica","title":{"rendered":"Va deveni \u201efeminizarea\u201d societ\u0103\u021bii o tem\u0103 politic\u0103?"},"content":{"rendered":"<p>\u00cen urm\u0103 cu aproximativ o sut\u0103 de ani, \u00een lumea occidental\u0103 a avut loc o mare evolu\u021bie democratic\u0103. \u00cen jurul anului 1920, nu numai b\u0103rba\u021bii, ci \u0219i femeile au primit dreptul de vot \u00een \u021b\u0103ri precum Statele Unite, Canada, Suedia \u0219i Danemarca. Marea Britanie a introdus votul universal pentru femei \u00een 1928, iar Fran\u021ba \u00een 1945.<\/p>\n<p>\u00cens\u0103 dreptul de vot egal nu a \u00eensemnat imediat \u0219i o influen\u021b\u0103 egal\u0103.<\/p><div class='related_content'><span>RELATED<\/span><ul><li><a href='https:\/\/www.theconservative.online\/ro\/o-dreapta-unita-trebuie-sa-puna-in-evidenta-diferentele-interne'>O dreapt\u0103 unit\u0103 trebuie s\u0103 pun\u0103 \u00een eviden\u021b\u0103 diferen\u021bele interne<\/li><\/a><li><a href='https:\/\/www.theconservative.online\/ro\/islanda-voteaza-privind-reluarea-procesului-de-aderare-la-uniunea-europeana'>Islanda voteaz\u0103 privind reluarea procesului de aderare la Uniunea European\u0103<\/li><\/a><li><a href='https:\/\/www.theconservative.online\/ro\/acest-partid-suedez-se-afla-la-guvernare-dar-risca-sa-dispara'>Acest partid suedez se afl\u0103 la guvernare \u2013 dar risc\u0103 s\u0103 dispar\u0103<\/li><\/a><\/ul><\/div>\n<p>Chiar \u0219i mult timp dup\u0103 ce femeile au ob\u021binut dreptul de vot, ele au r\u0103mas \u00een urm\u0103 \u00een ceea ce prive\u0219te educa\u021bia \u0219i prezen\u021ba \u00een profesii importante din punct de vedere social: politica, justi\u021bia, jurnalismul, bisericile, universit\u0103\u021bile, medicina. B\u0103rba\u021bii au dominat aceste domenii peste tot, mult timp dup\u0103 ce femeile au beneficiat de \u0219anse egale de a influen\u021ba politica.<\/p>\n<p>\u00cens\u0103, odat\u0103 cu apari\u021bia feminismului modern \u00een anii 1970, totul s-a schimbat. Acum, femeile trebuiau s\u0103-\u0219i continue studiile, s\u0103-\u0219i construiasc\u0103 o carier\u0103 \u0219i s\u0103-\u0219i asigure singure traiul. De asemenea, trebuiau s\u0103 se identifice ca fiind mai mult dec\u00e2t simple femei, so\u021bii \u0219i mame. \u0218i, \u00een timp, femeile au \u00eenceput s\u0103 activeze \u0219i \u00een profesii mai specializate.<\/p>\n<p>\u0218i ast\u0103zi \u0219tim cum stau lucrurile \u00een multe \u021b\u0103ri occidentale. Femeile nu r\u0103m\u00e2n deloc \u00een urm\u0103 \u00een ceea ce prive\u0219te reprezentarea \u00een universit\u0103\u021bi, \u00een politic\u0103, \u00een sistemul judiciar sau \u00een jurnalism. Dimpotriv\u0103. De mult timp se subliniaz\u0103 faptul c\u0103 femeile sunt, dimpotriv\u0103, pe cale s\u0103 domine anumite categorii profesionale care erau anterior dominate de b\u0103rba\u021bi.<\/p>\n<p>Schimbarea este treptat\u0103 \u0219i nu se manifest\u0103 \u00een acela\u0219i mod \u00een toate \u021b\u0103rile. De asemenea, este un fapt c\u0103 femeile pot intra \u00eentr-o categorie profesional\u0103, dar pot r\u0103m\u00e2ne totu\u0219i subreprezentate la nivel de conducere. Propor\u021bia femeilor care ob\u021bin un doctorat este <a href=\"https:\/\/ec.europa.eu\/eurostat\/web\/products-eurostat-news\/w\/edn-20250303-2\">\u00een cre\u0219tere \u00een universit\u0103\u021bile europene<\/a>. Cu toate acestea, propor\u021bia <a href=\"https:\/\/ec.europa.eu\/commission\/presscorner\/detail\/en\/stat_01_118\">femeilor \u00een r\u00e2ndul profesorilor<\/a> este \u00eenc\u0103 semnificativ mai mic\u0103 dec\u00e2t cea a b\u0103rba\u021bilor. Totu\u0219i, tendin\u021ba este clar\u0103: peste tot unde b\u0103rba\u021bii dominau anterior, prezen\u021ba femeilor devine din ce \u00een ce mai vizibil\u0103.<\/p>\n<p>Suedia este una dintre \u021b\u0103rile care s-au aflat \u00een <a href=\"https:\/\/data.worldbank.org\/indicator\/SG.GEN.PARL.ZS?locations=SE\">avangarda acestei evolu\u021bii<\/a>. Prin urmare, este probabil logic ca \u00een Suedia s\u0103 fi \u00eenceput acum o dezbatere deschis\u0103 cu privire la posibilele consecin\u021be ale acestei schimb\u0103ri sociale.<\/p>\n<p>\u00cen 2024, Erik J. Olsson \u0219i Catharina Gr\u00f6nqvist Olsson au publicat o carte bine primit\u0103, intitulat\u0103 \u201eThe Soft State\u201d. Titlul face aluzie la conceptul de \u201eThe Deep State\u201d, care este folosit de obicei pentru a descrie birocra\u021bia de stat din societ\u0103\u021bile noastre occidentale, care tinde s\u0103 aib\u0103 propria agend\u0103 politic\u0103, independent\u0103 de voin\u021ba popular\u0103 exprimat\u0103 prin intermediul politicienilor ale\u0219i.<\/p>\n<p>Acum, cei doi autori au lansat o nou\u0103 carte, intitulat\u0103 \u201eNoul matriarhat \u2013 O analiz\u0103 a feminiz\u0103rii \u00een cadrul statului\u201d. Aceasta trateaz\u0103 modul \u00een care femeile au ajuns s\u0103 domine \u00een r\u00e2ndul personalului din agen\u021biile \u0219i ministerele suedeze.<\/p>\n<p>80 la sut\u0103 din toate agen\u021biile guvernamentale suedeze au o majoritate de femei \u00een r\u00e2ndul personalului. \u00centr-o anumit\u0103 m\u0103sur\u0103, acest lucru se datoreaz\u0103 faptului c\u0103 profesiile exercitate \u00een cadrul agen\u021biilor sunt deja dominate de femei. Agen\u021biile nu angajeaz\u0103 t\u00e2mplari \u0219i instalatori. Cu toate acestea, r\u0103m\u00e2ne valabil faptul c\u0103 agen\u021biile erau anterior dominate de b\u0103rba\u021bi \u0219i c\u0103 observ\u0103m, de asemenea, o predominan\u021b\u0103 feminin\u0103 la nivel managerial \u00een \u00eentregul sector. \u00cen 55% dintre agen\u021bii, peste 60% din personal este format din femei. Doar \u00een 20% dintre agen\u021bii exist\u0103 o predominan\u021b\u0103 masculin\u0103 corespunz\u0103toare, cu peste 60% b\u0103rba\u021bi.<\/p>\n<p>C\u00e2teva exemple interesante sunt \u201eAutoritatea pentru egalitate\u201d din Suedia, unde 85% dintre angaja\u021bi sunt femei. Suedia dispune, de asemenea, de o autoritate denumit\u0103 \u201eOmbudsmanul pentru discriminare\u201d, care ap\u0103r\u0103 dreptul cet\u0103\u021benilor de a nu fi discrimina\u021bi \u00een via\u021ba profesional\u0103. Personalul acesteia este format \u00een propor\u021bie de 79% din femei.<\/p>\n<p>Dintre departamentele guvernului suedez, niciunul nu are o majoritate de angaja\u021bi de sex masculin. Ministerul Culturii din Suedia are 73% femei, iar Ministerul S\u0103n\u0103t\u0103\u021bii \u0219i Protec\u021biei Sociale, tot 73% femei. \u0218i a\u0219a mai departe: Ministerul Educa\u021biei are 70% femei, Ministerul Justi\u021biei 67%, Ministerul Muncii 67%, iar Ministerul Climei \u0219i \u00centreprinderilor 61%. Cea mai mic\u0103 propor\u021bie de femei se \u00eenregistreaz\u0103 la Ministerul Finan\u021belor, unde acestea reprezint\u0103 56% din angaja\u021bi.<\/p>\n<p>Dac\u0103 analiz\u0103m \u00eentregul stat suedez, incluz\u00e2nd astfel poli\u021bia, ap\u0103rarea \u0219i alte institu\u021bii dominate \u00een mod tradi\u021bional de b\u0103rba\u021bi, observ\u0103m o prezen\u021b\u0103 feminin\u0103 de 53%. Iar aceast\u0103 propor\u021bie a sc\u0103zut u\u0219or fa\u021b\u0103 de anul record 2023. Sc\u0103derea brusc\u0103 se datoreaz\u0103 probabil faptului c\u0103 Suedia, la fel ca alte \u021b\u0103ri europene, a investit \u00een ultimii ani resurse considerabile \u00een \u00eenarmarea at\u00e2t a armatei, c\u00e2t \u0219i a poli\u021biei, domenii \u00een care b\u0103rba\u021bii de\u021bin \u00eenc\u0103 o pozi\u021bie relativ puternic\u0103.<\/p>\n<p>\u00cen 1980, ponderea femeilor \u00een stat era de 40,3%. Abia \u00een 2008 femeile au ajuns la acela\u0219i nivel. \u0218i, de atunci, ponderea lor nu a f\u0103cut dec\u00e2t s\u0103 creasc\u0103, cu excep\u021bia ultimilor doi ani, c\u00e2nd Ministerul Ap\u0103r\u0103rii \u0219i sistemul judiciar au angajat mai mult personal.<\/p>\n<p>\u0218i atunci \u00eentrebarea este ce impact are acest lucru asupra societ\u0103\u021bii. Iar aceasta este o \u00eentrebare care poate st\u00e2rni controverse extrem de mari. Pentru c\u0103, dac\u0103 ne permitem \u00een vreun fel s\u0103 discut\u0103m despre presupusa dominan\u021b\u0103 feminin\u0103 \u0219i poate chiar s\u0103 o descriem ca fiind problematic\u0103, risc\u0103m s\u0103 fim acuza\u021bi de misoginism. Dar \u00eentrebarea trebuie, desigur, pus\u0103. Prezen\u021ba egal\u0103 a femeilor \u00een via\u021ba public\u0103 este un fenomen nou \u00een societ\u0103\u021bile noastre occidentale. Tradi\u021bional, femeile func\u021bionau ca \u201ecel\u0103lalt sex\u201d, dup\u0103 cum spunea Simone de Beauvoir. Dar acest lucru nu mai poate fi considerat valabil. Cel pu\u021bin nu \u00een acela\u0219i mod.<\/p>\n<p>Potrivit celor doi autori, Erik J. Olsson \u0219i Catharina Gr\u00f6nqvist Olsson, organiza\u021biile sunt influen\u021bate de faptul c\u0103 angaja\u021bii \u0219i managerii sunt \u00een majoritate femei, astfel \u00eenc\u00e2t ceea ce ei numesc \u201evalorile feminine\u201d \u0219i \u201eg\u00e2ndirea feminin\u0103\u201d au un impact complet diferit. Pe termen lung, acest lucru \u00eenseamn\u0103 c\u0103 \u00eentreaga societate acord\u0103 o importan\u021b\u0103 diferit\u0103 \u00eentreb\u0103rilor, perspectivelor \u0219i valorilor care, anterior, trebuiau s\u0103 cedeze locul valorilor \u0219i modului de g\u00e2ndire tipic masculine.<\/p>\n<p>\u0218i aici este u\u0219or s\u0103 obiectezi c\u0103 nu toate femeile sunt la fel sau c\u0103 nu to\u021bi b\u0103rba\u021bii g\u00e2ndesc la fel. \u0218i acest lucru este, desigur, adev\u0103rat. \u00cens\u0103 autorii c\u0103r\u021bii \u00ee\u0219i bazeaz\u0103 ra\u021bionamentul pe cercet\u0103ri ample din domeniul psihologiei \u0219i sociologiei, dedicate descrierii valorilor medii. Prin urmare, spun cercet\u0103torii, este posibil s\u0103 se identifice modele de g\u00e2ndire tipic feminine \u0219i tipic masculine. Iar aceste modele de g\u00e2ndire apar \u00een diferite culturi. \u0218i la fel cum exist\u0103 multe femei care sunt mai \u00eenalte dec\u00e2t b\u0103rbatul mediu, este, de asemenea, un fapt incontestabil c\u0103 b\u0103rba\u021bii au, \u00een medie, o \u00een\u0103l\u021bime corporal\u0103 mai mare dec\u00e2t femeile.<\/p>\n<p>\u0218i ast\u0103zi este u\u0219or s\u0103 uit\u0103m c\u0103 societ\u0103\u021bile noastre occidentale \u2014 \u0219i majoritatea societ\u0103\u021bilor din lume \u2014 au fost, \u00een mod tradi\u021bional, modelate de b\u0103rba\u021bi \u0219i de valorile masculine. Acum un secol, b\u0103rba\u021bii dominau scena politic\u0103. B\u0103rba\u021bii au modelat jurnalismul, mediul academic \u0219i sistemul judiciar.<\/p>\n<p>Poate c\u0103, o vreme, am tr\u0103it \u00eentr-o situa\u021bie \u00een care exista un anumit echilibru \u00eentre masculin \u0219i feminin. \u0218i poate c\u0103 \u00eenc\u0103 ne afl\u0103m \u00een acea stare de echilibru. Valorile masculine persist\u0103, iar b\u0103rba\u021bii r\u0103m\u00e2n activi \u00een politic\u0103 \u0219i \u00een administra\u021bia public\u0103, dar \u0219i femeile \u0219i-au f\u0103cut apari\u021bia; acest lucru ar fi putut foarte bine s\u0103 ridice \u00een rang ceea ce consider\u0103m a fi perspective \u201emai bl\u00e2nde\u201d \u2014 egalitatea, echitatea, grija \u0219i deschiderea.<\/p>\n<p>Cu toate acestea, potrivit lui Olsson \u0219i Gr\u00f6nqvist, Suedia \u2014 \u0219i mai ales sectorul public finan\u021bat din impozite, at\u00e2t la nivel de stat, c\u00e2t \u0219i la nivel municipal \u2014 a ajuns s\u0103 fie at\u00e2t de puternic influen\u021bat\u0103 de femei, \u00eenc\u00e2t o \u201ementalitate feminin\u0103\u201d a devenit acum norma.<\/p>\n<p>Autorii ilustreaz\u0103, printre altele, modul \u00een care poli\u021bia \u0219i armata \u00ee\u0219i descriu propriile misiuni. Nu mai este de la sine \u00een\u021beles c\u0103 obiectivul principal \u2014 pentru poli\u021bie, combaterea criminalit\u0103\u021bii cu orice pre\u021b \u0219i \u00een orice situa\u021bie, iar pentru armat\u0103, respingerea atacurilor ostile \u2014 reprezint\u0103 prioritatea absolut\u0103. \u00cen schimb, scopul principal al opera\u021biunii poate fi pur \u0219i simplu acela de a activa \u00eentr-un mediu de lucru pl\u0103cut.<\/p>\n<p>Autorii demonstreaz\u0103, de asemenea, cum perspectivele considerate de obicei \u00een lumea modern\u0103 ca fiind \u201ede st\u00e2nga\u201d au devenit perspective modelate de priorit\u0103\u021bi tipic feminine. Imigra\u021bia, preocuparea pentru clim\u0103, egalitatea de gen \u0219i justi\u021bia social\u0103 sunt teme sus\u021binute de partidele moderne de st\u00e2nga, dar care se aliniaz\u0103 totodat\u0103 cu o mentalitate tipic feminin\u0103. Prin urmare, nu este o coinciden\u021b\u0103 faptul c\u0103 polarizarea pe care o observ\u0103m ast\u0103zi \u00een \u00eentreaga lume occidental\u0103 \u2013 \u00eentre, pe de o parte, o st\u00e2ng\u0103 larg\u0103 care \u00eei cuprinde at\u00e2t pe marxi\u0219ti, c\u00e2t \u0219i pe liberalii de st\u00e2nga, \u0219i, pe de alt\u0103 parte, o nou\u0103 dreapt\u0103 conservatoare \u2013 este, de asemenea, o polarizare \u00eentre femei \u0219i b\u0103rba\u021bi.<\/p>\n<p>\u00cen ceea ce prive\u0219te referin\u021bele teoretice din carte, trebuie men\u021bionat faptul c\u0103 autorii \u00ee\u0219i bazeaz\u0103 argumentele pe cercet\u0103ri ample din domeniul psihologiei \u0219i sociologiei. Nu este vorba despre faptul c\u0103 to\u021bi b\u0103rba\u021bii sau toate femeile ar fi \u00eentr-un anumit fel; ci mai degrab\u0103 despre tendin\u021be m\u0103surabile \u0219i verificabile.<\/p>\n<p>Iar una dintre aceste tendin\u021be este aceea c\u0103 b\u0103rba\u021bii \u0219i femeile au opinii diferite cu privire la moralitate \u0219i etic\u0103. B\u0103rba\u021bilor le place s\u0103 se refere la ceea ce s-ar putea numi o \u201eetic\u0103 a justi\u021biei\u201d, \u00een care accept\u0103m c\u0103 oamenii au condi\u021bii diferite pentru a se descurca \u00een via\u021b\u0103 \u0219i, prin urmare, difer\u0103 \u0219i \u00een ceea ce prive\u0219te succesul \u0219i rezultatele vie\u021bii. Ceea ce conteaz\u0103 este ca to\u021bi indivizii \u2013 sau poate toate culturile \u0219i civiliza\u021biile \u2013 s\u0103 aib\u0103 acelea\u0219i condi\u021bii formale pentru a reu\u0219i. Aceasta este esen\u021ba justi\u021biei. Iar justi\u021bia const\u0103 \u0219i \u00een faptul c\u0103 acelor indivizi care beneficiaz\u0103 de condi\u021bii mai bune pentru a reu\u0219i \u00een via\u021b\u0103 li se permite, de asemenea, s\u0103 o fac\u0103.<\/p>\n<p>Femeile, dimpotriv\u0103, tind s\u0103 g\u00e2ndeasc\u0103 \u00een conformitate cu o \u201eetic\u0103 a \u00eengrijirii\u201d. \u00cen acest caz, accentul se pune pe faptul c\u0103 to\u021bi oamenii ar trebui s\u0103 se bucure de un nivel de trai egal, indiferent de condi\u021biile naturale de care dispun. Acest lucru face, de asemenea, de nesuportat faptul c\u0103 anumite persoane sau culturi au mai mult succes dec\u00e2t altele. Face de nesuportat faptul c\u0103 oamenii pot fi exclu\u0219i dintr-o comunitate de succes. Devine fundamental de neacceptat ca o na\u021biune s\u0103 limiteze solidaritatea \u0219i grija fa\u021b\u0103 de proprii cet\u0103\u021beni, deoarece to\u021bi oamenii din \u00eentreaga lume au acela\u0219i drept natural la \u00eengrijire \u0219i prosperitate.<\/p>\n<p>Este important s\u0103 \u00een\u021belegem c\u0103 acestea sunt dou\u0103 moduri diferite de g\u00e2ndire pe care b\u0103rba\u021bii \u0219i femeile tind s\u0103 le adopte \u00een mod spontan \u0219i organic. De aceea, celor dou\u0103 tabere le este greu s\u0103 poarte o discu\u021bie \u00eentre ele. Nu este vorba de pozi\u021bii ideologice bazate pe o analiz\u0103 obiectiv\u0103 \u0219i factual\u0103, ci mai degrab\u0103 de modele spontane de g\u00e2ndire.<\/p>\n<p>Chestiunea impactului pe care succesele femeilor \u00eel pot avea asupra societ\u0103\u021bilor noastre este complex\u0103 \u0219i interesant\u0103, dar este, de asemenea, controversat\u0103 din punct de vedere politic. De obicei, nu avem mari probleme \u00een a sus\u021bine c\u0103 valorile masculine pot fi problematice \u0219i c\u0103 societ\u0103\u021bile nu ar trebui s\u0103 fie caracterizate \u00eentr-o m\u0103sur\u0103 excesiv\u0103 de valori pur masculine. \u00cendr\u0103znim oare s\u0103 \u00eencepem s\u0103 g\u00e2ndim \u00een aceea\u0219i direc\u021bie c\u00e2nd vine vorba de femei \u0219i de valorile feminine?<\/p>\n<\/p>","protected":false},"excerpt":{"rendered":"<p>\u00cen urm\u0103 cu aproximativ o sut\u0103 de ani, \u00een lumea occidental\u0103 a avut loc o mare evolu\u021bie democratic\u0103. \u00cen jurul anului 1920, nu numai b\u0103rba\u021bii, ci \u0219i femeile au primit dreptul de vot \u00een \u021b\u0103ri precum Statele Unite, Canada, Suedia \u0219i Danemarca. Marea Britanie a introdus votul universal pentru femei \u00een 1928, iar Fran\u021ba \u00een [&hellip;]<\/p>\n","protected":false},"author":85,"featured_media":54865,"comment_status":"closed","ping_status":"closed","sticky":false,"template":"","format":"standard","meta":{"footnotes":""},"categories":[183],"tags":[3293,3117,3294,3161,554,312],"editorial-positions":[],"regions":[346],"types":[456,444],"class_list":["post-63033","post","type-post","status-publish","format-standard","has-post-thumbnail","hentry","category-cultura-ro","tag-femalevalues","tag-men","tag-polarization","tag-feminism","tag-sweden","tag-women","regions-northern-europe-ro","types-opinion-ro","types-surveys-ro"],"yoast_head":"<!-- This site is optimized with the Yoast SEO plugin v28.0 - https:\/\/yoast.com\/product\/yoast-seo-wordpress\/ -->\n<title>Va deveni \u201efeminizarea\u201d societ\u0103\u021bii o tem\u0103 politic\u0103? - The Conservative<\/title>\n<meta name=\"robots\" content=\"index, follow, max-snippet:-1, max-image-preview:large, max-video-preview:-1\" \/>\n<link rel=\"canonical\" href=\"https:\/\/www.theconservative.online\/ro\/va-deveni-feminizarea-societatii-o-tema-politica\" \/>\n<meta property=\"og:locale\" content=\"ro_RO\" \/>\n<meta property=\"og:type\" content=\"article\" \/>\n<meta property=\"og:title\" content=\"Va deveni \u201efeminizarea\u201d societ\u0103\u021bii o tem\u0103 politic\u0103? - The Conservative\" \/>\n<meta property=\"og:description\" content=\"\u00cen urm\u0103 cu aproximativ o sut\u0103 de ani, \u00een lumea occidental\u0103 a avut loc o mare evolu\u021bie democratic\u0103. \u00cen jurul anului 1920, nu numai b\u0103rba\u021bii, ci \u0219i femeile au primit dreptul de vot \u00een \u021b\u0103ri precum Statele Unite, Canada, Suedia \u0219i Danemarca. Marea Britanie a introdus votul universal pentru femei \u00een 1928, iar Fran\u021ba \u00een [&hellip;]\" \/>\n<meta property=\"og:url\" content=\"https:\/\/www.theconservative.online\/ro\/va-deveni-feminizarea-societatii-o-tema-politica\" \/>\n<meta property=\"og:site_name\" content=\"The Conservative\" \/>\n<meta property=\"article:published_time\" content=\"2026-08-27T14:39:23+00:00\" \/>\n<meta property=\"og:image\" content=\"https:\/\/www.theconservative.online\/wp-content\/uploads\/2026\/05\/shutterstock_2234701651.jpg\" \/>\n\t<meta property=\"og:image:width\" content=\"1000\" \/>\n\t<meta property=\"og:image:height\" content=\"667\" \/>\n\t<meta property=\"og:image:type\" content=\"image\/jpeg\" \/>\n<meta name=\"author\" content=\"Richard S\u00f6rman\" \/>\n<meta name=\"twitter:card\" content=\"summary_large_image\" \/>\n<meta name=\"twitter:label1\" content=\"Scris de\" \/>\n\t<meta name=\"twitter:data1\" content=\"Richard S\u00f6rman\" \/>\n\t<meta name=\"twitter:label2\" content=\"Timp estimat pentru citire\" \/>\n\t<meta name=\"twitter:data2\" content=\"10 minute\" \/>\n<script type=\"application\/ld+json\" class=\"yoast-schema-graph\">{\"@context\":\"https:\\\/\\\/schema.org\",\"@graph\":[{\"@type\":\"Article\",\"@id\":\"https:\\\/\\\/www.theconservative.online\\\/ro\\\/va-deveni-feminizarea-societatii-o-tema-politica#article\",\"isPartOf\":{\"@id\":\"https:\\\/\\\/www.theconservative.online\\\/ro\\\/va-deveni-feminizarea-societatii-o-tema-politica\"},\"author\":{\"name\":\"Richard S\u00f6rman\",\"@id\":\"https:\\\/\\\/www.theconservative.online\\\/ro#\\\/schema\\\/person\\\/769a6928b1a6145a095dde8677e8dc31\"},\"headline\":\"Va deveni \u201efeminizarea\u201d societ\u0103\u021bii o tem\u0103 politic\u0103?\",\"datePublished\":\"2026-08-27T14:39:23+00:00\",\"mainEntityOfPage\":{\"@id\":\"https:\\\/\\\/www.theconservative.online\\\/ro\\\/va-deveni-feminizarea-societatii-o-tema-politica\"},\"wordCount\":2043,\"image\":{\"@id\":\"https:\\\/\\\/www.theconservative.online\\\/ro\\\/va-deveni-feminizarea-societatii-o-tema-politica#primaryimage\"},\"thumbnailUrl\":\"https:\\\/\\\/www.theconservative.online\\\/wp-content\\\/uploads\\\/2026\\\/05\\\/shutterstock_2234701651.jpg\",\"keywords\":[\"#femalevalues\",\"#men\",\"#polarization\",\"Feminism\",\"Sweden\",\"women\"],\"articleSection\":[\"Cultur\u0103\"],\"inLanguage\":\"ro-RO\"},{\"@type\":\"WebPage\",\"@id\":\"https:\\\/\\\/www.theconservative.online\\\/ro\\\/va-deveni-feminizarea-societatii-o-tema-politica\",\"url\":\"https:\\\/\\\/www.theconservative.online\\\/ro\\\/va-deveni-feminizarea-societatii-o-tema-politica\",\"name\":\"Va deveni \u201efeminizarea\u201d societ\u0103\u021bii o tem\u0103 politic\u0103? - The Conservative\",\"isPartOf\":{\"@id\":\"https:\\\/\\\/www.theconservative.online\\\/ro#website\"},\"primaryImageOfPage\":{\"@id\":\"https:\\\/\\\/www.theconservative.online\\\/ro\\\/va-deveni-feminizarea-societatii-o-tema-politica#primaryimage\"},\"image\":{\"@id\":\"https:\\\/\\\/www.theconservative.online\\\/ro\\\/va-deveni-feminizarea-societatii-o-tema-politica#primaryimage\"},\"thumbnailUrl\":\"https:\\\/\\\/www.theconservative.online\\\/wp-content\\\/uploads\\\/2026\\\/05\\\/shutterstock_2234701651.jpg\",\"datePublished\":\"2026-08-27T14:39:23+00:00\",\"author\":{\"@id\":\"https:\\\/\\\/www.theconservative.online\\\/ro#\\\/schema\\\/person\\\/769a6928b1a6145a095dde8677e8dc31\"},\"breadcrumb\":{\"@id\":\"https:\\\/\\\/www.theconservative.online\\\/ro\\\/va-deveni-feminizarea-societatii-o-tema-politica#breadcrumb\"},\"inLanguage\":\"ro-RO\",\"potentialAction\":[{\"@type\":\"ReadAction\",\"target\":[\"https:\\\/\\\/www.theconservative.online\\\/ro\\\/va-deveni-feminizarea-societatii-o-tema-politica\"]}]},{\"@type\":\"ImageObject\",\"inLanguage\":\"ro-RO\",\"@id\":\"https:\\\/\\\/www.theconservative.online\\\/ro\\\/va-deveni-feminizarea-societatii-o-tema-politica#primaryimage\",\"url\":\"https:\\\/\\\/www.theconservative.online\\\/wp-content\\\/uploads\\\/2026\\\/05\\\/shutterstock_2234701651.jpg\",\"contentUrl\":\"https:\\\/\\\/www.theconservative.online\\\/wp-content\\\/uploads\\\/2026\\\/05\\\/shutterstock_2234701651.jpg\",\"width\":1000,\"height\":667},{\"@type\":\"BreadcrumbList\",\"@id\":\"https:\\\/\\\/www.theconservative.online\\\/ro\\\/va-deveni-feminizarea-societatii-o-tema-politica#breadcrumb\",\"itemListElement\":[{\"@type\":\"ListItem\",\"position\":1,\"name\":\"Home\",\"item\":\"https:\\\/\\\/www.theconservative.online\\\/ro\"},{\"@type\":\"ListItem\",\"position\":2,\"name\":\"Va deveni \u201efeminizarea\u201d societ\u0103\u021bii o tem\u0103 politic\u0103?\"}]},{\"@type\":\"WebSite\",\"@id\":\"https:\\\/\\\/www.theconservative.online\\\/ro#website\",\"url\":\"https:\\\/\\\/www.theconservative.online\\\/ro\",\"name\":\"The Conservative\",\"description\":\"\",\"potentialAction\":[{\"@type\":\"SearchAction\",\"target\":{\"@type\":\"EntryPoint\",\"urlTemplate\":\"https:\\\/\\\/www.theconservative.online\\\/ro?s={search_term_string}\"},\"query-input\":{\"@type\":\"PropertyValueSpecification\",\"valueRequired\":true,\"valueName\":\"search_term_string\"}}],\"inLanguage\":\"ro-RO\"},{\"@type\":\"Person\",\"@id\":\"https:\\\/\\\/www.theconservative.online\\\/ro#\\\/schema\\\/person\\\/769a6928b1a6145a095dde8677e8dc31\",\"name\":\"Richard S\u00f6rman\",\"image\":{\"@type\":\"ImageObject\",\"inLanguage\":\"ro-RO\",\"@id\":\"https:\\\/\\\/secure.gravatar.com\\\/avatar\\\/31160c632b280151f52ca490d363172fd554ee64571053ac4dfe486bab7399f5?s=96&d=mm&r=g\",\"url\":\"https:\\\/\\\/secure.gravatar.com\\\/avatar\\\/31160c632b280151f52ca490d363172fd554ee64571053ac4dfe486bab7399f5?s=96&d=mm&r=g\",\"contentUrl\":\"https:\\\/\\\/secure.gravatar.com\\\/avatar\\\/31160c632b280151f52ca490d363172fd554ee64571053ac4dfe486bab7399f5?s=96&d=mm&r=g\",\"caption\":\"Richard S\u00f6rman\"},\"url\":\"https:\\\/\\\/www.theconservative.online\\\/ro\\\/author\\\/riks-euspec-2025-2026\"}]}<\/script>\n<!-- \/ Yoast SEO plugin. -->","yoast_head_json":{"title":"Va deveni \u201efeminizarea\u201d societ\u0103\u021bii o tem\u0103 politic\u0103? - The Conservative","robots":{"index":"index","follow":"follow","max-snippet":"max-snippet:-1","max-image-preview":"max-image-preview:large","max-video-preview":"max-video-preview:-1"},"canonical":"https:\/\/www.theconservative.online\/ro\/va-deveni-feminizarea-societatii-o-tema-politica","og_locale":"ro_RO","og_type":"article","og_title":"Va deveni \u201efeminizarea\u201d societ\u0103\u021bii o tem\u0103 politic\u0103? - The Conservative","og_description":"\u00cen urm\u0103 cu aproximativ o sut\u0103 de ani, \u00een lumea occidental\u0103 a avut loc o mare evolu\u021bie democratic\u0103. \u00cen jurul anului 1920, nu numai b\u0103rba\u021bii, ci \u0219i femeile au primit dreptul de vot \u00een \u021b\u0103ri precum Statele Unite, Canada, Suedia \u0219i Danemarca. Marea Britanie a introdus votul universal pentru femei \u00een 1928, iar Fran\u021ba \u00een [&hellip;]","og_url":"https:\/\/www.theconservative.online\/ro\/va-deveni-feminizarea-societatii-o-tema-politica","og_site_name":"The Conservative","article_published_time":"2026-08-27T14:39:23+00:00","og_image":[{"width":1000,"height":667,"url":"https:\/\/www.theconservative.online\/wp-content\/uploads\/2026\/05\/shutterstock_2234701651.jpg","type":"image\/jpeg"}],"author":"Richard S\u00f6rman","twitter_card":"summary_large_image","twitter_misc":{"Scris de":"Richard S\u00f6rman","Timp estimat pentru citire":"10 minute"},"schema":{"@context":"https:\/\/schema.org","@graph":[{"@type":"Article","@id":"https:\/\/www.theconservative.online\/ro\/va-deveni-feminizarea-societatii-o-tema-politica#article","isPartOf":{"@id":"https:\/\/www.theconservative.online\/ro\/va-deveni-feminizarea-societatii-o-tema-politica"},"author":{"name":"Richard S\u00f6rman","@id":"https:\/\/www.theconservative.online\/ro#\/schema\/person\/769a6928b1a6145a095dde8677e8dc31"},"headline":"Va deveni \u201efeminizarea\u201d societ\u0103\u021bii o tem\u0103 politic\u0103?","datePublished":"2026-08-27T14:39:23+00:00","mainEntityOfPage":{"@id":"https:\/\/www.theconservative.online\/ro\/va-deveni-feminizarea-societatii-o-tema-politica"},"wordCount":2043,"image":{"@id":"https:\/\/www.theconservative.online\/ro\/va-deveni-feminizarea-societatii-o-tema-politica#primaryimage"},"thumbnailUrl":"https:\/\/www.theconservative.online\/wp-content\/uploads\/2026\/05\/shutterstock_2234701651.jpg","keywords":["#femalevalues","#men","#polarization","Feminism","Sweden","women"],"articleSection":["Cultur\u0103"],"inLanguage":"ro-RO"},{"@type":"WebPage","@id":"https:\/\/www.theconservative.online\/ro\/va-deveni-feminizarea-societatii-o-tema-politica","url":"https:\/\/www.theconservative.online\/ro\/va-deveni-feminizarea-societatii-o-tema-politica","name":"Va deveni \u201efeminizarea\u201d societ\u0103\u021bii o tem\u0103 politic\u0103? - The Conservative","isPartOf":{"@id":"https:\/\/www.theconservative.online\/ro#website"},"primaryImageOfPage":{"@id":"https:\/\/www.theconservative.online\/ro\/va-deveni-feminizarea-societatii-o-tema-politica#primaryimage"},"image":{"@id":"https:\/\/www.theconservative.online\/ro\/va-deveni-feminizarea-societatii-o-tema-politica#primaryimage"},"thumbnailUrl":"https:\/\/www.theconservative.online\/wp-content\/uploads\/2026\/05\/shutterstock_2234701651.jpg","datePublished":"2026-08-27T14:39:23+00:00","author":{"@id":"https:\/\/www.theconservative.online\/ro#\/schema\/person\/769a6928b1a6145a095dde8677e8dc31"},"breadcrumb":{"@id":"https:\/\/www.theconservative.online\/ro\/va-deveni-feminizarea-societatii-o-tema-politica#breadcrumb"},"inLanguage":"ro-RO","potentialAction":[{"@type":"ReadAction","target":["https:\/\/www.theconservative.online\/ro\/va-deveni-feminizarea-societatii-o-tema-politica"]}]},{"@type":"ImageObject","inLanguage":"ro-RO","@id":"https:\/\/www.theconservative.online\/ro\/va-deveni-feminizarea-societatii-o-tema-politica#primaryimage","url":"https:\/\/www.theconservative.online\/wp-content\/uploads\/2026\/05\/shutterstock_2234701651.jpg","contentUrl":"https:\/\/www.theconservative.online\/wp-content\/uploads\/2026\/05\/shutterstock_2234701651.jpg","width":1000,"height":667},{"@type":"BreadcrumbList","@id":"https:\/\/www.theconservative.online\/ro\/va-deveni-feminizarea-societatii-o-tema-politica#breadcrumb","itemListElement":[{"@type":"ListItem","position":1,"name":"Home","item":"https:\/\/www.theconservative.online\/ro"},{"@type":"ListItem","position":2,"name":"Va deveni \u201efeminizarea\u201d societ\u0103\u021bii o tem\u0103 politic\u0103?"}]},{"@type":"WebSite","@id":"https:\/\/www.theconservative.online\/ro#website","url":"https:\/\/www.theconservative.online\/ro","name":"The Conservative","description":"","potentialAction":[{"@type":"SearchAction","target":{"@type":"EntryPoint","urlTemplate":"https:\/\/www.theconservative.online\/ro?s={search_term_string}"},"query-input":{"@type":"PropertyValueSpecification","valueRequired":true,"valueName":"search_term_string"}}],"inLanguage":"ro-RO"},{"@type":"Person","@id":"https:\/\/www.theconservative.online\/ro#\/schema\/person\/769a6928b1a6145a095dde8677e8dc31","name":"Richard S\u00f6rman","image":{"@type":"ImageObject","inLanguage":"ro-RO","@id":"https:\/\/secure.gravatar.com\/avatar\/31160c632b280151f52ca490d363172fd554ee64571053ac4dfe486bab7399f5?s=96&d=mm&r=g","url":"https:\/\/secure.gravatar.com\/avatar\/31160c632b280151f52ca490d363172fd554ee64571053ac4dfe486bab7399f5?s=96&d=mm&r=g","contentUrl":"https:\/\/secure.gravatar.com\/avatar\/31160c632b280151f52ca490d363172fd554ee64571053ac4dfe486bab7399f5?s=96&d=mm&r=g","caption":"Richard S\u00f6rman"},"url":"https:\/\/www.theconservative.online\/ro\/author\/riks-euspec-2025-2026"}]}},"acf":[],"_links":{"self":[{"href":"https:\/\/www.theconservative.online\/ro\/wp-json\/wp\/v2\/posts\/63033","targetHints":{"allow":["GET"]}}],"collection":[{"href":"https:\/\/www.theconservative.online\/ro\/wp-json\/wp\/v2\/posts"}],"about":[{"href":"https:\/\/www.theconservative.online\/ro\/wp-json\/wp\/v2\/types\/post"}],"author":[{"embeddable":true,"href":"https:\/\/www.theconservative.online\/ro\/wp-json\/wp\/v2\/users\/85"}],"replies":[{"embeddable":true,"href":"https:\/\/www.theconservative.online\/ro\/wp-json\/wp\/v2\/comments?post=63033"}],"version-history":[{"count":0,"href":"https:\/\/www.theconservative.online\/ro\/wp-json\/wp\/v2\/posts\/63033\/revisions"}],"wp:featuredmedia":[{"embeddable":true,"href":"https:\/\/www.theconservative.online\/ro\/wp-json\/wp\/v2\/media\/54865"}],"wp:attachment":[{"href":"https:\/\/www.theconservative.online\/ro\/wp-json\/wp\/v2\/media?parent=63033"}],"wp:term":[{"taxonomy":"category","embeddable":true,"href":"https:\/\/www.theconservative.online\/ro\/wp-json\/wp\/v2\/categories?post=63033"},{"taxonomy":"post_tag","embeddable":true,"href":"https:\/\/www.theconservative.online\/ro\/wp-json\/wp\/v2\/tags?post=63033"},{"taxonomy":"editorial-positions","embeddable":true,"href":"https:\/\/www.theconservative.online\/ro\/wp-json\/wp\/v2\/editorial-positions?post=63033"},{"taxonomy":"regions","embeddable":true,"href":"https:\/\/www.theconservative.online\/ro\/wp-json\/wp\/v2\/regions?post=63033"},{"taxonomy":"types","embeddable":true,"href":"https:\/\/www.theconservative.online\/ro\/wp-json\/wp\/v2\/types?post=63033"}],"curies":[{"name":"wp","href":"https:\/\/api.w.org\/{rel}","templated":true}]}}