{"id":63089,"date":"2026-08-30T12:10:48","date_gmt":"2026-08-30T12:10:48","guid":{"rendered":"https:\/\/www.theconservative.online\/de-ce-islanda-a-respins-aderarea-la-ue"},"modified":"2026-08-30T12:10:48","modified_gmt":"2026-08-30T12:10:48","slug":"de-ce-islanda-a-respins-aderarea-la-ue","status":"publish","type":"post","link":"https:\/\/www.theconservative.online\/ro\/de-ce-islanda-a-respins-aderarea-la-ue","title":{"rendered":"De ce Islanda a respins aderarea la UE"},"content":{"rendered":"<p style=\"font-weight: 400;\">\u00cen cadrul referendumului din 29 august 2026, Islanda a respins negocierile privind aderarea la UE din cinci motive: trei de natur\u0103 economic\u0103 \u0219i dou\u0103 existen\u021biale. \u00cen primul r\u00e2nd, alegerea nu se f\u0103cea \u00eentre izolare \u0219i Europa. Islanda era membr\u0103 a Spa\u021biului Economic European \u00eenc\u0103 din 1994, al\u0103turi de Norvegia, Liechtenstein \u0219i, din motive practice, Elve\u021bia. Acest lucru \u00eensemna c\u0103 Islanda f\u0103cea parte din Pia\u021ba Unic\u0103, \u00een timp ce pescuitul, agricultura, comer\u021bul exterior \u0219i afacerile monetare nu se aflau sub controlul UE. \u00cen al doilea r\u00e2nd, islandezii nu doreau s\u0103 cedeze controlul asupra acestor patru sectoare importante Uniunii Europene, \u00een special asupra sectorului pescuitului, care este durabil \u0219i profitabil, \u0219i s\u0103 piard\u0103 posibilitatea de a \u00eencheia acorduri de liber schimb cu \u021b\u0103ri precum China, India, SUA \u0219i Brazilia. Al treilea motiv economic a fost faptul c\u0103 Islanda, o \u021bar\u0103 prosper\u0103, ar contribui mult mai mult la bugetul UE dec\u00e2t ar primi din acesta. Islandezii nu au fost deloc \u00eenc\u00e2nta\u021bi c\u00e2nd <em>Politico<\/em> a citat un oficial al UE care a declarat c\u0103 sper\u0103 ca Islanda \u0219i Muntenegru s\u0103 adere \u00een acela\u0219i timp, deoarece beneficiile aduse de Islanda ar acoperi costurile generate de Muntenegru. <\/p>\n<h3 style=\"font-weight: 400;\">Perspectivele UE<\/h3>\n<p style=\"font-weight: 400;\">Unul dintre motivele fundamentale ale respingerii ader\u0103rii a fost faptul c\u0103 perspectivele UE nu par prea \u00eencurajatoare. Aceasta se confrunt\u0103 cu provoc\u0103ri financiare semnificative \u00een viitorul apropiat: obliga\u021bii de pensii nefinan\u021bate, \u00een timp ce sistemul de pensii islandez este cel mai solid din lume; deficite bugetare persistente \u00een multe \u021b\u0103ri membre; cheltuieli substan\u021biale planificate pentru capacit\u0103\u021bi militare, \u00een timp ce Islanda are un tratat de ap\u0103rare cu SUA; \u0219i costul inevitabil al celor nou\u0103 \u021b\u0103ri candidate relativ s\u0103race din Europa de Sud-Est. \u00cen ciuda acestor provoc\u0103ri, elita de la Bruxelles <a href=\"https:\/\/www.theconservative.online\/verhofstadts-epistle-to-the-icelanders\">\u00eencearc\u0103<\/a> s\u0103 transforme UE \u00eentr-un stat federal, \u00eempotriva voin\u021bei majorit\u0103\u021bii aleg\u0103torilor europeni.<\/p><div class='related_content'><span>RELATED<\/span><ul><li><a href='https:\/\/www.theconservative.online\/ro\/nu-ul-islandei-si-europa-natiunilor'>\u201eNu\u201d-ul Islandei \u0219i Europa Na\u021biunilor<\/li><\/a><li><a href='https:\/\/www.theconservative.online\/ro\/cateva-reflectii-in-urma-discursului-comisarului-pentru-extindere-tinut-la-zagreb'>C\u00e2teva reflec\u021bii \u00een urma discursului comisarului pentru extindere \u021binut la Zagreb<\/li><\/a><li><a href='https:\/\/www.theconservative.online\/ro\/reorientarea-industriala-a-europei-pune-in-prim-plan-china-energia-si-investitiile'>Reorientarea industrial\u0103 a Europei pune \u00een prim-plan China, energia \u0219i investi\u021biile<\/li><\/a><\/ul><\/div>\n<h3 style=\"font-weight: 400;\">O identitate na\u021bional\u0103 puternic\u0103<\/h3>\n<p style=\"font-weight: 400;\">Un alt motiv existen\u021bial ar putea explica de ce dreapta \u0219i st\u00e2nga islandeze s-au unit \u00eempotriva ader\u0103rii la UE, sprijinul pentru UE fiind limitat \u00een mare parte la intelectualii din mediul urban \u0219i la func\u021bionarii publici. Este vorba de puternica <a href=\"https:\/\/www.theconservative.online\/the-eu-and-icelandic-exceptionalism\">identitate na\u021bional\u0103 islandez\u0103<\/a> forjat\u0103 \u00een lupta pentru independen\u021b\u0103 din secolul al XIX-lea, care a culminat cu acordarea suveranit\u0103\u021bii Islandei de c\u0103tre Danemarca \u00een 1918. Aceast\u0103 identitate a fost consolidat\u0103 \u0219i mai mult de cele patru r\u0103zboaie ale codului pe care Islanda le-a purtat p\u00e2n\u0103 \u00een 1976 pentru a ob\u021bine controlul asupra zonelor de pescuit fertile din jurul insulei. Aceast\u0103 identitate na\u021bional\u0103 se baza pe amintirea Comunit\u0103\u021bii Islandeze independente din perioada 930\u20131262, guvernat\u0103 de lege \u0219i nu de un rege, precum \u0219i pe amintirea epocii \u00eentunecate care a urmat, c\u00e2nd Islanda a trebuit s\u0103 se supun\u0103 mai \u00eent\u00e2i regelui norvegian \u0219i apoi celui danez. Nu este de mirare c\u0103 unii dintre colegii mei de la Universitatea din Islanda, precum profesorii Baldur Th\u00f3rhallsson \u0219i <a href=\"https:\/\/www.dv.is\/eyjan\/2026\/08\/13\/gudmundur-jardar-lifseiga-soguskodun-thetta-stenst-ekki-sogulega-skodun\">Gudmundur H\u00e1lfdanarson<\/a>, care au beneficiat de finan\u021bare generoas\u0103 din partea UE, au f\u0103cut tot posibilul s\u0103 discrediteze \u0219i chiar s\u0103 ridiculizeze aceast\u0103 amintire.  <\/p>\n<h3 style=\"font-weight: 400;\">Slogan ingenios<\/h3>\n<p style=\"font-weight: 400;\">Aceste cinci motive pentru a nu adera la UE au fost prezentate \u00eentr-o campanie bine organizat\u0103 \u0219i aproape impecabil\u0103 de c\u0103tre sus\u021bin\u0103torii opozi\u021biei. Sus\u021bin\u0103torii ader\u0103rii, pe de alt\u0103 parte, s-au bazat \u00een principal pe un slogan ingenios, <em>\u201eJ\u00e1 til ad sj\u00e1\u201d<\/em>, care este greu de tradus \u00een englez\u0103. \u00centr-un mod admirabil de concis, acesta \u00eenseamn\u0103, de fapt: Vota\u021bi \u201eda\u201d pentru a afla ce poate oferi UE Islandei \u00een cadrul negocierilor. Cine ar putea fi \u00eempotriva acestui lucru? Desigur, doar cei care au citit instruc\u021biunile detaliate ale UE pentru \u021b\u0103rile candidate.<\/p>\n<h3 style=\"font-weight: 400;\">Atacuri personale virulente<\/h3>\n<p style=\"font-weight: 400;\">Tab\u0103ra sus\u021bin\u0103torilor \u201eDa\u201d s-a bazat, de asemenea, pe trei strategii. Una dintre ele a fost promisiunea unui nivel de trai mult mai ridicat \u00een cazul ader\u0103rii Islandei la UE, comparativ cu cel de care se bucura deja \u021bara. Acest argument nu a fost conving\u0103tor \u00eentr-o \u021bar\u0103 mult mai prosper\u0103 dec\u00e2t majoritatea \u021b\u0103rilor din UE. A doua strategie a fost aceea de a-l transforma pe pre\u0219edintele SUA, Donald Trump, \u00eentr-un subiect de dezbatere. Nici aceasta nu a avut succes. Declara\u021biile imprudente ale unui pre\u0219edinte c\u0103ruia \u00eei mai r\u0103m\u00e2n doar doi ani \u0219i jum\u0103tate de mandat nu schimb\u0103 politica extern\u0103 pe termen lung a unei na\u021biuni. A treia strategie a constat \u00een atacuri personale virulente la adresa celor doi purt\u0103tori de cuv\u00e2nt cei mai eficien\u021bi ai taberei \u201eNu\u201d, dr. Carl Baudenbacher, un expert recunoscut la nivel interna\u021bional \u00een dreptul european, care, \u00een calitate de pre\u0219edinte al Cur\u021bii AELS \u00een 2013, a dat c\u00e2\u0219tig de cauz\u0103 Islandei \u00eentr-un <a href=\"https:\/\/www.theconservative.online\/ro\/doi-straini-care-au-salvat-islanda\">caz important<\/a> privind r\u0103spunderile rezultate din colapsul bancar islandez din 2008, \u0219i \u00d3lafur Ragnar Gr\u00edmsson, care a fost pre\u0219edinte al Islandei timp de dou\u0103zeci de ani, \u00eentre 1996 \u0219i 2016. Dr. Baudenbacher a publicat o <a href=\"https:\/\/www.theconservative.online\/ro?p=62003\">carte<\/a> despre Islanda \u0219i UE \u0219i a \u021binut o prelegere \u00een fa\u021ba unei s\u0103li pline. \u00d3lafur Ragnar a sus\u021binut o serie de discursuri conving\u0103toare \u0219i a acordat interviuri la televiziune. Atacurile taberei \u201eDa\u201d la adresa lor s-au \u00eentors \u00eempotriva lor. <\/p>\n<p style=\"font-weight: 400;\">(Fotografia \u00eel \u00eenf\u0103\u021bi\u0219eaz\u0103 pe dr. Baudenbacher \u021bin\u00e2nd prelegerea sa pe 10 august 2026, \u00een timp ce \u00d3lafur Ragnar Gr\u00edmsson prezideaz\u0103 \u0219edin\u021ba.)<\/p>\n<\/p>","protected":false},"excerpt":{"rendered":"<p>\u00cen cadrul referendumului din 29 august 2026, Islanda a respins negocierile privind aderarea la UE din cinci motive: trei de natur\u0103 economic\u0103 \u0219i dou\u0103 existen\u021biale. \u00cen primul r\u00e2nd, alegerea nu se f\u0103cea \u00eentre izolare \u0219i Europa. Islanda era membr\u0103 a Spa\u021biului Economic European \u00eenc\u0103 din 1994, al\u0103turi de Norvegia, Liechtenstein \u0219i, din motive practice, Elve\u021bia. [&hellip;]<\/p>\n","protected":false},"author":82,"featured_media":62815,"comment_status":"closed","ping_status":"closed","sticky":false,"template":"","format":"standard","meta":{"footnotes":""},"categories":[183,184,2062,160],"tags":[3388,599,72,1028,3482],"editorial-positions":[],"regions":[346],"types":[456],"class_list":["post-63089","post","type-post","status-publish","format-standard","has-post-thumbnail","hentry","category-cultura-ro","category-eseuri","category-lumea","category-politica","tag-european-economic-area","tag-european-union","tag-iceland","tag-nationalism","tag-single-market","regions-northern-europe-ro","types-opinion-ro"],"yoast_head":"<!-- This site is optimized with the Yoast SEO plugin v28.0 - https:\/\/yoast.com\/product\/yoast-seo-wordpress\/ -->\n<title>De ce Islanda a respins aderarea la UE - The Conservative<\/title>\n<meta name=\"robots\" content=\"index, follow, max-snippet:-1, max-image-preview:large, max-video-preview:-1\" \/>\n<link rel=\"canonical\" href=\"https:\/\/www.theconservative.online\/ro\/de-ce-islanda-a-respins-aderarea-la-ue\" \/>\n<meta property=\"og:locale\" content=\"ro_RO\" \/>\n<meta property=\"og:type\" content=\"article\" \/>\n<meta property=\"og:title\" content=\"De ce Islanda a respins aderarea la UE - The Conservative\" \/>\n<meta property=\"og:description\" content=\"\u00cen cadrul referendumului din 29 august 2026, Islanda a respins negocierile privind aderarea la UE din cinci motive: trei de natur\u0103 economic\u0103 \u0219i dou\u0103 existen\u021biale. \u00cen primul r\u00e2nd, alegerea nu se f\u0103cea \u00eentre izolare \u0219i Europa. Islanda era membr\u0103 a Spa\u021biului Economic European \u00eenc\u0103 din 1994, al\u0103turi de Norvegia, Liechtenstein \u0219i, din motive practice, Elve\u021bia. [&hellip;]\" \/>\n<meta property=\"og:url\" content=\"https:\/\/www.theconservative.online\/ro\/de-ce-islanda-a-respins-aderarea-la-ue\" \/>\n<meta property=\"og:site_name\" content=\"The Conservative\" \/>\n<meta property=\"article:author\" content=\"https:\/\/www.facebook.com\/hannes.h.gissurarson\" \/>\n<meta property=\"article:published_time\" content=\"2026-08-30T12:10:48+00:00\" \/>\n<meta property=\"og:image\" content=\"https:\/\/www.theconservative.online\/wp-content\/uploads\/2026\/08\/Baudenbacher.OlafurRagnar.jpg\" \/>\n\t<meta property=\"og:image:width\" content=\"944\" \/>\n\t<meta property=\"og:image:height\" content=\"537\" \/>\n\t<meta property=\"og:image:type\" content=\"image\/jpeg\" \/>\n<meta name=\"author\" content=\"Hannes Gissurarson\" \/>\n<meta name=\"twitter:card\" content=\"summary_large_image\" \/>\n<meta name=\"twitter:creator\" content=\"@HHGConferences\" \/>\n<meta name=\"twitter:label1\" content=\"Scris de\" \/>\n\t<meta name=\"twitter:data1\" content=\"Hannes Gissurarson\" \/>\n\t<meta name=\"twitter:label2\" content=\"Timp estimat pentru citire\" \/>\n\t<meta name=\"twitter:data2\" content=\"5 minute\" \/>\n<script type=\"application\/ld+json\" class=\"yoast-schema-graph\">{\"@context\":\"https:\\\/\\\/schema.org\",\"@graph\":[{\"@type\":\"Article\",\"@id\":\"https:\\\/\\\/www.theconservative.online\\\/ro\\\/de-ce-islanda-a-respins-aderarea-la-ue#article\",\"isPartOf\":{\"@id\":\"https:\\\/\\\/www.theconservative.online\\\/ro\\\/de-ce-islanda-a-respins-aderarea-la-ue\"},\"author\":{\"name\":\"Hannes Gissurarson\",\"@id\":\"https:\\\/\\\/www.theconservative.online\\\/ro#\\\/schema\\\/person\\\/f846a1e867ea22696d18c11389594bf5\"},\"headline\":\"De ce Islanda a respins aderarea la UE\",\"datePublished\":\"2026-08-30T12:10:48+00:00\",\"mainEntityOfPage\":{\"@id\":\"https:\\\/\\\/www.theconservative.online\\\/ro\\\/de-ce-islanda-a-respins-aderarea-la-ue\"},\"wordCount\":915,\"image\":{\"@id\":\"https:\\\/\\\/www.theconservative.online\\\/ro\\\/de-ce-islanda-a-respins-aderarea-la-ue#primaryimage\"},\"thumbnailUrl\":\"https:\\\/\\\/www.theconservative.online\\\/wp-content\\\/uploads\\\/2026\\\/08\\\/Baudenbacher.OlafurRagnar.jpg\",\"keywords\":[\"European Economic Area\",\"European Union\",\"Iceland\",\"Nationalism\",\"Single Market\"],\"articleSection\":[\"Cultur\u0103\",\"eseuri\",\"Lumea\",\"Politic\u0103\"],\"inLanguage\":\"ro-RO\"},{\"@type\":\"WebPage\",\"@id\":\"https:\\\/\\\/www.theconservative.online\\\/ro\\\/de-ce-islanda-a-respins-aderarea-la-ue\",\"url\":\"https:\\\/\\\/www.theconservative.online\\\/ro\\\/de-ce-islanda-a-respins-aderarea-la-ue\",\"name\":\"De ce Islanda a respins aderarea la UE - The Conservative\",\"isPartOf\":{\"@id\":\"https:\\\/\\\/www.theconservative.online\\\/ro#website\"},\"primaryImageOfPage\":{\"@id\":\"https:\\\/\\\/www.theconservative.online\\\/ro\\\/de-ce-islanda-a-respins-aderarea-la-ue#primaryimage\"},\"image\":{\"@id\":\"https:\\\/\\\/www.theconservative.online\\\/ro\\\/de-ce-islanda-a-respins-aderarea-la-ue#primaryimage\"},\"thumbnailUrl\":\"https:\\\/\\\/www.theconservative.online\\\/wp-content\\\/uploads\\\/2026\\\/08\\\/Baudenbacher.OlafurRagnar.jpg\",\"datePublished\":\"2026-08-30T12:10:48+00:00\",\"author\":{\"@id\":\"https:\\\/\\\/www.theconservative.online\\\/ro#\\\/schema\\\/person\\\/f846a1e867ea22696d18c11389594bf5\"},\"breadcrumb\":{\"@id\":\"https:\\\/\\\/www.theconservative.online\\\/ro\\\/de-ce-islanda-a-respins-aderarea-la-ue#breadcrumb\"},\"inLanguage\":\"ro-RO\",\"potentialAction\":[{\"@type\":\"ReadAction\",\"target\":[\"https:\\\/\\\/www.theconservative.online\\\/ro\\\/de-ce-islanda-a-respins-aderarea-la-ue\"]}]},{\"@type\":\"ImageObject\",\"inLanguage\":\"ro-RO\",\"@id\":\"https:\\\/\\\/www.theconservative.online\\\/ro\\\/de-ce-islanda-a-respins-aderarea-la-ue#primaryimage\",\"url\":\"https:\\\/\\\/www.theconservative.online\\\/wp-content\\\/uploads\\\/2026\\\/08\\\/Baudenbacher.OlafurRagnar.jpg\",\"contentUrl\":\"https:\\\/\\\/www.theconservative.online\\\/wp-content\\\/uploads\\\/2026\\\/08\\\/Baudenbacher.OlafurRagnar.jpg\",\"width\":944,\"height\":537},{\"@type\":\"BreadcrumbList\",\"@id\":\"https:\\\/\\\/www.theconservative.online\\\/ro\\\/de-ce-islanda-a-respins-aderarea-la-ue#breadcrumb\",\"itemListElement\":[{\"@type\":\"ListItem\",\"position\":1,\"name\":\"Home\",\"item\":\"https:\\\/\\\/www.theconservative.online\\\/ro\"},{\"@type\":\"ListItem\",\"position\":2,\"name\":\"De ce Islanda a respins aderarea la UE\"}]},{\"@type\":\"WebSite\",\"@id\":\"https:\\\/\\\/www.theconservative.online\\\/ro#website\",\"url\":\"https:\\\/\\\/www.theconservative.online\\\/ro\",\"name\":\"The Conservative\",\"description\":\"\",\"potentialAction\":[{\"@type\":\"SearchAction\",\"target\":{\"@type\":\"EntryPoint\",\"urlTemplate\":\"https:\\\/\\\/www.theconservative.online\\\/ro?s={search_term_string}\"},\"query-input\":{\"@type\":\"PropertyValueSpecification\",\"valueRequired\":true,\"valueName\":\"search_term_string\"}}],\"inLanguage\":\"ro-RO\"},{\"@type\":\"Person\",\"@id\":\"https:\\\/\\\/www.theconservative.online\\\/ro#\\\/schema\\\/person\\\/f846a1e867ea22696d18c11389594bf5\",\"name\":\"Hannes Gissurarson\",\"image\":{\"@type\":\"ImageObject\",\"inLanguage\":\"ro-RO\",\"@id\":\"https:\\\/\\\/secure.gravatar.com\\\/avatar\\\/5b34f276b6474dfca32871d1defaa3703e4969d4d69ff8b5a2542fc232dc85a6?s=96&d=mm&r=g\",\"url\":\"https:\\\/\\\/secure.gravatar.com\\\/avatar\\\/5b34f276b6474dfca32871d1defaa3703e4969d4d69ff8b5a2542fc232dc85a6?s=96&d=mm&r=g\",\"contentUrl\":\"https:\\\/\\\/secure.gravatar.com\\\/avatar\\\/5b34f276b6474dfca32871d1defaa3703e4969d4d69ff8b5a2542fc232dc85a6?s=96&d=mm&r=g\",\"caption\":\"Hannes Gissurarson\"},\"description\":\"Born in 1953. D. Phil. Politics Oxford 1985. Professor of Politics 1988\u20132023. Professor Emeritus since 2023. Member of the Board of Directors Mont Pelerin Society 1998\u20132004. Member of the Board of Overseers Central Bank of Iceland 2001\u20132009. Visiting Scholar, Hoover Institution and many universities.\",\"sameAs\":[\"https:\\\/\\\/www.facebook.com\\\/hannes.h.gissurarson\",\"https:\\\/\\\/www.instagram.com\\\/hannes1953\\\/\",\"https:\\\/\\\/www.linkedin.com\\\/in\\\/hannes-gissurarson-90485239\\\/\",\"https:\\\/\\\/x.com\\\/HHGConferences\",\"https:\\\/\\\/en.wikipedia.org\\\/wiki\\\/Hannes_H\u00f3lmsteinn_Gissurarson\"],\"url\":\"https:\\\/\\\/www.theconservative.online\\\/ro\\\/author\\\/hannes-eunat-2025-26\"}]}<\/script>\n<!-- \/ Yoast SEO plugin. -->","yoast_head_json":{"title":"De ce Islanda a respins aderarea la UE - The Conservative","robots":{"index":"index","follow":"follow","max-snippet":"max-snippet:-1","max-image-preview":"max-image-preview:large","max-video-preview":"max-video-preview:-1"},"canonical":"https:\/\/www.theconservative.online\/ro\/de-ce-islanda-a-respins-aderarea-la-ue","og_locale":"ro_RO","og_type":"article","og_title":"De ce Islanda a respins aderarea la UE - The Conservative","og_description":"\u00cen cadrul referendumului din 29 august 2026, Islanda a respins negocierile privind aderarea la UE din cinci motive: trei de natur\u0103 economic\u0103 \u0219i dou\u0103 existen\u021biale. \u00cen primul r\u00e2nd, alegerea nu se f\u0103cea \u00eentre izolare \u0219i Europa. Islanda era membr\u0103 a Spa\u021biului Economic European \u00eenc\u0103 din 1994, al\u0103turi de Norvegia, Liechtenstein \u0219i, din motive practice, Elve\u021bia. [&hellip;]","og_url":"https:\/\/www.theconservative.online\/ro\/de-ce-islanda-a-respins-aderarea-la-ue","og_site_name":"The Conservative","article_author":"https:\/\/www.facebook.com\/hannes.h.gissurarson","article_published_time":"2026-08-30T12:10:48+00:00","og_image":[{"width":944,"height":537,"url":"https:\/\/www.theconservative.online\/wp-content\/uploads\/2026\/08\/Baudenbacher.OlafurRagnar.jpg","type":"image\/jpeg"}],"author":"Hannes Gissurarson","twitter_card":"summary_large_image","twitter_creator":"@HHGConferences","twitter_misc":{"Scris de":"Hannes Gissurarson","Timp estimat pentru citire":"5 minute"},"schema":{"@context":"https:\/\/schema.org","@graph":[{"@type":"Article","@id":"https:\/\/www.theconservative.online\/ro\/de-ce-islanda-a-respins-aderarea-la-ue#article","isPartOf":{"@id":"https:\/\/www.theconservative.online\/ro\/de-ce-islanda-a-respins-aderarea-la-ue"},"author":{"name":"Hannes Gissurarson","@id":"https:\/\/www.theconservative.online\/ro#\/schema\/person\/f846a1e867ea22696d18c11389594bf5"},"headline":"De ce Islanda a respins aderarea la UE","datePublished":"2026-08-30T12:10:48+00:00","mainEntityOfPage":{"@id":"https:\/\/www.theconservative.online\/ro\/de-ce-islanda-a-respins-aderarea-la-ue"},"wordCount":915,"image":{"@id":"https:\/\/www.theconservative.online\/ro\/de-ce-islanda-a-respins-aderarea-la-ue#primaryimage"},"thumbnailUrl":"https:\/\/www.theconservative.online\/wp-content\/uploads\/2026\/08\/Baudenbacher.OlafurRagnar.jpg","keywords":["European Economic Area","European Union","Iceland","Nationalism","Single Market"],"articleSection":["Cultur\u0103","eseuri","Lumea","Politic\u0103"],"inLanguage":"ro-RO"},{"@type":"WebPage","@id":"https:\/\/www.theconservative.online\/ro\/de-ce-islanda-a-respins-aderarea-la-ue","url":"https:\/\/www.theconservative.online\/ro\/de-ce-islanda-a-respins-aderarea-la-ue","name":"De ce Islanda a respins aderarea la UE - The Conservative","isPartOf":{"@id":"https:\/\/www.theconservative.online\/ro#website"},"primaryImageOfPage":{"@id":"https:\/\/www.theconservative.online\/ro\/de-ce-islanda-a-respins-aderarea-la-ue#primaryimage"},"image":{"@id":"https:\/\/www.theconservative.online\/ro\/de-ce-islanda-a-respins-aderarea-la-ue#primaryimage"},"thumbnailUrl":"https:\/\/www.theconservative.online\/wp-content\/uploads\/2026\/08\/Baudenbacher.OlafurRagnar.jpg","datePublished":"2026-08-30T12:10:48+00:00","author":{"@id":"https:\/\/www.theconservative.online\/ro#\/schema\/person\/f846a1e867ea22696d18c11389594bf5"},"breadcrumb":{"@id":"https:\/\/www.theconservative.online\/ro\/de-ce-islanda-a-respins-aderarea-la-ue#breadcrumb"},"inLanguage":"ro-RO","potentialAction":[{"@type":"ReadAction","target":["https:\/\/www.theconservative.online\/ro\/de-ce-islanda-a-respins-aderarea-la-ue"]}]},{"@type":"ImageObject","inLanguage":"ro-RO","@id":"https:\/\/www.theconservative.online\/ro\/de-ce-islanda-a-respins-aderarea-la-ue#primaryimage","url":"https:\/\/www.theconservative.online\/wp-content\/uploads\/2026\/08\/Baudenbacher.OlafurRagnar.jpg","contentUrl":"https:\/\/www.theconservative.online\/wp-content\/uploads\/2026\/08\/Baudenbacher.OlafurRagnar.jpg","width":944,"height":537},{"@type":"BreadcrumbList","@id":"https:\/\/www.theconservative.online\/ro\/de-ce-islanda-a-respins-aderarea-la-ue#breadcrumb","itemListElement":[{"@type":"ListItem","position":1,"name":"Home","item":"https:\/\/www.theconservative.online\/ro"},{"@type":"ListItem","position":2,"name":"De ce Islanda a respins aderarea la UE"}]},{"@type":"WebSite","@id":"https:\/\/www.theconservative.online\/ro#website","url":"https:\/\/www.theconservative.online\/ro","name":"The Conservative","description":"","potentialAction":[{"@type":"SearchAction","target":{"@type":"EntryPoint","urlTemplate":"https:\/\/www.theconservative.online\/ro?s={search_term_string}"},"query-input":{"@type":"PropertyValueSpecification","valueRequired":true,"valueName":"search_term_string"}}],"inLanguage":"ro-RO"},{"@type":"Person","@id":"https:\/\/www.theconservative.online\/ro#\/schema\/person\/f846a1e867ea22696d18c11389594bf5","name":"Hannes Gissurarson","image":{"@type":"ImageObject","inLanguage":"ro-RO","@id":"https:\/\/secure.gravatar.com\/avatar\/5b34f276b6474dfca32871d1defaa3703e4969d4d69ff8b5a2542fc232dc85a6?s=96&d=mm&r=g","url":"https:\/\/secure.gravatar.com\/avatar\/5b34f276b6474dfca32871d1defaa3703e4969d4d69ff8b5a2542fc232dc85a6?s=96&d=mm&r=g","contentUrl":"https:\/\/secure.gravatar.com\/avatar\/5b34f276b6474dfca32871d1defaa3703e4969d4d69ff8b5a2542fc232dc85a6?s=96&d=mm&r=g","caption":"Hannes Gissurarson"},"description":"Born in 1953. D. Phil. Politics Oxford 1985. Professor of Politics 1988\u20132023. Professor Emeritus since 2023. Member of the Board of Directors Mont Pelerin Society 1998\u20132004. Member of the Board of Overseers Central Bank of Iceland 2001\u20132009. Visiting Scholar, Hoover Institution and many universities.","sameAs":["https:\/\/www.facebook.com\/hannes.h.gissurarson","https:\/\/www.instagram.com\/hannes1953\/","https:\/\/www.linkedin.com\/in\/hannes-gissurarson-90485239\/","https:\/\/x.com\/HHGConferences","https:\/\/en.wikipedia.org\/wiki\/Hannes_H\u00f3lmsteinn_Gissurarson"],"url":"https:\/\/www.theconservative.online\/ro\/author\/hannes-eunat-2025-26"}]}},"acf":[],"_links":{"self":[{"href":"https:\/\/www.theconservative.online\/ro\/wp-json\/wp\/v2\/posts\/63089","targetHints":{"allow":["GET"]}}],"collection":[{"href":"https:\/\/www.theconservative.online\/ro\/wp-json\/wp\/v2\/posts"}],"about":[{"href":"https:\/\/www.theconservative.online\/ro\/wp-json\/wp\/v2\/types\/post"}],"author":[{"embeddable":true,"href":"https:\/\/www.theconservative.online\/ro\/wp-json\/wp\/v2\/users\/82"}],"replies":[{"embeddable":true,"href":"https:\/\/www.theconservative.online\/ro\/wp-json\/wp\/v2\/comments?post=63089"}],"version-history":[{"count":0,"href":"https:\/\/www.theconservative.online\/ro\/wp-json\/wp\/v2\/posts\/63089\/revisions"}],"wp:featuredmedia":[{"embeddable":true,"href":"https:\/\/www.theconservative.online\/ro\/wp-json\/wp\/v2\/media\/62815"}],"wp:attachment":[{"href":"https:\/\/www.theconservative.online\/ro\/wp-json\/wp\/v2\/media?parent=63089"}],"wp:term":[{"taxonomy":"category","embeddable":true,"href":"https:\/\/www.theconservative.online\/ro\/wp-json\/wp\/v2\/categories?post=63089"},{"taxonomy":"post_tag","embeddable":true,"href":"https:\/\/www.theconservative.online\/ro\/wp-json\/wp\/v2\/tags?post=63089"},{"taxonomy":"editorial-positions","embeddable":true,"href":"https:\/\/www.theconservative.online\/ro\/wp-json\/wp\/v2\/editorial-positions?post=63089"},{"taxonomy":"regions","embeddable":true,"href":"https:\/\/www.theconservative.online\/ro\/wp-json\/wp\/v2\/regions?post=63089"},{"taxonomy":"types","embeddable":true,"href":"https:\/\/www.theconservative.online\/ro\/wp-json\/wp\/v2\/types?post=63089"}],"curies":[{"name":"wp","href":"https:\/\/api.w.org\/{rel}","templated":true}]}}