{"id":62928,"date":"2026-08-31T13:57:45","date_gmt":"2026-08-31T13:57:45","guid":{"rendered":"https:\/\/www.theconservative.online\/nagra-reflektioner-efter-utvidgningskommissionarens-tal-i-zagreb"},"modified":"2026-08-31T13:57:45","modified_gmt":"2026-08-31T13:57:45","slug":"nagra-reflektioner-efter-utvidgningskommissionarens-tal-i-zagreb","status":"publish","type":"post","link":"https:\/\/www.theconservative.online\/sv\/nagra-reflektioner-efter-utvidgningskommissionarens-tal-i-zagreb","title":{"rendered":"N\u00e5gra reflektioner efter utvidgningskommission\u00e4rens tal i Zagreb"},"content":{"rendered":"<p style=\"font-weight: 400;\">Tjugotv\u00e5 \u00e5r efter den st\u00f6rsta utvidgningsv\u00e5gen i Europeiska unionens historia \u2013 d\u00e5 tio l\u00e4nder formellt blev medlemmar \u2013 och tretton \u00e5r efter Kroatiens anslutning har fr\u00e5gan om EU:s utvidgning \u00e5terigen blivit en br\u00e4nnande fr\u00e5ga. Det \u00e4r den l\u00e4ngsta tid som har f\u00f6rflutit sedan den senaste anslutningen, och utsikterna och utmaningarna f\u00f6r en st\u00f6rre union \u00e4r betydande. Inf\u00f6r Europeiska r\u00e5dets toppm\u00f6te i mitten av oktober redogjorde utvidgningskommission\u00e4ren nyligen f\u00f6r kommissionens \u201dreformistiska\u201d vision f\u00f6r framtida anslutningar.<\/p>\n<p style=\"font-weight: 400;\">I ett tal som h\u00f6lls den 24 augusti i Zagreb betonade Marta Kos vikten av att uppfylla \u00e5taganden, f\u00f6rdelarna med en gradvis integration, en mer flexibel beslutsprocess samt starkare garantier f\u00f6r att st\u00e4rka r\u00e4ttsstatsprincipen och de demokratiska mekanismerna.<\/p><div class='related_content'><span>RELATED<\/span><ul><li><a href='https:\/\/www.theconservative.online\/sv\/islands-nej-och-nationernas-europa'>Islands \u201dnej\u201d och Nationernas Europa<\/li><\/a><li><a href='https:\/\/www.theconservative.online\/sv\/varfor-island-avvisade-ett-eu-medlemskap'>Varf\u00f6r Island avvisade ett EU-medlemskap<\/li><\/a><li><a href='https:\/\/www.theconservative.online\/sv\/europas-industriella-omstallning-satter-kina-energi-och-investeringar-i-fokus'>Europas industriella omst\u00e4llning s\u00e4tter Kina, energi och investeringar i fokus<\/li><\/a><\/ul><\/div>\n<p style=\"font-weight: 400;\">Bortom klich\u00e9er \u2013 s\u00e5som att kandidatl\u00e4nderna verkligen m\u00e5ste respektera \u201dv\u00e5ra gemensamma v\u00e4rderingar\u201d, vissa eftertryckliga uttalanden eller hyllningar till Kroatien och landets framsteg \u2013 ber\u00f6mde kommissionsledamot Kos  <em>de o\u00f6vertr\u00e4ffade framstegen<\/em>  som gjorts i \u00e5r n\u00e4r det g\u00e4ller utvidgningsprocessen. \u00c5 ena sidan har vi Montenegro, som ligger n\u00e4rmast ett EU-medlemskap; Albanien, som lyfts fram som ett f\u00f6red\u00f6me n\u00e4r det g\u00e4ller att avsluta kapitlet om r\u00e4ttsstatsprincipen; samt Ukraina och Republiken Moldavien. N\u00e4r det g\u00e4ller Island h\u00f6ll landet, vid tidpunkten f\u00f6r talet i Zagreb, p\u00e5 att f\u00f6rbereda sig f\u00f6r en folkomr\u00f6stning om \u00e5terupptagande av anslutningsf\u00f6rhandlingarna; resultatet den 29 augusti \u2013 d\u00e5 53 procent av medborgarna r\u00f6stade emot \u2013 satte dock i praktiken punkt f\u00f6r den str\u00e4van.<\/p>\n<p style=\"font-weight: 400;\">Bortom enskilda fall, som befinner sig i olika \u201dskeden\u201d av anslutningsprocessen, \u00e4r fr\u00e5gan hur vi fullt ut ska kunna f\u00f6rst\u00e5 vilka vi v\u00e4lkomnar inom v\u00e5ra gr\u00e4nser. En union som inte klarar av att f\u00f6rsvara sina yttre gr\u00e4nser inf\u00f6r ett existentiellt hot, en union som kv\u00e4vs av \u00f6verdrivna regleringar och som fr\u00e4mjar ideologier som i grunden undergr\u00e4ver familjen, yttrandefriheten och den nationella suver\u00e4niteten \u2013 hur verkligt redo \u00e4r den egentligen att expandera ytterligare? Det vore som ett hus d\u00e4r man l\u00e4gger till en ny v\u00e5ning samtidigt som grunden h\u00e5ller p\u00e5 att rasa samman.<\/p>\n<p style=\"font-weight: 400;\">Kommissionsledamot Kos anser att beslutsprocessen m\u00e5ste bli mer effektiv och flexibel \u2013 ett ber\u00e4ttigat m\u00e5l \u2013 men ett s\u00e4tt att uppn\u00e5 detta \u00e4r att begr\u00e4nsa de omr\u00e5den d\u00e4r en enskild medlemsstat kan ut\u00f6va sin vetor\u00e4tt. Med andra ord den typ av reform som skulle f\u00f6rhindra obehagliga \u201d\u00f6verraskningar\u201d fr\u00e5n stater som inte helt f\u00f6ljer Bryssels riktlinjer \u2013 ett \u00e4mne som har v\u00e4ckt betydande missn\u00f6je under de senaste \u00e5ren. En annan formulering som den slovenska kommissionsledamoten anv\u00e4nde var att se till att \u201dtrojanska h\u00e4star\u201d inte till\u00e5ts tr\u00e4nga in, s\u00e5 att \u201dgrundl\u00e4ggande europeiska v\u00e4rden\u201d och \u201dr\u00e4ttsstatsprincipen\u201d inte l\u00e4ngre kan kr\u00e4nkas. Samma felaktiga retorik som pseudoeliterna anv\u00e4nder i sin nonchalans gentemot folken och deras intressen. Detta \u00e4r n\u00e5gra av stegen mot att Europa \u00e5terf\u00e5r sin \u201dsj\u00e4lvst\u00e4ndighet\u201d, enligt utvidgningskommission\u00e4rens vision.<\/p>\n<p style=\"font-weight: 400;\">Vi \u00e4r alla alltf\u00f6r v\u00e4lbekanta med h\u00f6gtravande retorik och tomma fraser. EU:s utvidgning m\u00e5ste bed\u00f6mas utifr\u00e5n i vilken utstr\u00e4ckning den st\u00e4rker eller f\u00f6rsvagar det som g\u00f6r Europa till Europa. En utvidgad Europeisk union b\u00f6r inneb\u00e4ra en f\u00f6rst\u00e4rkning av v\u00e5r union, inte en f\u00f6rsvagning av den. Leder den till mer ordning, mer v\u00e4lst\u00e5nd och st\u00f6rre respekt f\u00f6r sanna v\u00e4rden, frihet och suver\u00e4nitet? Om svaret \u00e4r \u201dja\u201d, b\u00f6r utvidgningen v\u00e4lkomnas. Men om den endast tj\u00e4nar som ett verktyg f\u00f6r ett storskaligt ideologiskt projekt som f\u00f6rvr\u00e4nger de uttalade m\u00e5len \u2013 stabilitet, v\u00e4lst\u00e5nd och frihet \u2013 d\u00e5 m\u00e5ste den avvisas eller \u00e5tminstone betraktas med st\u00f6rsta f\u00f6rsiktighet.<\/p>\n<p style=\"font-weight: 400;\">F\u00f6r att Europeiska unionen ska kunna f\u00f6rbli en union av nationer \u00e4r det absolut n\u00f6dv\u00e4ndigt att den satsar p\u00e5 tydlighet och realism. Annars riskerar den att, f\u00f6rr snarare \u00e4n senare, f\u00f6rvandlas till n\u00e5got oigenk\u00e4nnligt. Och d\u00e5 kommer utvidgningen inte att inneb\u00e4ra n\u00e5got annat \u00e4n ytterligare en spik i kistan.<\/p>\n<\/p>","protected":false},"excerpt":{"rendered":"<p>Tjugotv\u00e5 \u00e5r efter den st\u00f6rsta utvidgningsv\u00e5gen i Europeiska unionens historia \u2013 d\u00e5 tio l\u00e4nder formellt blev medlemmar \u2013 och tretton \u00e5r efter Kroatiens anslutning har fr\u00e5gan om EU:s utvidgning \u00e5terigen blivit en br\u00e4nnande fr\u00e5ga. Det \u00e4r den l\u00e4ngsta tid som har f\u00f6rflutit sedan den senaste anslutningen, och utsikterna och utmaningarna f\u00f6r en st\u00f6rre union \u00e4r [&hellip;]<\/p>\n","protected":false},"author":78,"featured_media":62865,"comment_status":"closed","ping_status":"closed","sticky":false,"template":"","format":"standard","meta":{"footnotes":""},"categories":[262,164,169],"tags":[943,1305,1856,215,2692,599,72,3306,3484,3287,2589,213],"editorial-positions":[],"regions":[323,335,341,350,359],"types":[416,453],"class_list":["post-62928","post","type-post","status-publish","format-standard","has-post-thumbnail","hentry","category-juridisk","category-politik","category-uppsatser","tag-albania","tag-brussels","tag-croatia","tag-eu","tag-eu-enlargement","tag-european-union","tag-iceland","tag-marta-kos","tag-montenegro","tag-republic-of-moldova","tag-sovereignty","tag-ukraine","regions-central-europe-sv","regions-eastern-europe-sv","regions-northern-europe-sv","regions-southern-europe-sv","regions-western-europe-sv","types-news-sv","types-opinion-sv"],"yoast_head":"<!-- This site is optimized with the Yoast SEO plugin v28.0 - https:\/\/yoast.com\/product\/yoast-seo-wordpress\/ -->\n<title>N\u00e5gra reflektioner efter utvidgningskommission\u00e4rens tal i Zagreb - The Conservative<\/title>\n<meta name=\"robots\" content=\"index, follow, max-snippet:-1, max-image-preview:large, max-video-preview:-1\" \/>\n<link rel=\"canonical\" href=\"https:\/\/www.theconservative.online\/sv\/nagra-reflektioner-efter-utvidgningskommissionarens-tal-i-zagreb\" \/>\n<meta property=\"og:locale\" content=\"sv_SE\" \/>\n<meta property=\"og:type\" content=\"article\" \/>\n<meta property=\"og:title\" content=\"N\u00e5gra reflektioner efter utvidgningskommission\u00e4rens tal i Zagreb - The Conservative\" \/>\n<meta property=\"og:description\" content=\"Tjugotv\u00e5 \u00e5r efter den st\u00f6rsta utvidgningsv\u00e5gen i Europeiska unionens historia \u2013 d\u00e5 tio l\u00e4nder formellt blev medlemmar \u2013 och tretton \u00e5r efter Kroatiens anslutning har fr\u00e5gan om EU:s utvidgning \u00e5terigen blivit en br\u00e4nnande fr\u00e5ga. Det \u00e4r den l\u00e4ngsta tid som har f\u00f6rflutit sedan den senaste anslutningen, och utsikterna och utmaningarna f\u00f6r en st\u00f6rre union \u00e4r [&hellip;]\" \/>\n<meta property=\"og:url\" content=\"https:\/\/www.theconservative.online\/sv\/nagra-reflektioner-efter-utvidgningskommissionarens-tal-i-zagreb\" \/>\n<meta property=\"og:site_name\" content=\"The Conservative\" \/>\n<meta property=\"article:published_time\" content=\"2026-08-31T13:57:45+00:00\" \/>\n<meta property=\"og:image\" content=\"https:\/\/www.theconservative.online\/wp-content\/uploads\/2026\/08\/shutterstock_2385621941.jpg\" \/>\n\t<meta property=\"og:image:width\" content=\"1000\" \/>\n\t<meta property=\"og:image:height\" content=\"667\" \/>\n\t<meta property=\"og:image:type\" content=\"image\/jpeg\" \/>\n<meta name=\"author\" content=\"Dragos Moldoveanu\" \/>\n<meta name=\"twitter:card\" content=\"summary_large_image\" \/>\n<meta name=\"twitter:label1\" content=\"Skriven av\" \/>\n\t<meta name=\"twitter:data1\" content=\"Dragos Moldoveanu\" \/>\n\t<meta name=\"twitter:label2\" content=\"Ber\u00e4knad l\u00e4stid\" \/>\n\t<meta name=\"twitter:data2\" content=\"4 minuter\" \/>\n<script type=\"application\/ld+json\" class=\"yoast-schema-graph\">{\"@context\":\"https:\\\/\\\/schema.org\",\"@graph\":[{\"@type\":\"Article\",\"@id\":\"https:\\\/\\\/www.theconservative.online\\\/sv\\\/nagra-reflektioner-efter-utvidgningskommissionarens-tal-i-zagreb#article\",\"isPartOf\":{\"@id\":\"https:\\\/\\\/www.theconservative.online\\\/sv\\\/nagra-reflektioner-efter-utvidgningskommissionarens-tal-i-zagreb\"},\"author\":{\"name\":\"Dragos Moldoveanu\",\"@id\":\"https:\\\/\\\/www.theconservative.online\\\/sv#\\\/schema\\\/person\\\/7a10b03a9f7406e09ce879035f4d80c1\"},\"headline\":\"N\u00e5gra reflektioner efter utvidgningskommission\u00e4rens tal i Zagreb\",\"datePublished\":\"2026-08-31T13:57:45+00:00\",\"mainEntityOfPage\":{\"@id\":\"https:\\\/\\\/www.theconservative.online\\\/sv\\\/nagra-reflektioner-efter-utvidgningskommissionarens-tal-i-zagreb\"},\"wordCount\":725,\"image\":{\"@id\":\"https:\\\/\\\/www.theconservative.online\\\/sv\\\/nagra-reflektioner-efter-utvidgningskommissionarens-tal-i-zagreb#primaryimage\"},\"thumbnailUrl\":\"https:\\\/\\\/www.theconservative.online\\\/wp-content\\\/uploads\\\/2026\\\/08\\\/shutterstock_2385621941.jpg\",\"keywords\":[\"Albania\",\"Brussels\",\"croatia\",\"EU\",\"EU enlargement\",\"European Union\",\"Iceland\",\"Marta Kos\",\"Montenegro\",\"Republic of Moldova\",\"sovereignty\",\"Ukraine\"],\"articleSection\":[\"Juridisk\",\"Politik\",\"Uppsatser\"],\"inLanguage\":\"sv-SE\"},{\"@type\":\"WebPage\",\"@id\":\"https:\\\/\\\/www.theconservative.online\\\/sv\\\/nagra-reflektioner-efter-utvidgningskommissionarens-tal-i-zagreb\",\"url\":\"https:\\\/\\\/www.theconservative.online\\\/sv\\\/nagra-reflektioner-efter-utvidgningskommissionarens-tal-i-zagreb\",\"name\":\"N\u00e5gra reflektioner efter utvidgningskommission\u00e4rens tal i Zagreb - The Conservative\",\"isPartOf\":{\"@id\":\"https:\\\/\\\/www.theconservative.online\\\/sv#website\"},\"primaryImageOfPage\":{\"@id\":\"https:\\\/\\\/www.theconservative.online\\\/sv\\\/nagra-reflektioner-efter-utvidgningskommissionarens-tal-i-zagreb#primaryimage\"},\"image\":{\"@id\":\"https:\\\/\\\/www.theconservative.online\\\/sv\\\/nagra-reflektioner-efter-utvidgningskommissionarens-tal-i-zagreb#primaryimage\"},\"thumbnailUrl\":\"https:\\\/\\\/www.theconservative.online\\\/wp-content\\\/uploads\\\/2026\\\/08\\\/shutterstock_2385621941.jpg\",\"datePublished\":\"2026-08-31T13:57:45+00:00\",\"author\":{\"@id\":\"https:\\\/\\\/www.theconservative.online\\\/sv#\\\/schema\\\/person\\\/7a10b03a9f7406e09ce879035f4d80c1\"},\"breadcrumb\":{\"@id\":\"https:\\\/\\\/www.theconservative.online\\\/sv\\\/nagra-reflektioner-efter-utvidgningskommissionarens-tal-i-zagreb#breadcrumb\"},\"inLanguage\":\"sv-SE\",\"potentialAction\":[{\"@type\":\"ReadAction\",\"target\":[\"https:\\\/\\\/www.theconservative.online\\\/sv\\\/nagra-reflektioner-efter-utvidgningskommissionarens-tal-i-zagreb\"]}]},{\"@type\":\"ImageObject\",\"inLanguage\":\"sv-SE\",\"@id\":\"https:\\\/\\\/www.theconservative.online\\\/sv\\\/nagra-reflektioner-efter-utvidgningskommissionarens-tal-i-zagreb#primaryimage\",\"url\":\"https:\\\/\\\/www.theconservative.online\\\/wp-content\\\/uploads\\\/2026\\\/08\\\/shutterstock_2385621941.jpg\",\"contentUrl\":\"https:\\\/\\\/www.theconservative.online\\\/wp-content\\\/uploads\\\/2026\\\/08\\\/shutterstock_2385621941.jpg\",\"width\":1000,\"height\":667},{\"@type\":\"BreadcrumbList\",\"@id\":\"https:\\\/\\\/www.theconservative.online\\\/sv\\\/nagra-reflektioner-efter-utvidgningskommissionarens-tal-i-zagreb#breadcrumb\",\"itemListElement\":[{\"@type\":\"ListItem\",\"position\":1,\"name\":\"Home\",\"item\":\"https:\\\/\\\/www.theconservative.online\\\/sv\"},{\"@type\":\"ListItem\",\"position\":2,\"name\":\"N\u00e5gra reflektioner efter utvidgningskommission\u00e4rens tal i Zagreb\"}]},{\"@type\":\"WebSite\",\"@id\":\"https:\\\/\\\/www.theconservative.online\\\/sv#website\",\"url\":\"https:\\\/\\\/www.theconservative.online\\\/sv\",\"name\":\"The Conservative\",\"description\":\"\",\"potentialAction\":[{\"@type\":\"SearchAction\",\"target\":{\"@type\":\"EntryPoint\",\"urlTemplate\":\"https:\\\/\\\/www.theconservative.online\\\/sv?s={search_term_string}\"},\"query-input\":{\"@type\":\"PropertyValueSpecification\",\"valueRequired\":true,\"valueName\":\"search_term_string\"}}],\"inLanguage\":\"sv-SE\"},{\"@type\":\"Person\",\"@id\":\"https:\\\/\\\/www.theconservative.online\\\/sv#\\\/schema\\\/person\\\/7a10b03a9f7406e09ce879035f4d80c1\",\"name\":\"Dragos Moldoveanu\",\"image\":{\"@type\":\"ImageObject\",\"inLanguage\":\"sv-SE\",\"@id\":\"https:\\\/\\\/secure.gravatar.com\\\/avatar\\\/1975d1359c2a3183ef646321e1f6bcc60bbd4fe3f1c556f50988447a540d242c?s=96&d=mm&r=g\",\"url\":\"https:\\\/\\\/secure.gravatar.com\\\/avatar\\\/1975d1359c2a3183ef646321e1f6bcc60bbd4fe3f1c556f50988447a540d242c?s=96&d=mm&r=g\",\"contentUrl\":\"https:\\\/\\\/secure.gravatar.com\\\/avatar\\\/1975d1359c2a3183ef646321e1f6bcc60bbd4fe3f1c556f50988447a540d242c?s=96&d=mm&r=g\",\"caption\":\"Dragos Moldoveanu\"},\"url\":\"https:\\\/\\\/www.theconservative.online\\\/sv\\\/author\\\/moldoveanu-euspec-2025-26\"}]}<\/script>\n<!-- \/ Yoast SEO plugin. -->","yoast_head_json":{"title":"N\u00e5gra reflektioner efter utvidgningskommission\u00e4rens tal i Zagreb - The Conservative","robots":{"index":"index","follow":"follow","max-snippet":"max-snippet:-1","max-image-preview":"max-image-preview:large","max-video-preview":"max-video-preview:-1"},"canonical":"https:\/\/www.theconservative.online\/sv\/nagra-reflektioner-efter-utvidgningskommissionarens-tal-i-zagreb","og_locale":"sv_SE","og_type":"article","og_title":"N\u00e5gra reflektioner efter utvidgningskommission\u00e4rens tal i Zagreb - The Conservative","og_description":"Tjugotv\u00e5 \u00e5r efter den st\u00f6rsta utvidgningsv\u00e5gen i Europeiska unionens historia \u2013 d\u00e5 tio l\u00e4nder formellt blev medlemmar \u2013 och tretton \u00e5r efter Kroatiens anslutning har fr\u00e5gan om EU:s utvidgning \u00e5terigen blivit en br\u00e4nnande fr\u00e5ga. Det \u00e4r den l\u00e4ngsta tid som har f\u00f6rflutit sedan den senaste anslutningen, och utsikterna och utmaningarna f\u00f6r en st\u00f6rre union \u00e4r [&hellip;]","og_url":"https:\/\/www.theconservative.online\/sv\/nagra-reflektioner-efter-utvidgningskommissionarens-tal-i-zagreb","og_site_name":"The Conservative","article_published_time":"2026-08-31T13:57:45+00:00","og_image":[{"width":1000,"height":667,"url":"https:\/\/www.theconservative.online\/wp-content\/uploads\/2026\/08\/shutterstock_2385621941.jpg","type":"image\/jpeg"}],"author":"Dragos Moldoveanu","twitter_card":"summary_large_image","twitter_misc":{"Skriven av":"Dragos Moldoveanu","Ber\u00e4knad l\u00e4stid":"4 minuter"},"schema":{"@context":"https:\/\/schema.org","@graph":[{"@type":"Article","@id":"https:\/\/www.theconservative.online\/sv\/nagra-reflektioner-efter-utvidgningskommissionarens-tal-i-zagreb#article","isPartOf":{"@id":"https:\/\/www.theconservative.online\/sv\/nagra-reflektioner-efter-utvidgningskommissionarens-tal-i-zagreb"},"author":{"name":"Dragos Moldoveanu","@id":"https:\/\/www.theconservative.online\/sv#\/schema\/person\/7a10b03a9f7406e09ce879035f4d80c1"},"headline":"N\u00e5gra reflektioner efter utvidgningskommission\u00e4rens tal i Zagreb","datePublished":"2026-08-31T13:57:45+00:00","mainEntityOfPage":{"@id":"https:\/\/www.theconservative.online\/sv\/nagra-reflektioner-efter-utvidgningskommissionarens-tal-i-zagreb"},"wordCount":725,"image":{"@id":"https:\/\/www.theconservative.online\/sv\/nagra-reflektioner-efter-utvidgningskommissionarens-tal-i-zagreb#primaryimage"},"thumbnailUrl":"https:\/\/www.theconservative.online\/wp-content\/uploads\/2026\/08\/shutterstock_2385621941.jpg","keywords":["Albania","Brussels","croatia","EU","EU enlargement","European Union","Iceland","Marta Kos","Montenegro","Republic of Moldova","sovereignty","Ukraine"],"articleSection":["Juridisk","Politik","Uppsatser"],"inLanguage":"sv-SE"},{"@type":"WebPage","@id":"https:\/\/www.theconservative.online\/sv\/nagra-reflektioner-efter-utvidgningskommissionarens-tal-i-zagreb","url":"https:\/\/www.theconservative.online\/sv\/nagra-reflektioner-efter-utvidgningskommissionarens-tal-i-zagreb","name":"N\u00e5gra reflektioner efter utvidgningskommission\u00e4rens tal i Zagreb - The Conservative","isPartOf":{"@id":"https:\/\/www.theconservative.online\/sv#website"},"primaryImageOfPage":{"@id":"https:\/\/www.theconservative.online\/sv\/nagra-reflektioner-efter-utvidgningskommissionarens-tal-i-zagreb#primaryimage"},"image":{"@id":"https:\/\/www.theconservative.online\/sv\/nagra-reflektioner-efter-utvidgningskommissionarens-tal-i-zagreb#primaryimage"},"thumbnailUrl":"https:\/\/www.theconservative.online\/wp-content\/uploads\/2026\/08\/shutterstock_2385621941.jpg","datePublished":"2026-08-31T13:57:45+00:00","author":{"@id":"https:\/\/www.theconservative.online\/sv#\/schema\/person\/7a10b03a9f7406e09ce879035f4d80c1"},"breadcrumb":{"@id":"https:\/\/www.theconservative.online\/sv\/nagra-reflektioner-efter-utvidgningskommissionarens-tal-i-zagreb#breadcrumb"},"inLanguage":"sv-SE","potentialAction":[{"@type":"ReadAction","target":["https:\/\/www.theconservative.online\/sv\/nagra-reflektioner-efter-utvidgningskommissionarens-tal-i-zagreb"]}]},{"@type":"ImageObject","inLanguage":"sv-SE","@id":"https:\/\/www.theconservative.online\/sv\/nagra-reflektioner-efter-utvidgningskommissionarens-tal-i-zagreb#primaryimage","url":"https:\/\/www.theconservative.online\/wp-content\/uploads\/2026\/08\/shutterstock_2385621941.jpg","contentUrl":"https:\/\/www.theconservative.online\/wp-content\/uploads\/2026\/08\/shutterstock_2385621941.jpg","width":1000,"height":667},{"@type":"BreadcrumbList","@id":"https:\/\/www.theconservative.online\/sv\/nagra-reflektioner-efter-utvidgningskommissionarens-tal-i-zagreb#breadcrumb","itemListElement":[{"@type":"ListItem","position":1,"name":"Home","item":"https:\/\/www.theconservative.online\/sv"},{"@type":"ListItem","position":2,"name":"N\u00e5gra reflektioner efter utvidgningskommission\u00e4rens tal i Zagreb"}]},{"@type":"WebSite","@id":"https:\/\/www.theconservative.online\/sv#website","url":"https:\/\/www.theconservative.online\/sv","name":"The Conservative","description":"","potentialAction":[{"@type":"SearchAction","target":{"@type":"EntryPoint","urlTemplate":"https:\/\/www.theconservative.online\/sv?s={search_term_string}"},"query-input":{"@type":"PropertyValueSpecification","valueRequired":true,"valueName":"search_term_string"}}],"inLanguage":"sv-SE"},{"@type":"Person","@id":"https:\/\/www.theconservative.online\/sv#\/schema\/person\/7a10b03a9f7406e09ce879035f4d80c1","name":"Dragos Moldoveanu","image":{"@type":"ImageObject","inLanguage":"sv-SE","@id":"https:\/\/secure.gravatar.com\/avatar\/1975d1359c2a3183ef646321e1f6bcc60bbd4fe3f1c556f50988447a540d242c?s=96&d=mm&r=g","url":"https:\/\/secure.gravatar.com\/avatar\/1975d1359c2a3183ef646321e1f6bcc60bbd4fe3f1c556f50988447a540d242c?s=96&d=mm&r=g","contentUrl":"https:\/\/secure.gravatar.com\/avatar\/1975d1359c2a3183ef646321e1f6bcc60bbd4fe3f1c556f50988447a540d242c?s=96&d=mm&r=g","caption":"Dragos Moldoveanu"},"url":"https:\/\/www.theconservative.online\/sv\/author\/moldoveanu-euspec-2025-26"}]}},"acf":[],"_links":{"self":[{"href":"https:\/\/www.theconservative.online\/sv\/wp-json\/wp\/v2\/posts\/62928","targetHints":{"allow":["GET"]}}],"collection":[{"href":"https:\/\/www.theconservative.online\/sv\/wp-json\/wp\/v2\/posts"}],"about":[{"href":"https:\/\/www.theconservative.online\/sv\/wp-json\/wp\/v2\/types\/post"}],"author":[{"embeddable":true,"href":"https:\/\/www.theconservative.online\/sv\/wp-json\/wp\/v2\/users\/78"}],"replies":[{"embeddable":true,"href":"https:\/\/www.theconservative.online\/sv\/wp-json\/wp\/v2\/comments?post=62928"}],"version-history":[{"count":0,"href":"https:\/\/www.theconservative.online\/sv\/wp-json\/wp\/v2\/posts\/62928\/revisions"}],"wp:featuredmedia":[{"embeddable":true,"href":"https:\/\/www.theconservative.online\/sv\/wp-json\/wp\/v2\/media\/62865"}],"wp:attachment":[{"href":"https:\/\/www.theconservative.online\/sv\/wp-json\/wp\/v2\/media?parent=62928"}],"wp:term":[{"taxonomy":"category","embeddable":true,"href":"https:\/\/www.theconservative.online\/sv\/wp-json\/wp\/v2\/categories?post=62928"},{"taxonomy":"post_tag","embeddable":true,"href":"https:\/\/www.theconservative.online\/sv\/wp-json\/wp\/v2\/tags?post=62928"},{"taxonomy":"editorial-positions","embeddable":true,"href":"https:\/\/www.theconservative.online\/sv\/wp-json\/wp\/v2\/editorial-positions?post=62928"},{"taxonomy":"regions","embeddable":true,"href":"https:\/\/www.theconservative.online\/sv\/wp-json\/wp\/v2\/regions?post=62928"},{"taxonomy":"types","embeddable":true,"href":"https:\/\/www.theconservative.online\/sv\/wp-json\/wp\/v2\/types?post=62928"}],"curies":[{"name":"wp","href":"https:\/\/api.w.org\/{rel}","templated":true}]}}