{"id":62936,"date":"2026-08-31T13:57:40","date_gmt":"2026-08-31T13:57:40","guid":{"rendered":"https:\/\/www.theconservative.online\/en-enad-hoger-maste-lyfta-fram-interna-meningsskiljaktigheter"},"modified":"2026-08-31T13:57:40","modified_gmt":"2026-08-31T13:57:40","slug":"en-enad-hoger-maste-lyfta-fram-interna-meningsskiljaktigheter","status":"publish","type":"post","link":"https:\/\/www.theconservative.online\/sv\/en-enad-hoger-maste-lyfta-fram-interna-meningsskiljaktigheter","title":{"rendered":"En enad h\u00f6ger m\u00e5ste lyfta fram interna meningsskiljaktigheter"},"content":{"rendered":"<p>Den 13 september \u00e4r det val i Sverige. Den sittande h\u00f6gerregeringen ligger efter i opinionsm\u00e4tningarna, och med tv\u00e5 veckor kvar till valet tyder det mesta p\u00e5 en seger f\u00f6r v\u00e4nstern, \u00e4ven om h\u00f6gern <a href=\"https:\/\/www.sverigesradio.se\/artikel\/swedish-election-race-tightens-as-government-side-gains-ground-on-the-opposition\">p\u00e5 senare tid har b\u00f6rjat vinna mark<\/a>.<\/p>\n<p>En av utmaningarna f\u00f6r h\u00f6gern \u00e4r att m\u00e5nga v\u00e4ljare fortfarande \u00e4r tveksamma till Sverigedemokraterna, ett parti som pr\u00e4glas av h\u00f6gernationalism och socialkonservatism. Under den nuvarande mandatperioden har tre traditionella h\u00f6gerpartier bildat regering, med Sverigedemokraterna som st\u00f6dparti. Denna konstellation byggde p\u00e5 ett gemensamt avtal som ingicks i b\u00f6rjan av mandatperioden och som tydligt beskrev de politiska \u00e5tg\u00e4rder som regeringen skulle genomf\u00f6ra under den fyra\u00e5riga perioden.<\/p><div class='related_content'><span>RELATED<\/span><ul><li><a href='https:\/\/www.theconservative.online\/sv\/island-rostar-om-att-ateruppta-sin-vag-mot-europeiska-unionen'>Island r\u00f6star om att \u00e5teruppta sin v\u00e4g mot Europeiska unionen<\/li><\/a><li><a href='https:\/\/www.theconservative.online\/sv\/kommer-feminiseringen-av-samhallet-att-bli-en-politisk-fraga'>Kommer \u201dfeminiseringen\u201d av samh\u00e4llet att bli en politisk fr\u00e5ga?<\/li><\/a><li><a href='https:\/\/www.theconservative.online\/sv\/kan-hogern-forlora-i-sverige-for-att-den-har-lost-landets-problem'>Kan h\u00f6gern f\u00f6rlora i Sverige f\u00f6r att den har l\u00f6st landets problem?<\/li><\/a><\/ul><\/div>\n<p>Inf\u00f6r n\u00e4sta mandatperiod har dock Sverigedemokraterna <a href=\"https:\/\/www.theguardian.com\/world\/2026\/apr\/01\/swedish-pm-offers-deal-that-could-see-far-right-allowed-into-government\">sj\u00e4lva kr\u00e4vt en plats i regeringen<\/a>. Partiledaren Jimmie \u00c5kesson har upprepade g\u00e5nger framh\u00e5llit att om de h\u00f6gerorienterade partierna vinner, vore det orimligt att tre partier forts\u00e4tter att regera medan ett fj\u00e4rde \u00e5terigen st\u00e5r vid sidan om. Detta har varit Jimmie \u00c5kessons st\u00e5ndpunkt sedan mandatperiodens b\u00f6rjan: det blir inga ytterligare fyra \u00e5r med h\u00f6gerregering utan att Sverigedemokraterna ocks\u00e5 sitter i regeringen.<\/p>\n<p>Ingen ifr\u00e5gas\u00e4tter giltigheten i Sverigedemokraternas krav. De har varit det st\u00f6rsta partiet p\u00e5 h\u00f6gerkanten under de fyra \u00e5r som tre andra h\u00f6gerpartier har suttit i regeringen. Partiet har ut\u00f6vat ett betydande inflytande p\u00e5 den politik som f\u00f6rts, s\u00e4rskilt n\u00e4r det g\u00e4ller migration, brottslighet och energi. Det hade varit m\u00e4rkligt om partiet f\u00e5tt ett f\u00f6rnyat mandat fr\u00e5n v\u00e4ljarna att p\u00e5verka den svenska politiken, f\u00f6r att sedan \u00e5terigen acceptera att st\u00e5 utanf\u00f6r regeringen.<\/p>\n<p>Men allt i livet har sitt pris. Och f\u00f6r Sverigedemokraterna har priset f\u00f6r att bli accepterade som ett regeringsdugligt parti varit att de andra h\u00f6gerpartierna har f\u00f6rlorat v\u00e4ljare. En del av deras v\u00e4ljare \u00e4r faktiskt skeptiska till en h\u00f6gerregering d\u00e4r Sverigedemokraterna ing\u00e5r. F\u00f6ljaktligen har ett intressant fenomen uppst\u00e5tt inom det tidigare s\u00e5 sammanh\u00e5llna h\u00f6gerblocket i svensk politik.<\/p>\n<p>Just nu, tv\u00e5 veckor f\u00f6re valet, r\u00e5der en \u00f6ppen och fullt utblossad konflikt mellan de fyra h\u00f6gerpartierna. Tidigare var de angel\u00e4gna om att framh\u00e4va sin enighet. De har h\u00e4vdat att de fyra ing\u00e5ende partiernas f\u00f6rm\u00e5ga att samarbeta \u00e4r en styrka f\u00f6r h\u00f6gern \u2013 att de \u00e4r \u00f6verens om att regera tillsammans, och att denna enighet st\u00e5r i kontrast till splittringen inom v\u00e4nstern, d\u00e4r de fyra ganska olika partierna som utg\u00f6r den sidan av svensk politik \u00e4r l\u00e5ngt ifr\u00e5n \u00f6verens om vilket av dem som ska inneha regeringsposter eller ens ing\u00e5 i en regeringskoalition.<\/p>\n<p>Anledningen till att de h\u00f6gerorienterade partierna just nu br\u00e5kar \u00e4r troligen att de har insett att de m\u00e5ste visa att de inte utg\u00f6r ett enda, enhetligt parti. Trots allt skulle Sverigedemokraterna, \u00e4ven om de skulle g\u00e5 med i en eventuell ny h\u00f6gerregering, bara vara ett av fyra partier (eller m\u00f6jligen tre, om det lilla Liberala partiet inte lyckas beh\u00e5lla sina mandat i riksdagen). Och det \u00e4r just detta som partierna i h\u00f6gerblocket beh\u00f6ver f\u00f6rmedla till de os\u00e4kra v\u00e4ljarna.<\/p>\n<p>Den svenska allm\u00e4nheten kan komma att f\u00e5 en h\u00f6gerregering som inte n\u00f6dv\u00e4ndigtvis domineras av Sverigedemokraterna. Man kan f\u00e5 en regering d\u00e4r de traditionella h\u00f6gerpartierna st\u00e5r p\u00e5 sig och motverkar Sverigedemokraternas br\u00e5dska i fr\u00e5gor som invandring och brottsbek\u00e4mpning. Med andra ord skulle en ny h\u00f6gerregering inte enbart vara en \u201dSD-regering\u201d (d\u00e4r SD \u00e4r den vanliga f\u00f6rkortningen f\u00f6r Sverigedemokraterna).<\/p>\n<p>Med tv\u00e5 veckor kvar till valet befinner sig d\u00e4rf\u00f6r Sverigedemokraterna i den n\u00e5got m\u00e4rkliga situationen att de f\u00f6rs\u00f6ker provocera fram offentliga gr\u00e4l med sina koalitionspartner. Dessa konflikter p\u00e5minner os\u00e4kra h\u00f6gerv\u00e4ljare om att det finns alternativ till Sverigedemokraterna inom det h\u00f6gerpolitiska l\u00e4gret \u2013 v\u00e4ljare som \u00e4r avg\u00f6rande f\u00f6r att h\u00f6gern ska kunna s\u00e4kra en seger.<\/p>\n<p>Samtidigt m\u00e5ste Sverigedemokraterna ta avst\u00e5nd fr\u00e5n de traditionella h\u00f6gerpartierna f\u00f6r att visa sina mest h\u00e5rdf\u00f6ra anh\u00e4ngare att de fortfarande \u00e4r fast beslutna att bek\u00e4mpa invandring och invandringsrelaterad brottslighet.<\/p>\n<p>Tv\u00e5 veckor f\u00f6re valet h\u00e5ller allts\u00e5 det h\u00f6gerorienterade blocket samman samtidigt som det r\u00e5der interna stridigheter; detta \u00e4r den b\u00e4sta strategin de har hittat f\u00f6r att varje parti ska kunna mobilisera sina egna potentiella v\u00e4ljare.<\/p>\n<p>Demokrati \u00e4r fascinerande.<\/p>\n<\/p>","protected":false},"excerpt":{"rendered":"<p>Den 13 september \u00e4r det val i Sverige. Den sittande h\u00f6gerregeringen ligger efter i opinionsm\u00e4tningarna, och med tv\u00e5 veckor kvar till valet tyder det mesta p\u00e5 en seger f\u00f6r v\u00e4nstern, \u00e4ven om h\u00f6gern p\u00e5 senare tid har b\u00f6rjat vinna mark. En av utmaningarna f\u00f6r h\u00f6gern \u00e4r att m\u00e5nga v\u00e4ljare fortfarande \u00e4r tveksamma till Sverigedemokraterna, ett [&hellip;]<\/p>\n","protected":false},"author":85,"featured_media":62887,"comment_status":"closed","ping_status":"closed","sticky":false,"template":"","format":"standard","meta":{"footnotes":""},"categories":[1465,164],"tags":[3197,3485,2506,3133,554],"editorial-positions":[],"regions":[341],"types":[416,442],"class_list":["post-62936","post","type-post","status-publish","format-standard","has-post-thumbnail","hentry","category-att-bygga-ett-konservativt-europa","category-politik","tag-elections26","tag-rightwinggovernment","tag-swedendemocrats","tag-swedishelections","tag-sweden","regions-northern-europe-sv","types-news-sv","types-surveys-sv"],"yoast_head":"<!-- This site is optimized with the Yoast SEO plugin v28.0 - https:\/\/yoast.com\/product\/yoast-seo-wordpress\/ -->\n<title>En enad h\u00f6ger m\u00e5ste lyfta fram interna meningsskiljaktigheter - The Conservative<\/title>\n<meta name=\"robots\" content=\"index, follow, max-snippet:-1, max-image-preview:large, max-video-preview:-1\" \/>\n<link rel=\"canonical\" href=\"https:\/\/www.theconservative.online\/sv\/en-enad-hoger-maste-lyfta-fram-interna-meningsskiljaktigheter\" \/>\n<meta property=\"og:locale\" content=\"sv_SE\" \/>\n<meta property=\"og:type\" content=\"article\" \/>\n<meta property=\"og:title\" content=\"En enad h\u00f6ger m\u00e5ste lyfta fram interna meningsskiljaktigheter - The Conservative\" \/>\n<meta property=\"og:description\" content=\"Den 13 september \u00e4r det val i Sverige. Den sittande h\u00f6gerregeringen ligger efter i opinionsm\u00e4tningarna, och med tv\u00e5 veckor kvar till valet tyder det mesta p\u00e5 en seger f\u00f6r v\u00e4nstern, \u00e4ven om h\u00f6gern p\u00e5 senare tid har b\u00f6rjat vinna mark. En av utmaningarna f\u00f6r h\u00f6gern \u00e4r att m\u00e5nga v\u00e4ljare fortfarande \u00e4r tveksamma till Sverigedemokraterna, ett [&hellip;]\" \/>\n<meta property=\"og:url\" content=\"https:\/\/www.theconservative.online\/sv\/en-enad-hoger-maste-lyfta-fram-interna-meningsskiljaktigheter\" \/>\n<meta property=\"og:site_name\" content=\"The Conservative\" \/>\n<meta property=\"article:published_time\" content=\"2026-08-31T13:57:40+00:00\" \/>\n<meta property=\"og:image\" content=\"https:\/\/www.theconservative.online\/wp-content\/uploads\/2026\/08\/Sverigebild.jpg\" \/>\n\t<meta property=\"og:image:width\" content=\"1000\" \/>\n\t<meta property=\"og:image:height\" content=\"667\" \/>\n\t<meta property=\"og:image:type\" content=\"image\/jpeg\" \/>\n<meta name=\"author\" content=\"Richard S\u00f6rman\" \/>\n<meta name=\"twitter:card\" content=\"summary_large_image\" \/>\n<meta name=\"twitter:label1\" content=\"Skriven av\" \/>\n\t<meta name=\"twitter:data1\" content=\"Richard S\u00f6rman\" \/>\n\t<meta name=\"twitter:label2\" content=\"Ber\u00e4knad l\u00e4stid\" \/>\n\t<meta name=\"twitter:data2\" content=\"4 minuter\" \/>\n<script type=\"application\/ld+json\" class=\"yoast-schema-graph\">{\"@context\":\"https:\\\/\\\/schema.org\",\"@graph\":[{\"@type\":\"Article\",\"@id\":\"https:\\\/\\\/www.theconservative.online\\\/sv\\\/en-enad-hoger-maste-lyfta-fram-interna-meningsskiljaktigheter#article\",\"isPartOf\":{\"@id\":\"https:\\\/\\\/www.theconservative.online\\\/sv\\\/en-enad-hoger-maste-lyfta-fram-interna-meningsskiljaktigheter\"},\"author\":{\"name\":\"Richard S\u00f6rman\",\"@id\":\"https:\\\/\\\/www.theconservative.online\\\/sv#\\\/schema\\\/person\\\/769a6928b1a6145a095dde8677e8dc31\"},\"headline\":\"En enad h\u00f6ger m\u00e5ste lyfta fram interna meningsskiljaktigheter\",\"datePublished\":\"2026-08-31T13:57:40+00:00\",\"mainEntityOfPage\":{\"@id\":\"https:\\\/\\\/www.theconservative.online\\\/sv\\\/en-enad-hoger-maste-lyfta-fram-interna-meningsskiljaktigheter\"},\"wordCount\":792,\"image\":{\"@id\":\"https:\\\/\\\/www.theconservative.online\\\/sv\\\/en-enad-hoger-maste-lyfta-fram-interna-meningsskiljaktigheter#primaryimage\"},\"thumbnailUrl\":\"https:\\\/\\\/www.theconservative.online\\\/wp-content\\\/uploads\\\/2026\\\/08\\\/Sverigebild.jpg\",\"keywords\":[\"#elections26\",\"#rightwinggovernment\",\"#swedendemocrats\",\"#swedishelections\",\"Sweden\"],\"articleSection\":[\"Att bygga ett konservativt Europa\",\"Politik\"],\"inLanguage\":\"sv-SE\"},{\"@type\":\"WebPage\",\"@id\":\"https:\\\/\\\/www.theconservative.online\\\/sv\\\/en-enad-hoger-maste-lyfta-fram-interna-meningsskiljaktigheter\",\"url\":\"https:\\\/\\\/www.theconservative.online\\\/sv\\\/en-enad-hoger-maste-lyfta-fram-interna-meningsskiljaktigheter\",\"name\":\"En enad h\u00f6ger m\u00e5ste lyfta fram interna meningsskiljaktigheter - The Conservative\",\"isPartOf\":{\"@id\":\"https:\\\/\\\/www.theconservative.online\\\/sv#website\"},\"primaryImageOfPage\":{\"@id\":\"https:\\\/\\\/www.theconservative.online\\\/sv\\\/en-enad-hoger-maste-lyfta-fram-interna-meningsskiljaktigheter#primaryimage\"},\"image\":{\"@id\":\"https:\\\/\\\/www.theconservative.online\\\/sv\\\/en-enad-hoger-maste-lyfta-fram-interna-meningsskiljaktigheter#primaryimage\"},\"thumbnailUrl\":\"https:\\\/\\\/www.theconservative.online\\\/wp-content\\\/uploads\\\/2026\\\/08\\\/Sverigebild.jpg\",\"datePublished\":\"2026-08-31T13:57:40+00:00\",\"author\":{\"@id\":\"https:\\\/\\\/www.theconservative.online\\\/sv#\\\/schema\\\/person\\\/769a6928b1a6145a095dde8677e8dc31\"},\"breadcrumb\":{\"@id\":\"https:\\\/\\\/www.theconservative.online\\\/sv\\\/en-enad-hoger-maste-lyfta-fram-interna-meningsskiljaktigheter#breadcrumb\"},\"inLanguage\":\"sv-SE\",\"potentialAction\":[{\"@type\":\"ReadAction\",\"target\":[\"https:\\\/\\\/www.theconservative.online\\\/sv\\\/en-enad-hoger-maste-lyfta-fram-interna-meningsskiljaktigheter\"]}]},{\"@type\":\"ImageObject\",\"inLanguage\":\"sv-SE\",\"@id\":\"https:\\\/\\\/www.theconservative.online\\\/sv\\\/en-enad-hoger-maste-lyfta-fram-interna-meningsskiljaktigheter#primaryimage\",\"url\":\"https:\\\/\\\/www.theconservative.online\\\/wp-content\\\/uploads\\\/2026\\\/08\\\/Sverigebild.jpg\",\"contentUrl\":\"https:\\\/\\\/www.theconservative.online\\\/wp-content\\\/uploads\\\/2026\\\/08\\\/Sverigebild.jpg\",\"width\":1000,\"height\":667},{\"@type\":\"BreadcrumbList\",\"@id\":\"https:\\\/\\\/www.theconservative.online\\\/sv\\\/en-enad-hoger-maste-lyfta-fram-interna-meningsskiljaktigheter#breadcrumb\",\"itemListElement\":[{\"@type\":\"ListItem\",\"position\":1,\"name\":\"Home\",\"item\":\"https:\\\/\\\/www.theconservative.online\\\/sv\"},{\"@type\":\"ListItem\",\"position\":2,\"name\":\"En enad h\u00f6ger m\u00e5ste lyfta fram interna meningsskiljaktigheter\"}]},{\"@type\":\"WebSite\",\"@id\":\"https:\\\/\\\/www.theconservative.online\\\/sv#website\",\"url\":\"https:\\\/\\\/www.theconservative.online\\\/sv\",\"name\":\"The Conservative\",\"description\":\"\",\"potentialAction\":[{\"@type\":\"SearchAction\",\"target\":{\"@type\":\"EntryPoint\",\"urlTemplate\":\"https:\\\/\\\/www.theconservative.online\\\/sv?s={search_term_string}\"},\"query-input\":{\"@type\":\"PropertyValueSpecification\",\"valueRequired\":true,\"valueName\":\"search_term_string\"}}],\"inLanguage\":\"sv-SE\"},{\"@type\":\"Person\",\"@id\":\"https:\\\/\\\/www.theconservative.online\\\/sv#\\\/schema\\\/person\\\/769a6928b1a6145a095dde8677e8dc31\",\"name\":\"Richard S\u00f6rman\",\"image\":{\"@type\":\"ImageObject\",\"inLanguage\":\"sv-SE\",\"@id\":\"https:\\\/\\\/secure.gravatar.com\\\/avatar\\\/31160c632b280151f52ca490d363172fd554ee64571053ac4dfe486bab7399f5?s=96&d=mm&r=g\",\"url\":\"https:\\\/\\\/secure.gravatar.com\\\/avatar\\\/31160c632b280151f52ca490d363172fd554ee64571053ac4dfe486bab7399f5?s=96&d=mm&r=g\",\"contentUrl\":\"https:\\\/\\\/secure.gravatar.com\\\/avatar\\\/31160c632b280151f52ca490d363172fd554ee64571053ac4dfe486bab7399f5?s=96&d=mm&r=g\",\"caption\":\"Richard S\u00f6rman\"},\"url\":\"https:\\\/\\\/www.theconservative.online\\\/sv\\\/author\\\/riks-euspec-2025-2026\"}]}<\/script>\n<!-- \/ Yoast SEO plugin. -->","yoast_head_json":{"title":"En enad h\u00f6ger m\u00e5ste lyfta fram interna meningsskiljaktigheter - The Conservative","robots":{"index":"index","follow":"follow","max-snippet":"max-snippet:-1","max-image-preview":"max-image-preview:large","max-video-preview":"max-video-preview:-1"},"canonical":"https:\/\/www.theconservative.online\/sv\/en-enad-hoger-maste-lyfta-fram-interna-meningsskiljaktigheter","og_locale":"sv_SE","og_type":"article","og_title":"En enad h\u00f6ger m\u00e5ste lyfta fram interna meningsskiljaktigheter - The Conservative","og_description":"Den 13 september \u00e4r det val i Sverige. Den sittande h\u00f6gerregeringen ligger efter i opinionsm\u00e4tningarna, och med tv\u00e5 veckor kvar till valet tyder det mesta p\u00e5 en seger f\u00f6r v\u00e4nstern, \u00e4ven om h\u00f6gern p\u00e5 senare tid har b\u00f6rjat vinna mark. En av utmaningarna f\u00f6r h\u00f6gern \u00e4r att m\u00e5nga v\u00e4ljare fortfarande \u00e4r tveksamma till Sverigedemokraterna, ett [&hellip;]","og_url":"https:\/\/www.theconservative.online\/sv\/en-enad-hoger-maste-lyfta-fram-interna-meningsskiljaktigheter","og_site_name":"The Conservative","article_published_time":"2026-08-31T13:57:40+00:00","og_image":[{"width":1000,"height":667,"url":"https:\/\/www.theconservative.online\/wp-content\/uploads\/2026\/08\/Sverigebild.jpg","type":"image\/jpeg"}],"author":"Richard S\u00f6rman","twitter_card":"summary_large_image","twitter_misc":{"Skriven av":"Richard S\u00f6rman","Ber\u00e4knad l\u00e4stid":"4 minuter"},"schema":{"@context":"https:\/\/schema.org","@graph":[{"@type":"Article","@id":"https:\/\/www.theconservative.online\/sv\/en-enad-hoger-maste-lyfta-fram-interna-meningsskiljaktigheter#article","isPartOf":{"@id":"https:\/\/www.theconservative.online\/sv\/en-enad-hoger-maste-lyfta-fram-interna-meningsskiljaktigheter"},"author":{"name":"Richard S\u00f6rman","@id":"https:\/\/www.theconservative.online\/sv#\/schema\/person\/769a6928b1a6145a095dde8677e8dc31"},"headline":"En enad h\u00f6ger m\u00e5ste lyfta fram interna meningsskiljaktigheter","datePublished":"2026-08-31T13:57:40+00:00","mainEntityOfPage":{"@id":"https:\/\/www.theconservative.online\/sv\/en-enad-hoger-maste-lyfta-fram-interna-meningsskiljaktigheter"},"wordCount":792,"image":{"@id":"https:\/\/www.theconservative.online\/sv\/en-enad-hoger-maste-lyfta-fram-interna-meningsskiljaktigheter#primaryimage"},"thumbnailUrl":"https:\/\/www.theconservative.online\/wp-content\/uploads\/2026\/08\/Sverigebild.jpg","keywords":["#elections26","#rightwinggovernment","#swedendemocrats","#swedishelections","Sweden"],"articleSection":["Att bygga ett konservativt Europa","Politik"],"inLanguage":"sv-SE"},{"@type":"WebPage","@id":"https:\/\/www.theconservative.online\/sv\/en-enad-hoger-maste-lyfta-fram-interna-meningsskiljaktigheter","url":"https:\/\/www.theconservative.online\/sv\/en-enad-hoger-maste-lyfta-fram-interna-meningsskiljaktigheter","name":"En enad h\u00f6ger m\u00e5ste lyfta fram interna meningsskiljaktigheter - The Conservative","isPartOf":{"@id":"https:\/\/www.theconservative.online\/sv#website"},"primaryImageOfPage":{"@id":"https:\/\/www.theconservative.online\/sv\/en-enad-hoger-maste-lyfta-fram-interna-meningsskiljaktigheter#primaryimage"},"image":{"@id":"https:\/\/www.theconservative.online\/sv\/en-enad-hoger-maste-lyfta-fram-interna-meningsskiljaktigheter#primaryimage"},"thumbnailUrl":"https:\/\/www.theconservative.online\/wp-content\/uploads\/2026\/08\/Sverigebild.jpg","datePublished":"2026-08-31T13:57:40+00:00","author":{"@id":"https:\/\/www.theconservative.online\/sv#\/schema\/person\/769a6928b1a6145a095dde8677e8dc31"},"breadcrumb":{"@id":"https:\/\/www.theconservative.online\/sv\/en-enad-hoger-maste-lyfta-fram-interna-meningsskiljaktigheter#breadcrumb"},"inLanguage":"sv-SE","potentialAction":[{"@type":"ReadAction","target":["https:\/\/www.theconservative.online\/sv\/en-enad-hoger-maste-lyfta-fram-interna-meningsskiljaktigheter"]}]},{"@type":"ImageObject","inLanguage":"sv-SE","@id":"https:\/\/www.theconservative.online\/sv\/en-enad-hoger-maste-lyfta-fram-interna-meningsskiljaktigheter#primaryimage","url":"https:\/\/www.theconservative.online\/wp-content\/uploads\/2026\/08\/Sverigebild.jpg","contentUrl":"https:\/\/www.theconservative.online\/wp-content\/uploads\/2026\/08\/Sverigebild.jpg","width":1000,"height":667},{"@type":"BreadcrumbList","@id":"https:\/\/www.theconservative.online\/sv\/en-enad-hoger-maste-lyfta-fram-interna-meningsskiljaktigheter#breadcrumb","itemListElement":[{"@type":"ListItem","position":1,"name":"Home","item":"https:\/\/www.theconservative.online\/sv"},{"@type":"ListItem","position":2,"name":"En enad h\u00f6ger m\u00e5ste lyfta fram interna meningsskiljaktigheter"}]},{"@type":"WebSite","@id":"https:\/\/www.theconservative.online\/sv#website","url":"https:\/\/www.theconservative.online\/sv","name":"The Conservative","description":"","potentialAction":[{"@type":"SearchAction","target":{"@type":"EntryPoint","urlTemplate":"https:\/\/www.theconservative.online\/sv?s={search_term_string}"},"query-input":{"@type":"PropertyValueSpecification","valueRequired":true,"valueName":"search_term_string"}}],"inLanguage":"sv-SE"},{"@type":"Person","@id":"https:\/\/www.theconservative.online\/sv#\/schema\/person\/769a6928b1a6145a095dde8677e8dc31","name":"Richard S\u00f6rman","image":{"@type":"ImageObject","inLanguage":"sv-SE","@id":"https:\/\/secure.gravatar.com\/avatar\/31160c632b280151f52ca490d363172fd554ee64571053ac4dfe486bab7399f5?s=96&d=mm&r=g","url":"https:\/\/secure.gravatar.com\/avatar\/31160c632b280151f52ca490d363172fd554ee64571053ac4dfe486bab7399f5?s=96&d=mm&r=g","contentUrl":"https:\/\/secure.gravatar.com\/avatar\/31160c632b280151f52ca490d363172fd554ee64571053ac4dfe486bab7399f5?s=96&d=mm&r=g","caption":"Richard S\u00f6rman"},"url":"https:\/\/www.theconservative.online\/sv\/author\/riks-euspec-2025-2026"}]}},"acf":[],"_links":{"self":[{"href":"https:\/\/www.theconservative.online\/sv\/wp-json\/wp\/v2\/posts\/62936","targetHints":{"allow":["GET"]}}],"collection":[{"href":"https:\/\/www.theconservative.online\/sv\/wp-json\/wp\/v2\/posts"}],"about":[{"href":"https:\/\/www.theconservative.online\/sv\/wp-json\/wp\/v2\/types\/post"}],"author":[{"embeddable":true,"href":"https:\/\/www.theconservative.online\/sv\/wp-json\/wp\/v2\/users\/85"}],"replies":[{"embeddable":true,"href":"https:\/\/www.theconservative.online\/sv\/wp-json\/wp\/v2\/comments?post=62936"}],"version-history":[{"count":0,"href":"https:\/\/www.theconservative.online\/sv\/wp-json\/wp\/v2\/posts\/62936\/revisions"}],"wp:featuredmedia":[{"embeddable":true,"href":"https:\/\/www.theconservative.online\/sv\/wp-json\/wp\/v2\/media\/62887"}],"wp:attachment":[{"href":"https:\/\/www.theconservative.online\/sv\/wp-json\/wp\/v2\/media?parent=62936"}],"wp:term":[{"taxonomy":"category","embeddable":true,"href":"https:\/\/www.theconservative.online\/sv\/wp-json\/wp\/v2\/categories?post=62936"},{"taxonomy":"post_tag","embeddable":true,"href":"https:\/\/www.theconservative.online\/sv\/wp-json\/wp\/v2\/tags?post=62936"},{"taxonomy":"editorial-positions","embeddable":true,"href":"https:\/\/www.theconservative.online\/sv\/wp-json\/wp\/v2\/editorial-positions?post=62936"},{"taxonomy":"regions","embeddable":true,"href":"https:\/\/www.theconservative.online\/sv\/wp-json\/wp\/v2\/regions?post=62936"},{"taxonomy":"types","embeddable":true,"href":"https:\/\/www.theconservative.online\/sv\/wp-json\/wp\/v2\/types?post=62936"}],"curies":[{"name":"wp","href":"https:\/\/api.w.org\/{rel}","templated":true}]}}