{"id":62974,"date":"2026-08-31T13:57:52","date_gmt":"2026-08-31T13:57:52","guid":{"rendered":"https:\/\/www.theconservative.online\/islands-nej-och-nationernas-europa"},"modified":"2026-08-31T13:57:52","modified_gmt":"2026-08-31T13:57:52","slug":"islands-nej-och-nationernas-europa","status":"publish","type":"post","link":"https:\/\/www.theconservative.online\/sv\/islands-nej-och-nationernas-europa","title":{"rendered":"Islands \u201dnej\u201d och Nationernas Europa"},"content":{"rendered":"<p><em>Genom att avvisa ett \u00e5terupptagande av anslutningsf\u00f6rhandlingarna med EU f\u00f6rsvarade isl\u00e4nningarna kontrollen \u00f6ver sina resurser och gav sitt st\u00f6d till en form av europeiskt samarbete som inneb\u00e4r att den demokratiska makten f\u00f6rblir n\u00e4rmare hemlandet.<\/em><\/p>\n<p>Bryssel hade till\u00e5tit sig att hoppas att Island skulle kunna bli EU:s smidigaste utvidgningsframg\u00e5ng. Landet \u00e4r v\u00e4lm\u00e5ende, demokratiskt och redan integrerat i stora delar av Europas ekonomiska och r\u00e4ttsliga system. \u00c4nd\u00e5 v\u00e4grade isl\u00e4nningarna den 29 augusti till och med att \u00e5teruppta de anslutningsf\u00f6rhandlingar som avbr\u00f6ts f\u00f6r mer \u00e4n ett decennium sedan. <a href=\"https:\/\/www.internazionale.it\/ultime-notizie-reuters\/2026\/08\/30\/iceland-votes-on-whether-to-start-eu-membership-talks\">Det slutliga resultatet<\/a> blev 52,8 procent nej-r\u00f6ster och 47,2 procent ja-r\u00f6ster, vid en valdeltagande p\u00e5 82,5 procent. Det ovanligt h\u00f6ga valdeltagandet ger beslutet en demokratisk tyngd som den knappa marginalen inte minskar.<\/p><div class='related_content'><span>RELATED<\/span><ul><li><a href='https:\/\/www.theconservative.online\/sv\/nagra-reflektioner-efter-utvidgningskommissionarens-tal-i-zagreb'>N\u00e5gra reflektioner efter utvidgningskommission\u00e4rens tal i Zagreb<\/li><\/a><li><a href='https:\/\/www.theconservative.online\/sv\/varfor-island-avvisade-ett-eu-medlemskap'>Varf\u00f6r Island avvisade ett EU-medlemskap<\/li><\/a><li><a href='https:\/\/www.theconservative.online\/sv\/europas-industriella-omstallning-satter-kina-energi-och-investeringar-i-fokus'>Europas industriella omst\u00e4llning s\u00e4tter Kina, energi och investeringar i fokus<\/li><\/a><\/ul><\/div>\n<p>Ordvalet \u00e4r viktigt. Island r\u00f6stade inte om ett f\u00e4rdigf\u00f6rhandlat medlemskapsavtal, och man r\u00f6stade inte heller f\u00f6r att bryta banden med kontinenten. Den r\u00e5dgivande fr\u00e5gan g\u00e4llde om regeringen skulle \u00e5teruppta anslutningsf\u00f6rhandlingarna. Ett ja skulle endast ha inneburit att f\u00f6rhandlingar inleddes, med l\u00f6fte om en ny folkomr\u00f6stning innan medlemskapet kunde tr\u00e4da i kraft. V\u00e4ljarna avvisade till och med detta prelimin\u00e4ra mandat. Detta var inte en r\u00f6st mot Europa; det var en v\u00e4gran att acceptera att ett n\u00e4rmare europeiskt samarbete f\u00f6rr eller senare m\u00e5ste leda till politiskt medlemskap i unionen.<\/p>\n<p>Den center-v\u00e4nstra regeringen hade f\u00f6rs\u00f6kt l\u00e4gga fram sina argument under ovanligt gynnsamma omst\u00e4ndigheter. Att de gamla handelsf\u00f6ruts\u00e4ttningarna inte l\u00e4ngre g\u00e4llde, sp\u00e4nningarna i Arktis och president Donald Trumps upprepade intresse f\u00f6r att f\u00f6rv\u00e4rva grannlandet Gr\u00f6nland framh\u00f6lls som sk\u00e4l f\u00f6r att s\u00f6ka skydd i ett st\u00f6rre politiskt block. Anh\u00e4ngarna h\u00e4vdade ocks\u00e5 att ett eventuellt intr\u00e4de i euroomr\u00e5det skulle kunna lindra Islands h\u00f6ga r\u00e4ntor och trycket p\u00e5 levnadskostnaderna. Under en tid tyder opinionsunders\u00f6kningarna p\u00e5 att ett f\u00f6rsiktigt ja till f\u00f6rhandlingar skulle kunna vinna. Ist\u00e4llet skiljde v\u00e4ljarna de verkliga problemen som deras land st\u00e5r inf\u00f6r fr\u00e5n den institutionella l\u00f6sning som regeringen f\u00f6reslog.<\/p>\n<p>R\u00f6stningskartan ger en del av bilden. Endast de tv\u00e5 centrala valkretsarna i Reykjav\u00edk st\u00f6dde f\u00f6rnyade f\u00f6rhandlingar; huvudstadens f\u00f6rorter och resten av landet r\u00f6stade nej. Denna klyfta b\u00f6r inte reduceras till den gamla storstadsvanan att betrakta landsbygdens f\u00f6rsiktighet som okunnighet. Utanf\u00f6r huvudstaden \u00e4r kostnaderna f\u00f6r att \u00f6verf\u00f6ra befogenheter \u00f6ver mark, livsmedelsproduktion och marina resurser mindre teoretiska. Samh\u00e4llen som \u00e4r uppbyggda kring dessa sektorer vet exakt vilka beslut som skulle bli f\u00f6rem\u00e5l f\u00f6r f\u00f6rhandlingar i Bryssel och vilka nationella skydds\u00e5tg\u00e4rder som skulle kunna bli tillf\u00e4lliga undantag.<\/p>\n<p>Fisket var avg\u00f6rande eftersom det varken \u00e4r ett museif\u00f6rem\u00e5l eller en valsymbol. Sektorn st\u00e5r f\u00f6r cirka 15 procent av Islands produktion n\u00e4r man r\u00e4knar in direkt och indirekt verksamhet, och ungef\u00e4r 40 procent av exportint\u00e4kterna. Kontroll \u00f6ver fiskevattnen er\u00f6vrades genom h\u00e5rda politiska konflikter under torskkrigen och \u00e4r fortfarande n\u00e4ra f\u00f6rknippad med landets syn p\u00e5 sj\u00e4lvst\u00e4ndighet. Europeiska unionens gemensamma fiskeripolitik kan kanske erbjuda f\u00f6rhandlingsbar flexibilitet, som dess f\u00f6rsvarare h\u00e4vdade. Isl\u00e4ndarna hade r\u00e4tt att fr\u00e5ga vad som skulle h\u00e4nda n\u00e4r denna flexibilitet st\u00f6tte p\u00e5 en framtida kvalificerad majoritet, en ny kommission eller konkurrerande anspr\u00e5k fr\u00e5n st\u00f6rre medlemsstater.<\/p>\n<p>Oppositionsledaren Gu\u00f0r\u00fan Hafsteinsd\u00f3ttir framf\u00f6rde det ekonomiska argumentet med v\u00e4lkommen rakt p\u00e5 sak under valkampanjen: Islands inhemska problem ska l\u00f6sas av isl\u00e4ndska politiker, inte vara uppgifter som l\u00e4ggs ut p\u00e5 Bryssel. Det var mer \u00e4n bara en slogan. Ett EU-medlemskap kan f\u00f6r\u00e4ndra de ramar inom vilka regeringar agerar, men det kan inte befria nationella ledare fr\u00e5n ansvaret f\u00f6r bostadsmarknaden, inflationen, produktiviteten eller de offentliga utgifterna. L\u00f6ftet om att euron skulle disciplinera den isl\u00e4ndska politiken var ocks\u00e5 ett erk\u00e4nnande av att landet skulle ge upp den v\u00e4xelkurs och de penningpolitiska verktyg som man tidigare anv\u00e4nt f\u00f6r att hantera ekonomiska chocker. V\u00e4ljarna erbj\u00f6ds en avv\u00e4gning, inte en kostnadsfri uppgradering.<\/p>\n<p>Island kunde g\u00f6ra detta val eftersom landet redan har en fungerande, om \u00e4n inte fullkomlig, europeisk \u00f6verenskommelse. Genom <a href=\"https:\/\/www.efta.int\/eea-relations-eu\/qa-about-eea-agreement\">Europeiska ekonomiska samarbetsomr\u00e5det (EES)<\/a>, som tr\u00e4dde i kraft 1994, deltar Island i den inre marknaden tillsammans med Norge och Liechtenstein. Varor, tj\u00e4nster, kapital och personer r\u00f6r sig enligt gemensamma regler. Island ing\u00e5r ocks\u00e5 i Schengenomr\u00e5det och \u00e4r fortfarande medlem i Europeiska frihandelssammanslutningen (EFTA). EES omfattar inte EU:s gemensamma jordbruks- och fiskeripolitik, tullunionen, den gemensamma handelspolitiken eller den ekonomiska och monet\u00e4ra unionen. Dessa undantag l\u00e4mnar utrymme f\u00f6r nationella val just d\u00e4r de isl\u00e4ndska v\u00e4ljarna anser att det \u00e4r mest v\u00e4rdefullt.<\/p>\n<p>Uppl\u00e4gget har en verklig svaghet. Island antar en stor del av lagstiftningen f\u00f6r den inre marknaden utan att ha n\u00e5gra platser eller r\u00f6str\u00e4tt i Europaparlamentet och Europeiska unionens r\u00e5d. EES-l\u00e4nderna kan vara med och p\u00e5verka f\u00f6rslagen i ett tidigt skede, men de deltar inte i unionens formella slutbeslut. De som f\u00f6respr\u00e5kade ett medlemskap hade r\u00e4tt i att lyfta fram detta demokratiska underskott. Svaret beror dock p\u00e5 vad ett land v\u00e4rdes\u00e4tter mest: en r\u00f6st i institutioner som ut\u00f6var vidare befogenheter, eller m\u00f6jligheten att helt och h\u00e5llet beh\u00e5lla vissa befogenheter utanf\u00f6r dessa institutioner. P\u00e5 l\u00f6rdagen f\u00f6redrog en majoritet den andra avv\u00e4gningen. Premi\u00e4rminister Kristr\u00fan Frostad\u00f3ttir tog till sig budskapet och sade att en viktig l\u00e4rdom var att folket \u00e4r n\u00f6jt med EES.<\/p>\n<p>Vissa federalister kommer att inv\u00e4nda att EES g\u00f6r det m\u00f6jligt f\u00f6r Island att \u00e5tnjuta marknadstilltr\u00e4de samtidigt som landet undviker de skyldigheter som ett medlemskap medf\u00f6r. Denna kritik har endast giltighet om varje f\u00f6rdel med det ekonomiska samarbetet m\u00e5ste betalas med politisk integration. Island bidrar till relevanta program, accepterar tillsyn fr\u00e5n EFTA-institutionerna och inf\u00f6rlivar en betydande del av den inre marknadens lagstiftning. Detta arrangemang \u00e4r inte kostnadsfritt, och det inneb\u00e4r inte n\u00e5gon suver\u00e4n isolering. Det \u00e4r en f\u00f6rhandlad ansvarsf\u00f6rdelning. Det faktum att unionen accepterar ett s\u00e5dant avtal visar att Europa redan har mer \u00e4n en konstitutionell struktur. I folkomr\u00f6stningen st\u00e4lldes fr\u00e5gan om isl\u00e4nningarna ville byta ut sin mot en annan. Det ville de inte.<\/p>\n<p>S\u00e4kerhetsaspekterna \u00e4ndrade inte p\u00e5 den bed\u00f6mningen. Island \u00e4r en av Natos grundande medlemmar, har ingen st\u00e5ende arm\u00e9 och \u00e4r starkt beroende av sitt f\u00f6rsvarssamarbete med F\u00f6renta staterna. Landets l\u00e4ge har blivit allt viktigare i takt med att Nordatlanten och Arktis \u00e5terigen hamnar i centrum f\u00f6r stormaktskonkurrensen. Dessa fakta kr\u00e4ver mer omfattande satsningar p\u00e5 nationell motst\u00e5ndskraft, hamnar, \u00f6vervakning och tillg\u00e5ng f\u00f6r allierade. De inneb\u00e4r inte att ett EU-medlemskap skulle utg\u00f6ra en ers\u00e4ttande s\u00e4kerhetsgaranti. Regeringen uppmanade v\u00e4ljarna att betrakta den geopolitiska oron som ett argument f\u00f6r anslutningsf\u00f6rhandlingar; v\u00e4ljarna v\u00e4grade att sl\u00e5 samman tv\u00e5 separata fr\u00e5gor till en.<\/p>\n<p>F\u00f6r Bryssel \u00e4r resultatet mer \u00e4n bara en f\u00f6rlorad PR-m\u00f6jlighet. Island skulle inte ha beh\u00f6vt genomg\u00e5 n\u00e5gon av de institutionella omstruktureringar som kr\u00e4vs av m\u00e5nga av de nuvarande kandidatl\u00e4nderna. Landets anslutning kunde ha framh\u00e5llits som ett bevis p\u00e5 att utvidgningen fortfarande lockar v\u00e4lm\u00e5ende, etablerade demokratier \u00e4ven efter brexit. Men utvidgningen kan inte r\u00e4ttf\u00e4rdigas enbart genom en kandidats administrativa beredskap. Den kr\u00e4ver ocks\u00e5 ett best\u00e5ende samtycke fr\u00e5n de m\u00e4nniskor som f\u00f6rv\u00e4ntas \u00f6verl\u00e5ta befogenheter. Om detta samtycke saknas \u00e4ven hos en n\u00e4ra partner \u00e4r den r\u00e4tta reaktionen inte att patologisera v\u00e4ljarna, utan att fr\u00e5ga sig varf\u00f6r unionens erbjudande inte \u00f6versteg v\u00e4rdet av status quo.<\/p>\n<p>EU:s f\u00f6rsta reaktion var l\u00e4mpligt \u00e5terh\u00e5llsam. Europeiska r\u00e5dets ordf\u00f6rande Ant\u00f3nio Costa f\u00f6rklarade f\u00f6r Frostad\u00f3ttir att unionen <a href=\"https:\/\/www.euronews.com\/my-europe\/2026\/08\/30\/a-close-partner-eu-offers-muted-reaction-after-iceland-rebuffs-accession-talks\">fullt ut respekterade det demokratiska valet<\/a>, medan en talesperson beskrev Island som en av sina n\u00e4rmaste och mest betrodda partner. Denna retorik b\u00f6r omvandlas till politik. En mogen europeisk ordning m\u00e5ste kunna uppr\u00e4tth\u00e5lla starka relationer med l\u00e4nder som v\u00e4ljer olika grader av integration. Partnerskap b\u00f6r inte behandlas som ett v\u00e4ntrum d\u00e4r varje framg\u00e5ngsrik europeisk demokrati f\u00f6rv\u00e4ntas ans\u00f6ka om fullt medlemskap s\u00e5 sm\u00e5ningom.<\/p>\n<p>Bakom det isl\u00e4ndska beslutet ligger en konservativ europeisk id\u00e9. <a href=\"https:\/\/ecrparty.eu\/about-us\/\">Reykjav\u00edkdeklarationen<\/a> talar om ett Europa best\u00e5ende av sj\u00e4lvst\u00e4ndiga nationer som samarbetar f\u00f6r \u00f6msesidig nytta samtidigt som de bevarar sin identitet och integritet. Den bekr\u00e4ftar ocks\u00e5 de europeiska demokratiernas j\u00e4mlikhet, oavsett vilka internationella sammanslutningar de ansluter sig till, och f\u00f6respr\u00e5kar att makten ut\u00f6vas p\u00e5 den l\u00e4gsta m\u00f6jliga niv\u00e5n. Dessa principer inneb\u00e4r inte att man m\u00e5ste vara fientligt inst\u00e4lld till EU. De inneb\u00e4r att unionen ska f\u00f6rbli ett samarbetsorgan, under f\u00f6ruts\u00e4ttning av demokratiskt samtycke, snarare \u00e4n det enda m\u00e5ttet p\u00e5 ett lands europeiska legitimitet.<\/p>\n<p>Islands nuvarande ordning kommer att forts\u00e4tta att vara f\u00f6rem\u00e5l f\u00f6r debatt, vilket \u00e4r helt r\u00e4tt. EES inneb\u00e4r b\u00e5de regler och \u00f6ppna marknader, och valutasaken kommer inte att f\u00f6rsvinna. En majoritet p\u00e5 52,8 procent b\u00f6r inte heller misstas f\u00f6r en permanent l\u00f6sning i ett splittrat land. Det har dock avgjort en fr\u00e5ga under denna regerings mandatperiod: samarbete med Europa medf\u00f6r inte n\u00e5gon skyldighet att ansluta sig till unionen. Bryssel skulle g\u00f6ra klokt i att acceptera den distinktionen. Ett Europa som \u00e4r tillr\u00e4ckligt sj\u00e4lvs\u00e4kert f\u00f6r att rymma flera former av tillh\u00f6righet kommer att vara starkare \u00e4n ett som ser anslutning som det enda respektabla m\u00e5let.<\/p>\n<\/p>","protected":false},"excerpt":{"rendered":"<p>Genom att avvisa ett \u00e5terupptagande av anslutningsf\u00f6rhandlingarna med EU f\u00f6rsvarade isl\u00e4nningarna kontrollen \u00f6ver sina resurser och gav sitt st\u00f6d till en form av europeiskt samarbete som inneb\u00e4r att den demokratiska makten f\u00f6rblir n\u00e4rmare hemlandet. Bryssel hade till\u00e5tit sig att hoppas att Island skulle kunna bli EU:s smidigaste utvidgningsframg\u00e5ng. Landet \u00e4r v\u00e4lm\u00e5ende, demokratiskt och redan integrerat [&hellip;]<\/p>\n","protected":false},"author":81,"featured_media":62843,"comment_status":"closed","ping_status":"closed","sticky":false,"template":"","format":"standard","meta":{"footnotes":""},"categories":[1465,262,164],"tags":[3388,599,3483,72,2706],"editorial-positions":[42],"regions":[341],"types":[453],"class_list":["post-62974","post","type-post","status-publish","format-standard","has-post-thumbnail","hentry","category-att-bygga-ett-konservativt-europa","category-juridisk","category-politik","tag-european-economic-area","tag-european-union","tag-fisheries-policy","tag-iceland","tag-national-sovereignty","editorial-positions-focus","regions-northern-europe-sv","types-opinion-sv"],"yoast_head":"<!-- This site is optimized with the Yoast SEO plugin v28.0 - https:\/\/yoast.com\/product\/yoast-seo-wordpress\/ -->\n<title>Islands \u201dnej\u201d och Nationernas Europa - The Conservative<\/title>\n<meta name=\"robots\" content=\"index, follow, max-snippet:-1, max-image-preview:large, max-video-preview:-1\" \/>\n<link rel=\"canonical\" href=\"https:\/\/www.theconservative.online\/sv\/islands-nej-och-nationernas-europa\" \/>\n<meta property=\"og:locale\" content=\"sv_SE\" \/>\n<meta property=\"og:type\" content=\"article\" \/>\n<meta property=\"og:title\" content=\"Islands \u201dnej\u201d och Nationernas Europa - The Conservative\" \/>\n<meta property=\"og:description\" content=\"Genom att avvisa ett \u00e5terupptagande av anslutningsf\u00f6rhandlingarna med EU f\u00f6rsvarade isl\u00e4nningarna kontrollen \u00f6ver sina resurser och gav sitt st\u00f6d till en form av europeiskt samarbete som inneb\u00e4r att den demokratiska makten f\u00f6rblir n\u00e4rmare hemlandet. Bryssel hade till\u00e5tit sig att hoppas att Island skulle kunna bli EU:s smidigaste utvidgningsframg\u00e5ng. Landet \u00e4r v\u00e4lm\u00e5ende, demokratiskt och redan integrerat [&hellip;]\" \/>\n<meta property=\"og:url\" content=\"https:\/\/www.theconservative.online\/sv\/islands-nej-och-nationernas-europa\" \/>\n<meta property=\"og:site_name\" content=\"The Conservative\" \/>\n<meta property=\"article:published_time\" content=\"2026-08-31T13:57:52+00:00\" \/>\n<meta property=\"og:image\" content=\"https:\/\/www.theconservative.online\/wp-content\/uploads\/2026\/08\/shutterstock_2575159489.jpg\" \/>\n\t<meta property=\"og:image:width\" content=\"1000\" \/>\n\t<meta property=\"og:image:height\" content=\"667\" \/>\n\t<meta property=\"og:image:type\" content=\"image\/jpeg\" \/>\n<meta name=\"author\" content=\"Ulderico de Laurentiis\" \/>\n<meta name=\"twitter:card\" content=\"summary_large_image\" \/>\n<meta name=\"twitter:label1\" content=\"Skriven av\" \/>\n\t<meta name=\"twitter:data1\" content=\"Ulderico de Laurentiis\" \/>\n\t<meta name=\"twitter:label2\" content=\"Ber\u00e4knad l\u00e4stid\" \/>\n\t<meta name=\"twitter:data2\" content=\"8 minuter\" \/>\n<script type=\"application\/ld+json\" class=\"yoast-schema-graph\">{\"@context\":\"https:\\\/\\\/schema.org\",\"@graph\":[{\"@type\":\"Article\",\"@id\":\"https:\\\/\\\/www.theconservative.online\\\/sv\\\/islands-nej-och-nationernas-europa#article\",\"isPartOf\":{\"@id\":\"https:\\\/\\\/www.theconservative.online\\\/sv\\\/islands-nej-och-nationernas-europa\"},\"author\":{\"name\":\"Ulderico de Laurentiis\",\"@id\":\"https:\\\/\\\/www.theconservative.online\\\/sv#\\\/schema\\\/person\\\/52a2ddf2ed90ed779b2354583416c4bb\"},\"headline\":\"Islands \u201dnej\u201d och Nationernas Europa\",\"datePublished\":\"2026-08-31T13:57:52+00:00\",\"mainEntityOfPage\":{\"@id\":\"https:\\\/\\\/www.theconservative.online\\\/sv\\\/islands-nej-och-nationernas-europa\"},\"wordCount\":1704,\"image\":{\"@id\":\"https:\\\/\\\/www.theconservative.online\\\/sv\\\/islands-nej-och-nationernas-europa#primaryimage\"},\"thumbnailUrl\":\"https:\\\/\\\/www.theconservative.online\\\/wp-content\\\/uploads\\\/2026\\\/08\\\/shutterstock_2575159489.jpg\",\"keywords\":[\"European Economic Area\",\"European Union\",\"Fisheries Policy\",\"Iceland\",\"National Sovereignty\"],\"articleSection\":[\"Att bygga ett konservativt Europa\",\"Juridisk\",\"Politik\"],\"inLanguage\":\"sv-SE\"},{\"@type\":\"WebPage\",\"@id\":\"https:\\\/\\\/www.theconservative.online\\\/sv\\\/islands-nej-och-nationernas-europa\",\"url\":\"https:\\\/\\\/www.theconservative.online\\\/sv\\\/islands-nej-och-nationernas-europa\",\"name\":\"Islands \u201dnej\u201d och Nationernas Europa - The Conservative\",\"isPartOf\":{\"@id\":\"https:\\\/\\\/www.theconservative.online\\\/sv#website\"},\"primaryImageOfPage\":{\"@id\":\"https:\\\/\\\/www.theconservative.online\\\/sv\\\/islands-nej-och-nationernas-europa#primaryimage\"},\"image\":{\"@id\":\"https:\\\/\\\/www.theconservative.online\\\/sv\\\/islands-nej-och-nationernas-europa#primaryimage\"},\"thumbnailUrl\":\"https:\\\/\\\/www.theconservative.online\\\/wp-content\\\/uploads\\\/2026\\\/08\\\/shutterstock_2575159489.jpg\",\"datePublished\":\"2026-08-31T13:57:52+00:00\",\"author\":{\"@id\":\"https:\\\/\\\/www.theconservative.online\\\/sv#\\\/schema\\\/person\\\/52a2ddf2ed90ed779b2354583416c4bb\"},\"breadcrumb\":{\"@id\":\"https:\\\/\\\/www.theconservative.online\\\/sv\\\/islands-nej-och-nationernas-europa#breadcrumb\"},\"inLanguage\":\"sv-SE\",\"potentialAction\":[{\"@type\":\"ReadAction\",\"target\":[\"https:\\\/\\\/www.theconservative.online\\\/sv\\\/islands-nej-och-nationernas-europa\"]}]},{\"@type\":\"ImageObject\",\"inLanguage\":\"sv-SE\",\"@id\":\"https:\\\/\\\/www.theconservative.online\\\/sv\\\/islands-nej-och-nationernas-europa#primaryimage\",\"url\":\"https:\\\/\\\/www.theconservative.online\\\/wp-content\\\/uploads\\\/2026\\\/08\\\/shutterstock_2575159489.jpg\",\"contentUrl\":\"https:\\\/\\\/www.theconservative.online\\\/wp-content\\\/uploads\\\/2026\\\/08\\\/shutterstock_2575159489.jpg\",\"width\":1000,\"height\":667},{\"@type\":\"BreadcrumbList\",\"@id\":\"https:\\\/\\\/www.theconservative.online\\\/sv\\\/islands-nej-och-nationernas-europa#breadcrumb\",\"itemListElement\":[{\"@type\":\"ListItem\",\"position\":1,\"name\":\"Home\",\"item\":\"https:\\\/\\\/www.theconservative.online\\\/sv\"},{\"@type\":\"ListItem\",\"position\":2,\"name\":\"Islands \u201dnej\u201d och Nationernas Europa\"}]},{\"@type\":\"WebSite\",\"@id\":\"https:\\\/\\\/www.theconservative.online\\\/sv#website\",\"url\":\"https:\\\/\\\/www.theconservative.online\\\/sv\",\"name\":\"The Conservative\",\"description\":\"\",\"potentialAction\":[{\"@type\":\"SearchAction\",\"target\":{\"@type\":\"EntryPoint\",\"urlTemplate\":\"https:\\\/\\\/www.theconservative.online\\\/sv?s={search_term_string}\"},\"query-input\":{\"@type\":\"PropertyValueSpecification\",\"valueRequired\":true,\"valueName\":\"search_term_string\"}}],\"inLanguage\":\"sv-SE\"},{\"@type\":\"Person\",\"@id\":\"https:\\\/\\\/www.theconservative.online\\\/sv#\\\/schema\\\/person\\\/52a2ddf2ed90ed779b2354583416c4bb\",\"name\":\"Ulderico de Laurentiis\",\"image\":{\"@type\":\"ImageObject\",\"inLanguage\":\"sv-SE\",\"@id\":\"https:\\\/\\\/secure.gravatar.com\\\/avatar\\\/c975100d71d02e389336f3ee1e1205f2a988b979b3af1bde32d899ff60a0e1ca?s=96&d=mm&r=g\",\"url\":\"https:\\\/\\\/secure.gravatar.com\\\/avatar\\\/c975100d71d02e389336f3ee1e1205f2a988b979b3af1bde32d899ff60a0e1ca?s=96&d=mm&r=g\",\"contentUrl\":\"https:\\\/\\\/secure.gravatar.com\\\/avatar\\\/c975100d71d02e389336f3ee1e1205f2a988b979b3af1bde32d899ff60a0e1ca?s=96&d=mm&r=g\",\"caption\":\"Ulderico de Laurentiis\"},\"url\":\"https:\\\/\\\/www.theconservative.online\\\/sv\\\/author\\\/youcom-euspec-2025-26\"}]}<\/script>\n<!-- \/ Yoast SEO plugin. -->","yoast_head_json":{"title":"Islands \u201dnej\u201d och Nationernas Europa - The Conservative","robots":{"index":"index","follow":"follow","max-snippet":"max-snippet:-1","max-image-preview":"max-image-preview:large","max-video-preview":"max-video-preview:-1"},"canonical":"https:\/\/www.theconservative.online\/sv\/islands-nej-och-nationernas-europa","og_locale":"sv_SE","og_type":"article","og_title":"Islands \u201dnej\u201d och Nationernas Europa - The Conservative","og_description":"Genom att avvisa ett \u00e5terupptagande av anslutningsf\u00f6rhandlingarna med EU f\u00f6rsvarade isl\u00e4nningarna kontrollen \u00f6ver sina resurser och gav sitt st\u00f6d till en form av europeiskt samarbete som inneb\u00e4r att den demokratiska makten f\u00f6rblir n\u00e4rmare hemlandet. Bryssel hade till\u00e5tit sig att hoppas att Island skulle kunna bli EU:s smidigaste utvidgningsframg\u00e5ng. Landet \u00e4r v\u00e4lm\u00e5ende, demokratiskt och redan integrerat [&hellip;]","og_url":"https:\/\/www.theconservative.online\/sv\/islands-nej-och-nationernas-europa","og_site_name":"The Conservative","article_published_time":"2026-08-31T13:57:52+00:00","og_image":[{"width":1000,"height":667,"url":"https:\/\/www.theconservative.online\/wp-content\/uploads\/2026\/08\/shutterstock_2575159489.jpg","type":"image\/jpeg"}],"author":"Ulderico de Laurentiis","twitter_card":"summary_large_image","twitter_misc":{"Skriven av":"Ulderico de Laurentiis","Ber\u00e4knad l\u00e4stid":"8 minuter"},"schema":{"@context":"https:\/\/schema.org","@graph":[{"@type":"Article","@id":"https:\/\/www.theconservative.online\/sv\/islands-nej-och-nationernas-europa#article","isPartOf":{"@id":"https:\/\/www.theconservative.online\/sv\/islands-nej-och-nationernas-europa"},"author":{"name":"Ulderico de Laurentiis","@id":"https:\/\/www.theconservative.online\/sv#\/schema\/person\/52a2ddf2ed90ed779b2354583416c4bb"},"headline":"Islands \u201dnej\u201d och Nationernas Europa","datePublished":"2026-08-31T13:57:52+00:00","mainEntityOfPage":{"@id":"https:\/\/www.theconservative.online\/sv\/islands-nej-och-nationernas-europa"},"wordCount":1704,"image":{"@id":"https:\/\/www.theconservative.online\/sv\/islands-nej-och-nationernas-europa#primaryimage"},"thumbnailUrl":"https:\/\/www.theconservative.online\/wp-content\/uploads\/2026\/08\/shutterstock_2575159489.jpg","keywords":["European Economic Area","European Union","Fisheries Policy","Iceland","National Sovereignty"],"articleSection":["Att bygga ett konservativt Europa","Juridisk","Politik"],"inLanguage":"sv-SE"},{"@type":"WebPage","@id":"https:\/\/www.theconservative.online\/sv\/islands-nej-och-nationernas-europa","url":"https:\/\/www.theconservative.online\/sv\/islands-nej-och-nationernas-europa","name":"Islands \u201dnej\u201d och Nationernas Europa - The Conservative","isPartOf":{"@id":"https:\/\/www.theconservative.online\/sv#website"},"primaryImageOfPage":{"@id":"https:\/\/www.theconservative.online\/sv\/islands-nej-och-nationernas-europa#primaryimage"},"image":{"@id":"https:\/\/www.theconservative.online\/sv\/islands-nej-och-nationernas-europa#primaryimage"},"thumbnailUrl":"https:\/\/www.theconservative.online\/wp-content\/uploads\/2026\/08\/shutterstock_2575159489.jpg","datePublished":"2026-08-31T13:57:52+00:00","author":{"@id":"https:\/\/www.theconservative.online\/sv#\/schema\/person\/52a2ddf2ed90ed779b2354583416c4bb"},"breadcrumb":{"@id":"https:\/\/www.theconservative.online\/sv\/islands-nej-och-nationernas-europa#breadcrumb"},"inLanguage":"sv-SE","potentialAction":[{"@type":"ReadAction","target":["https:\/\/www.theconservative.online\/sv\/islands-nej-och-nationernas-europa"]}]},{"@type":"ImageObject","inLanguage":"sv-SE","@id":"https:\/\/www.theconservative.online\/sv\/islands-nej-och-nationernas-europa#primaryimage","url":"https:\/\/www.theconservative.online\/wp-content\/uploads\/2026\/08\/shutterstock_2575159489.jpg","contentUrl":"https:\/\/www.theconservative.online\/wp-content\/uploads\/2026\/08\/shutterstock_2575159489.jpg","width":1000,"height":667},{"@type":"BreadcrumbList","@id":"https:\/\/www.theconservative.online\/sv\/islands-nej-och-nationernas-europa#breadcrumb","itemListElement":[{"@type":"ListItem","position":1,"name":"Home","item":"https:\/\/www.theconservative.online\/sv"},{"@type":"ListItem","position":2,"name":"Islands \u201dnej\u201d och Nationernas Europa"}]},{"@type":"WebSite","@id":"https:\/\/www.theconservative.online\/sv#website","url":"https:\/\/www.theconservative.online\/sv","name":"The Conservative","description":"","potentialAction":[{"@type":"SearchAction","target":{"@type":"EntryPoint","urlTemplate":"https:\/\/www.theconservative.online\/sv?s={search_term_string}"},"query-input":{"@type":"PropertyValueSpecification","valueRequired":true,"valueName":"search_term_string"}}],"inLanguage":"sv-SE"},{"@type":"Person","@id":"https:\/\/www.theconservative.online\/sv#\/schema\/person\/52a2ddf2ed90ed779b2354583416c4bb","name":"Ulderico de Laurentiis","image":{"@type":"ImageObject","inLanguage":"sv-SE","@id":"https:\/\/secure.gravatar.com\/avatar\/c975100d71d02e389336f3ee1e1205f2a988b979b3af1bde32d899ff60a0e1ca?s=96&d=mm&r=g","url":"https:\/\/secure.gravatar.com\/avatar\/c975100d71d02e389336f3ee1e1205f2a988b979b3af1bde32d899ff60a0e1ca?s=96&d=mm&r=g","contentUrl":"https:\/\/secure.gravatar.com\/avatar\/c975100d71d02e389336f3ee1e1205f2a988b979b3af1bde32d899ff60a0e1ca?s=96&d=mm&r=g","caption":"Ulderico de Laurentiis"},"url":"https:\/\/www.theconservative.online\/sv\/author\/youcom-euspec-2025-26"}]}},"acf":[],"_links":{"self":[{"href":"https:\/\/www.theconservative.online\/sv\/wp-json\/wp\/v2\/posts\/62974","targetHints":{"allow":["GET"]}}],"collection":[{"href":"https:\/\/www.theconservative.online\/sv\/wp-json\/wp\/v2\/posts"}],"about":[{"href":"https:\/\/www.theconservative.online\/sv\/wp-json\/wp\/v2\/types\/post"}],"author":[{"embeddable":true,"href":"https:\/\/www.theconservative.online\/sv\/wp-json\/wp\/v2\/users\/81"}],"replies":[{"embeddable":true,"href":"https:\/\/www.theconservative.online\/sv\/wp-json\/wp\/v2\/comments?post=62974"}],"version-history":[{"count":0,"href":"https:\/\/www.theconservative.online\/sv\/wp-json\/wp\/v2\/posts\/62974\/revisions"}],"wp:featuredmedia":[{"embeddable":true,"href":"https:\/\/www.theconservative.online\/sv\/wp-json\/wp\/v2\/media\/62843"}],"wp:attachment":[{"href":"https:\/\/www.theconservative.online\/sv\/wp-json\/wp\/v2\/media?parent=62974"}],"wp:term":[{"taxonomy":"category","embeddable":true,"href":"https:\/\/www.theconservative.online\/sv\/wp-json\/wp\/v2\/categories?post=62974"},{"taxonomy":"post_tag","embeddable":true,"href":"https:\/\/www.theconservative.online\/sv\/wp-json\/wp\/v2\/tags?post=62974"},{"taxonomy":"editorial-positions","embeddable":true,"href":"https:\/\/www.theconservative.online\/sv\/wp-json\/wp\/v2\/editorial-positions?post=62974"},{"taxonomy":"regions","embeddable":true,"href":"https:\/\/www.theconservative.online\/sv\/wp-json\/wp\/v2\/regions?post=62974"},{"taxonomy":"types","embeddable":true,"href":"https:\/\/www.theconservative.online\/sv\/wp-json\/wp\/v2\/types?post=62974"}],"curies":[{"name":"wp","href":"https:\/\/api.w.org\/{rel}","templated":true}]}}