{"id":62992,"date":"2026-08-30T12:15:11","date_gmt":"2026-08-30T12:15:11","guid":{"rendered":"https:\/\/www.theconservative.online\/lordagen-i-drobeta-motet-som-blev-aurs-manifest"},"modified":"2026-08-30T12:15:11","modified_gmt":"2026-08-30T12:15:11","slug":"lordagen-i-drobeta-motet-som-blev-aurs-manifest","status":"publish","type":"post","link":"https:\/\/www.theconservative.online\/sv\/lordagen-i-drobeta-motet-som-blev-aurs-manifest","title":{"rendered":"L\u00f6rdagen i Drobeta: M\u00f6tet som blev AUR:s manifest"},"content":{"rendered":"<p>Drobeta-Turnu Severin \u00e4r inte den f\u00f6rsta plats man skulle f\u00f6rv\u00e4nta sig att en politisk omv\u00e4lvning skulle ta sin b\u00f6rjan, men i l\u00f6rdags blev staden scenen d\u00e4r AUR lade fram hela sin strategi inf\u00f6r den parlamentssession som inleds p\u00e5 tisdag. Partiets nationella ledningsr\u00e5d (CNC) sammantr\u00e4dde f\u00f6r vad som utannonserades som ett rutinm\u00e4ssigt strategim\u00f6te och kom d\u00e4rifr\u00e5n med ett finanspolitiskt manifest, en h\u00e4ftig resolution mot regeringen och en tydlig signal om att man inte backar fr\u00e5n sina krav p\u00e5 att st\u00e4lla president Nicu\u0219or Dan utanf\u00f6r tj\u00e4nsten.<\/p>\n<p>Partiet vill att taket f\u00f6r kontantutbetalningar f\u00f6r f\u00f6retag h\u00f6js till 50 000 lei och verkar f\u00f6r att gradvis rulla tillbaka \u00e5rets skatteh\u00f6jningar: att \u00e5terst\u00e4lla den normala momssatsen till 19 %, den reducerade satsen till 9 % och utdelningsskatten till 8 %. AUR vill ocks\u00e5 att tr\u00f6skeln f\u00f6r mikrof\u00f6retag \u00e5terst\u00e4lls till 500 000 euro, vilket inneb\u00e4r en direkt \u00e5terg\u00e5ng fr\u00e5n den \u00e5tstramning som tvingade m\u00e5nga sm\u00e5 rum\u00e4nska f\u00f6retag ut ur den skattef\u00f6rm\u00e5nliga kategorin.<\/p>\n<p>N\u00e4r det g\u00e4ller statsreformer bekr\u00e4ftade AUR sitt st\u00f6d f\u00f6r ett tv\u00e5kammarsystem med 300 platser och h\u00e4nvisade till folkomr\u00f6stningen 2009, d\u00e4r rum\u00e4nerna r\u00f6stade f\u00f6r just detta, samt f\u00f6r att beh\u00e5lla borgm\u00e4starval i tv\u00e5 omg\u00e5ngar och, framf\u00f6r allt, att begr\u00e4nsa ledarskapet i offentliga institutioner till tv\u00e5 mandatperioder. Den sista punkten \u00e4r ett direkt svar p\u00e5 den typ av l\u00e5ngvariga byr\u00e5krater som har innehaft sina poster i \u00e5rtionden utan n\u00e5gon meningsfull f\u00f6rnyelse.<\/p>\n<p>Inom utbildningsomr\u00e5det vill partiet avskaffa det parallella antagningsprovet till gymnasiet och \u00e5terinf\u00f6ra ett enda, enhetligt nationellt antagningssystem, samt minska l\u00e4rarnas arbetsb\u00f6rda och \u00e5terg\u00e5 fr\u00e5n de \u00f6kade klassstorlekarna som inf\u00f6rdes genom f\u00f6rra \u00e5rets s\u00e5 kallade \u201dBolojan-lagen\u201d fr\u00e5n och med augusti 2025. P\u00e5 energiomr\u00e5det driver AUR p\u00e5 f\u00f6r att legalisera fortsatt drift av alla CE Oltenias kolkraftverk genom att \u00e4ndra den n\u00f6df\u00f6rordning som skulle tvinga dem att st\u00e4ngas senast den 31 augusti 2026. Det finns ocks\u00e5 ett lagf\u00f6rslag om insyn i finansieringen av icke-statliga organisationer som l\u00e4nge har fastnat i processen och som f\u00f6r n\u00e4rvarande \u00e4r blockerat i deputeradekammaren efter att ha godk\u00e4nts av senaten, samt ett f\u00f6rslag om en \u201ddynamisk merv\u00e4rdesskatt\u201d p\u00e5 br\u00e4nsle (5 procent under de f\u00f6rsta tre m\u00e5naderna av en prischock, stigande till 9 procent, och som automatiskt upph\u00f6r att g\u00e4lla n\u00e4r oljepriserna normaliseras).<\/p>\n<p>AUR:s f\u00f6rslag om att begr\u00e4nsa ledarskapsmandaten till tv\u00e5 mandatperioder g\u00e4ller f\u00f6r alla offentliga institutioner, inte bara en myndighet eller en tj\u00e4nsteman. Partiet framst\u00e4ller det som ett s\u00e4tt att f\u00f6rhindra att \u201dinflytanden\u00e4tverk\u201d stelnar inom den offentliga f\u00f6rvaltningen och att s\u00e4kerst\u00e4lla en regelbunden oms\u00e4ttning i ledningen f\u00f6r statliga organ.<\/p>\n<p>R\u00e5dets andra viktiga beslut var symboliskt men otvetydigt stridslystet: en resolution med titeln <em> \u201dRum\u00e4nien styrs mot avgrunden\u201d, som antogs <\/em>enh\u00e4lligt. I texten anklagas koalitionen mellan PSD, PNL, USR och UDMR f\u00f6r att ha genomf\u00f6rt tv\u00e5 h\u00f6jningar av merv\u00e4rdesskatten med tv\u00e5 procentenheter (till 21 respektive 11 procent), att ha urholkat ordningen f\u00f6r mikrof\u00f6retag genom att s\u00e4nka tr\u00f6skeln till 100 000 euro, h\u00f6ja utdelningsskatten till 16 %, avskaffa kolbaserad energi samtidigt som man blockerar nya gaskraftverk och saboterar vattenkraftprojekt med pumpkraftlagring.<\/p>\n<p>I resolutionen lyfts \u00e4ven SAFE-l\u00e5net fram, en l\u00e5nefacilitet p\u00e5 cirka 17 miljarder euro som ska \u00e5terbetalas \u00f6ver 35 \u00e5r till en icke offentliggjord r\u00e4nta, och som enligt AUR huvudsakligen anv\u00e4ndes f\u00f6r att k\u00f6pa tunga milit\u00e4ra fordon fr\u00e5n en enda tysk leverant\u00f6r, Rheinmetall. AUR:s avslutande argument \u00e4r rakt p\u00e5 sak: under de senaste tio kvartalen har den rum\u00e4nska ekonomin vuxit under endast tre, medan den under resten av tiden har stagnerat eller krympt. \u201dI dag representeras den enda sammanh\u00e4ngande och solida oppositionen i parlamentet av AUR och dess 91 parlamentsledam\u00f6ter\u201d, st\u00e5r det i partiets uttalande, d\u00e4r man h\u00e4vdar att den sj\u00e4lvutn\u00e4mnda \u201dproeuropeiska\u201d koalitionen i sj\u00e4lva verket ekonomiskt kopplar bort Rum\u00e4nien fr\u00e5n Europa.<\/p>\n<p>Senatens gruppledare Petri\u0219or Peiu f\u00f6rnekade kategoriskt, i ett uttalande till Antena 3 CNN, att n\u00e5gra formella eller informella samtal p\u00e5g\u00e5tt om att bilda en regeringsmajoritet med vare sig PSD eller PNL, och p\u00e5pekade att PSD:s ledare Sorin Grindeanu \u00e4nd\u00e5 offentligt har uteslutit att regera tillsammans med AUR. \u201dOm han inte vill bilda regering med AUR \u00e4r det sv\u00e5rt att f\u00f6rhandla. Vad skulle vi egentligen f\u00f6rhandla om?\u201d sade Peiu. Han bekr\u00e4ftade ocks\u00e5 att AUR f\u00f6rbereder offentliga uttalanden om sin strategi inf\u00f6r de kommande samr\u00e5den med president Nicu\u0219or Dan, som har meddelat att han i b\u00f6rjan av september kommer att \u00e5teruppta samtalen med partierna om bildandet av en ny regering. Peiu var skeptisk till v\u00e4rdet av att delta enbart f\u00f6r fototillf\u00e4llen och sade att AUR \u201df\u00f6rmodligen inte kommer att delta\u201d om processen bara handlar om informella \u00f6verenskommelser f\u00f6rkl\u00e4dda som formella samr\u00e5d. Noterbart \u00e4r ocks\u00e5 att han bekr\u00e4ftade att AUR:s str\u00e4van att avs\u00e4tta Nicu\u0219or Dan fortfarande g\u00e5r fram\u00e5t, eftersom \u201dpresidenten inte har \u00e4ndrat sin inst\u00e4llning\u201d.<\/p>\n<p>Nicu\u0219or Dan har under 62 dagar v\u00e4grat att f\u00f6resl\u00e5 en premi\u00e4rminister, landet har varit utan en regering med fullst\u00e4ndiga befogenheter i 110\u2013114 dagar, och presidentens \u201denvishet\u201d kostar Rum\u00e4nien stora summor. \u201dAtt st\u00e4lla honom av \u00e4r en konstitutionell l\u00f6sning, eftersom hans envishet redan medf\u00f6r kostnader som \u00e4r f\u00f6r h\u00f6ga f\u00f6r Rum\u00e4nien\u201d, sade AUR i ett pressmeddelande i slutet av augusti. Partiet samlar aktivt in underskrifter fr\u00e5n parlamentsledam\u00f6ter fr\u00e5n andra partier som \u00e4r \u201dmissn\u00f6jda med det s\u00e4tt p\u00e5 vilket Nicu\u0219or Dan har ut\u00f6vat sina presidentbefogenheter\u201d, och Peiu s\u00e4ger att nya kollegor redan har skrivit under. PSD skulle teoretiskt sett kunna bilda en regering utan AUR genom att st\u00f6dja sig p\u00e5 UDMR, ledam\u00f6ter fr\u00e5n minoritetsgrupper, utbrytargrupper fr\u00e5n PNL och f\u00f6re detta SOS\/POT-ledam\u00f6ter, men Peiu kallade ocks\u00e5 den strategin f\u00f6r \u201dextremt farlig\u201d och varnade f\u00f6r att den skulle leda till en \u201dbr\u00e4cklig majoritet\u201d som bygger p\u00e5 att k\u00f6pa ut oberoende ledam\u00f6ter.<\/p>\n<p>Sammantaget handlade dagen inte egentligen om en enskild lag eller en enskild resolution. Det handlade om att AUR skulle positionera sig som det enda sammansvetsade oppositionsblocket inf\u00f6r en sp\u00e4nd h\u00f6st.<\/p>\n","protected":false},"excerpt":{"rendered":"<p>Drobeta-Turnu Severin \u00e4r inte den f\u00f6rsta plats man skulle f\u00f6rv\u00e4nta sig att en politisk omv\u00e4lvning skulle ta sin b\u00f6rjan, men i l\u00f6rdags blev staden scenen d\u00e4r AUR lade fram hela sin strategi inf\u00f6r den parlamentssession som inleds p\u00e5 tisdag. Partiets nationella ledningsr\u00e5d (CNC) sammantr\u00e4dde f\u00f6r vad som utannonserades som ett rutinm\u00e4ssigt strategim\u00f6te och kom d\u00e4rifr\u00e5n [&hellip;]<\/p>\n","protected":false},"author":79,"featured_media":62771,"comment_status":"closed","ping_status":"closed","sticky":false,"template":"","format":"standard","meta":{"footnotes":""},"categories":[10],"tags":[],"editorial-positions":[],"regions":[],"types":[],"class_list":["post-62992","post","type-post","status-publish","format-standard","has-post-thumbnail","hentry","category-okategoriserad"],"yoast_head":"<!-- This site is optimized with the Yoast SEO plugin v28.0 - https:\/\/yoast.com\/product\/yoast-seo-wordpress\/ -->\n<title>L\u00f6rdagen i Drobeta: M\u00f6tet som blev AUR:s manifest - The Conservative<\/title>\n<meta name=\"robots\" content=\"index, follow, max-snippet:-1, max-image-preview:large, max-video-preview:-1\" \/>\n<link rel=\"canonical\" href=\"https:\/\/www.theconservative.online\/sv\/lordagen-i-drobeta-motet-som-blev-aurs-manifest\" \/>\n<meta property=\"og:locale\" content=\"sv_SE\" \/>\n<meta property=\"og:type\" content=\"article\" \/>\n<meta property=\"og:title\" content=\"L\u00f6rdagen i Drobeta: M\u00f6tet som blev AUR:s manifest - The Conservative\" \/>\n<meta property=\"og:description\" content=\"Drobeta-Turnu Severin \u00e4r inte den f\u00f6rsta plats man skulle f\u00f6rv\u00e4nta sig att en politisk omv\u00e4lvning skulle ta sin b\u00f6rjan, men i l\u00f6rdags blev staden scenen d\u00e4r AUR lade fram hela sin strategi inf\u00f6r den parlamentssession som inleds p\u00e5 tisdag. Partiets nationella ledningsr\u00e5d (CNC) sammantr\u00e4dde f\u00f6r vad som utannonserades som ett rutinm\u00e4ssigt strategim\u00f6te och kom d\u00e4rifr\u00e5n [&hellip;]\" \/>\n<meta property=\"og:url\" content=\"https:\/\/www.theconservative.online\/sv\/lordagen-i-drobeta-motet-som-blev-aurs-manifest\" \/>\n<meta property=\"og:site_name\" content=\"The Conservative\" \/>\n<meta property=\"article:published_time\" content=\"2026-08-30T12:15:11+00:00\" \/>\n<meta property=\"og:image\" content=\"https:\/\/www.theconservative.online\/wp-content\/uploads\/2026\/08\/AURCNC.jpg\" \/>\n\t<meta property=\"og:image:width\" content=\"1792\" \/>\n\t<meta property=\"og:image:height\" content=\"1008\" \/>\n\t<meta property=\"og:image:type\" content=\"image\/jpeg\" \/>\n<meta name=\"author\" content=\"Iosefina Pascal\" \/>\n<meta name=\"twitter:card\" content=\"summary_large_image\" \/>\n<meta name=\"twitter:label1\" content=\"Skriven av\" \/>\n\t<meta name=\"twitter:data1\" content=\"Iosefina Pascal\" \/>\n\t<meta name=\"twitter:label2\" content=\"Ber\u00e4knad l\u00e4stid\" \/>\n\t<meta name=\"twitter:data2\" content=\"6 minuter\" \/>\n<script type=\"application\/ld+json\" class=\"yoast-schema-graph\">{\"@context\":\"https:\\\/\\\/schema.org\",\"@graph\":[{\"@type\":\"Article\",\"@id\":\"https:\\\/\\\/www.theconservative.online\\\/sv\\\/lordagen-i-drobeta-motet-som-blev-aurs-manifest#article\",\"isPartOf\":{\"@id\":\"https:\\\/\\\/www.theconservative.online\\\/sv\\\/lordagen-i-drobeta-motet-som-blev-aurs-manifest\"},\"author\":{\"name\":\"Iosefina Pascal\",\"@id\":\"https:\\\/\\\/www.theconservative.online\\\/sv#\\\/schema\\\/person\\\/a058eee3b153ac2215cf616d9795653b\"},\"headline\":\"L\u00f6rdagen i Drobeta: M\u00f6tet som blev AUR:s manifest\",\"datePublished\":\"2026-08-30T12:15:11+00:00\",\"mainEntityOfPage\":{\"@id\":\"https:\\\/\\\/www.theconservative.online\\\/sv\\\/lordagen-i-drobeta-motet-som-blev-aurs-manifest\"},\"wordCount\":1121,\"image\":{\"@id\":\"https:\\\/\\\/www.theconservative.online\\\/sv\\\/lordagen-i-drobeta-motet-som-blev-aurs-manifest#primaryimage\"},\"thumbnailUrl\":\"https:\\\/\\\/www.theconservative.online\\\/wp-content\\\/uploads\\\/2026\\\/08\\\/AURCNC.jpg\",\"articleSection\":[\"Okategoriserad\"],\"inLanguage\":\"sv-SE\"},{\"@type\":\"WebPage\",\"@id\":\"https:\\\/\\\/www.theconservative.online\\\/sv\\\/lordagen-i-drobeta-motet-som-blev-aurs-manifest\",\"url\":\"https:\\\/\\\/www.theconservative.online\\\/sv\\\/lordagen-i-drobeta-motet-som-blev-aurs-manifest\",\"name\":\"L\u00f6rdagen i Drobeta: M\u00f6tet som blev AUR:s manifest - The Conservative\",\"isPartOf\":{\"@id\":\"https:\\\/\\\/www.theconservative.online\\\/sv#website\"},\"primaryImageOfPage\":{\"@id\":\"https:\\\/\\\/www.theconservative.online\\\/sv\\\/lordagen-i-drobeta-motet-som-blev-aurs-manifest#primaryimage\"},\"image\":{\"@id\":\"https:\\\/\\\/www.theconservative.online\\\/sv\\\/lordagen-i-drobeta-motet-som-blev-aurs-manifest#primaryimage\"},\"thumbnailUrl\":\"https:\\\/\\\/www.theconservative.online\\\/wp-content\\\/uploads\\\/2026\\\/08\\\/AURCNC.jpg\",\"datePublished\":\"2026-08-30T12:15:11+00:00\",\"author\":{\"@id\":\"https:\\\/\\\/www.theconservative.online\\\/sv#\\\/schema\\\/person\\\/a058eee3b153ac2215cf616d9795653b\"},\"breadcrumb\":{\"@id\":\"https:\\\/\\\/www.theconservative.online\\\/sv\\\/lordagen-i-drobeta-motet-som-blev-aurs-manifest#breadcrumb\"},\"inLanguage\":\"sv-SE\",\"potentialAction\":[{\"@type\":\"ReadAction\",\"target\":[\"https:\\\/\\\/www.theconservative.online\\\/sv\\\/lordagen-i-drobeta-motet-som-blev-aurs-manifest\"]}]},{\"@type\":\"ImageObject\",\"inLanguage\":\"sv-SE\",\"@id\":\"https:\\\/\\\/www.theconservative.online\\\/sv\\\/lordagen-i-drobeta-motet-som-blev-aurs-manifest#primaryimage\",\"url\":\"https:\\\/\\\/www.theconservative.online\\\/wp-content\\\/uploads\\\/2026\\\/08\\\/AURCNC.jpg\",\"contentUrl\":\"https:\\\/\\\/www.theconservative.online\\\/wp-content\\\/uploads\\\/2026\\\/08\\\/AURCNC.jpg\",\"width\":1792,\"height\":1008,\"caption\":\"Signature: JnuSjfynT9OAlDAdvk576xl8uMSnujh4H8wsPA4DHucqZKqfRZSk1c2Jgz+Ez0p2DggPskOnY4UpUsdhdnUEJpw\\\/k4YraRVCyWOb6+yonAZQDdnf9m1kaDZRyJDghEhUNuEdfnXVt2rNPz85AS+3kxZ2hoOWYOkmxGbzSGpXMaTHUkbeaCi1nmS2pQGdi9issUNaIQXsPS+YImz3+ZFcykVSZHWC1+W4eck1UXYYUGH2KyzuKBTdVSWpGEcsun8a\"},{\"@type\":\"BreadcrumbList\",\"@id\":\"https:\\\/\\\/www.theconservative.online\\\/sv\\\/lordagen-i-drobeta-motet-som-blev-aurs-manifest#breadcrumb\",\"itemListElement\":[{\"@type\":\"ListItem\",\"position\":1,\"name\":\"Home\",\"item\":\"https:\\\/\\\/www.theconservative.online\\\/sv\"},{\"@type\":\"ListItem\",\"position\":2,\"name\":\"L\u00f6rdagen i Drobeta: M\u00f6tet som blev AUR:s manifest\"}]},{\"@type\":\"WebSite\",\"@id\":\"https:\\\/\\\/www.theconservative.online\\\/sv#website\",\"url\":\"https:\\\/\\\/www.theconservative.online\\\/sv\",\"name\":\"The Conservative\",\"description\":\"\",\"potentialAction\":[{\"@type\":\"SearchAction\",\"target\":{\"@type\":\"EntryPoint\",\"urlTemplate\":\"https:\\\/\\\/www.theconservative.online\\\/sv?s={search_term_string}\"},\"query-input\":{\"@type\":\"PropertyValueSpecification\",\"valueRequired\":true,\"valueName\":\"search_term_string\"}}],\"inLanguage\":\"sv-SE\"},{\"@type\":\"Person\",\"@id\":\"https:\\\/\\\/www.theconservative.online\\\/sv#\\\/schema\\\/person\\\/a058eee3b153ac2215cf616d9795653b\",\"name\":\"Iosefina Pascal\",\"image\":{\"@type\":\"ImageObject\",\"inLanguage\":\"sv-SE\",\"@id\":\"https:\\\/\\\/secure.gravatar.com\\\/avatar\\\/b6c6576a2be336212e2c44862e76e71f326a3e912cd8ca0a6856a38198536fd3?s=96&d=mm&r=g\",\"url\":\"https:\\\/\\\/secure.gravatar.com\\\/avatar\\\/b6c6576a2be336212e2c44862e76e71f326a3e912cd8ca0a6856a38198536fd3?s=96&d=mm&r=g\",\"contentUrl\":\"https:\\\/\\\/secure.gravatar.com\\\/avatar\\\/b6c6576a2be336212e2c44862e76e71f326a3e912cd8ca0a6856a38198536fd3?s=96&d=mm&r=g\",\"caption\":\"Iosefina Pascal\"},\"url\":\"https:\\\/\\\/www.theconservative.online\\\/sv\\\/author\\\/pascal-eunat-2025-26\"}]}<\/script>\n<!-- \/ Yoast SEO plugin. -->","yoast_head_json":{"title":"L\u00f6rdagen i Drobeta: M\u00f6tet som blev AUR:s manifest - The Conservative","robots":{"index":"index","follow":"follow","max-snippet":"max-snippet:-1","max-image-preview":"max-image-preview:large","max-video-preview":"max-video-preview:-1"},"canonical":"https:\/\/www.theconservative.online\/sv\/lordagen-i-drobeta-motet-som-blev-aurs-manifest","og_locale":"sv_SE","og_type":"article","og_title":"L\u00f6rdagen i Drobeta: M\u00f6tet som blev AUR:s manifest - The Conservative","og_description":"Drobeta-Turnu Severin \u00e4r inte den f\u00f6rsta plats man skulle f\u00f6rv\u00e4nta sig att en politisk omv\u00e4lvning skulle ta sin b\u00f6rjan, men i l\u00f6rdags blev staden scenen d\u00e4r AUR lade fram hela sin strategi inf\u00f6r den parlamentssession som inleds p\u00e5 tisdag. Partiets nationella ledningsr\u00e5d (CNC) sammantr\u00e4dde f\u00f6r vad som utannonserades som ett rutinm\u00e4ssigt strategim\u00f6te och kom d\u00e4rifr\u00e5n [&hellip;]","og_url":"https:\/\/www.theconservative.online\/sv\/lordagen-i-drobeta-motet-som-blev-aurs-manifest","og_site_name":"The Conservative","article_published_time":"2026-08-30T12:15:11+00:00","og_image":[{"width":1792,"height":1008,"url":"https:\/\/www.theconservative.online\/wp-content\/uploads\/2026\/08\/AURCNC.jpg","type":"image\/jpeg"}],"author":"Iosefina Pascal","twitter_card":"summary_large_image","twitter_misc":{"Skriven av":"Iosefina Pascal","Ber\u00e4knad l\u00e4stid":"6 minuter"},"schema":{"@context":"https:\/\/schema.org","@graph":[{"@type":"Article","@id":"https:\/\/www.theconservative.online\/sv\/lordagen-i-drobeta-motet-som-blev-aurs-manifest#article","isPartOf":{"@id":"https:\/\/www.theconservative.online\/sv\/lordagen-i-drobeta-motet-som-blev-aurs-manifest"},"author":{"name":"Iosefina Pascal","@id":"https:\/\/www.theconservative.online\/sv#\/schema\/person\/a058eee3b153ac2215cf616d9795653b"},"headline":"L\u00f6rdagen i Drobeta: M\u00f6tet som blev AUR:s manifest","datePublished":"2026-08-30T12:15:11+00:00","mainEntityOfPage":{"@id":"https:\/\/www.theconservative.online\/sv\/lordagen-i-drobeta-motet-som-blev-aurs-manifest"},"wordCount":1121,"image":{"@id":"https:\/\/www.theconservative.online\/sv\/lordagen-i-drobeta-motet-som-blev-aurs-manifest#primaryimage"},"thumbnailUrl":"https:\/\/www.theconservative.online\/wp-content\/uploads\/2026\/08\/AURCNC.jpg","articleSection":["Okategoriserad"],"inLanguage":"sv-SE"},{"@type":"WebPage","@id":"https:\/\/www.theconservative.online\/sv\/lordagen-i-drobeta-motet-som-blev-aurs-manifest","url":"https:\/\/www.theconservative.online\/sv\/lordagen-i-drobeta-motet-som-blev-aurs-manifest","name":"L\u00f6rdagen i Drobeta: M\u00f6tet som blev AUR:s manifest - The Conservative","isPartOf":{"@id":"https:\/\/www.theconservative.online\/sv#website"},"primaryImageOfPage":{"@id":"https:\/\/www.theconservative.online\/sv\/lordagen-i-drobeta-motet-som-blev-aurs-manifest#primaryimage"},"image":{"@id":"https:\/\/www.theconservative.online\/sv\/lordagen-i-drobeta-motet-som-blev-aurs-manifest#primaryimage"},"thumbnailUrl":"https:\/\/www.theconservative.online\/wp-content\/uploads\/2026\/08\/AURCNC.jpg","datePublished":"2026-08-30T12:15:11+00:00","author":{"@id":"https:\/\/www.theconservative.online\/sv#\/schema\/person\/a058eee3b153ac2215cf616d9795653b"},"breadcrumb":{"@id":"https:\/\/www.theconservative.online\/sv\/lordagen-i-drobeta-motet-som-blev-aurs-manifest#breadcrumb"},"inLanguage":"sv-SE","potentialAction":[{"@type":"ReadAction","target":["https:\/\/www.theconservative.online\/sv\/lordagen-i-drobeta-motet-som-blev-aurs-manifest"]}]},{"@type":"ImageObject","inLanguage":"sv-SE","@id":"https:\/\/www.theconservative.online\/sv\/lordagen-i-drobeta-motet-som-blev-aurs-manifest#primaryimage","url":"https:\/\/www.theconservative.online\/wp-content\/uploads\/2026\/08\/AURCNC.jpg","contentUrl":"https:\/\/www.theconservative.online\/wp-content\/uploads\/2026\/08\/AURCNC.jpg","width":1792,"height":1008,"caption":"Signature: JnuSjfynT9OAlDAdvk576xl8uMSnujh4H8wsPA4DHucqZKqfRZSk1c2Jgz+Ez0p2DggPskOnY4UpUsdhdnUEJpw\/k4YraRVCyWOb6+yonAZQDdnf9m1kaDZRyJDghEhUNuEdfnXVt2rNPz85AS+3kxZ2hoOWYOkmxGbzSGpXMaTHUkbeaCi1nmS2pQGdi9issUNaIQXsPS+YImz3+ZFcykVSZHWC1+W4eck1UXYYUGH2KyzuKBTdVSWpGEcsun8a"},{"@type":"BreadcrumbList","@id":"https:\/\/www.theconservative.online\/sv\/lordagen-i-drobeta-motet-som-blev-aurs-manifest#breadcrumb","itemListElement":[{"@type":"ListItem","position":1,"name":"Home","item":"https:\/\/www.theconservative.online\/sv"},{"@type":"ListItem","position":2,"name":"L\u00f6rdagen i Drobeta: M\u00f6tet som blev AUR:s manifest"}]},{"@type":"WebSite","@id":"https:\/\/www.theconservative.online\/sv#website","url":"https:\/\/www.theconservative.online\/sv","name":"The Conservative","description":"","potentialAction":[{"@type":"SearchAction","target":{"@type":"EntryPoint","urlTemplate":"https:\/\/www.theconservative.online\/sv?s={search_term_string}"},"query-input":{"@type":"PropertyValueSpecification","valueRequired":true,"valueName":"search_term_string"}}],"inLanguage":"sv-SE"},{"@type":"Person","@id":"https:\/\/www.theconservative.online\/sv#\/schema\/person\/a058eee3b153ac2215cf616d9795653b","name":"Iosefina Pascal","image":{"@type":"ImageObject","inLanguage":"sv-SE","@id":"https:\/\/secure.gravatar.com\/avatar\/b6c6576a2be336212e2c44862e76e71f326a3e912cd8ca0a6856a38198536fd3?s=96&d=mm&r=g","url":"https:\/\/secure.gravatar.com\/avatar\/b6c6576a2be336212e2c44862e76e71f326a3e912cd8ca0a6856a38198536fd3?s=96&d=mm&r=g","contentUrl":"https:\/\/secure.gravatar.com\/avatar\/b6c6576a2be336212e2c44862e76e71f326a3e912cd8ca0a6856a38198536fd3?s=96&d=mm&r=g","caption":"Iosefina Pascal"},"url":"https:\/\/www.theconservative.online\/sv\/author\/pascal-eunat-2025-26"}]}},"acf":[],"_links":{"self":[{"href":"https:\/\/www.theconservative.online\/sv\/wp-json\/wp\/v2\/posts\/62992","targetHints":{"allow":["GET"]}}],"collection":[{"href":"https:\/\/www.theconservative.online\/sv\/wp-json\/wp\/v2\/posts"}],"about":[{"href":"https:\/\/www.theconservative.online\/sv\/wp-json\/wp\/v2\/types\/post"}],"author":[{"embeddable":true,"href":"https:\/\/www.theconservative.online\/sv\/wp-json\/wp\/v2\/users\/79"}],"replies":[{"embeddable":true,"href":"https:\/\/www.theconservative.online\/sv\/wp-json\/wp\/v2\/comments?post=62992"}],"version-history":[{"count":0,"href":"https:\/\/www.theconservative.online\/sv\/wp-json\/wp\/v2\/posts\/62992\/revisions"}],"wp:featuredmedia":[{"embeddable":true,"href":"https:\/\/www.theconservative.online\/sv\/wp-json\/wp\/v2\/media\/62771"}],"wp:attachment":[{"href":"https:\/\/www.theconservative.online\/sv\/wp-json\/wp\/v2\/media?parent=62992"}],"wp:term":[{"taxonomy":"category","embeddable":true,"href":"https:\/\/www.theconservative.online\/sv\/wp-json\/wp\/v2\/categories?post=62992"},{"taxonomy":"post_tag","embeddable":true,"href":"https:\/\/www.theconservative.online\/sv\/wp-json\/wp\/v2\/tags?post=62992"},{"taxonomy":"editorial-positions","embeddable":true,"href":"https:\/\/www.theconservative.online\/sv\/wp-json\/wp\/v2\/editorial-positions?post=62992"},{"taxonomy":"regions","embeddable":true,"href":"https:\/\/www.theconservative.online\/sv\/wp-json\/wp\/v2\/regions?post=62992"},{"taxonomy":"types","embeddable":true,"href":"https:\/\/www.theconservative.online\/sv\/wp-json\/wp\/v2\/types?post=62992"}],"curies":[{"name":"wp","href":"https:\/\/api.w.org\/{rel}","templated":true}]}}