{"id":63000,"date":"2026-08-30T12:12:50","date_gmt":"2026-08-30T12:12:50","guid":{"rendered":"https:\/\/www.theconservative.online\/att-bevara-den-europeiska-identiteten-innebar-att-bevara-dess-folks-identitet"},"modified":"2026-08-30T12:12:50","modified_gmt":"2026-08-30T12:12:50","slug":"att-bevara-den-europeiska-identiteten-innebar-att-bevara-dess-folks-identitet","status":"publish","type":"post","link":"https:\/\/www.theconservative.online\/sv\/att-bevara-den-europeiska-identiteten-innebar-att-bevara-dess-folks-identitet","title":{"rendered":"Att bevara den europeiska identiteten inneb\u00e4r att bevara dess folks identitet"},"content":{"rendered":"<p>Europa genomg\u00e5r en demografisk f\u00f6r\u00e4ndring som inte l\u00e4ngre kan betraktas som enbart en statistisk fr\u00e5ga. Den 1 januari 2026 uppgick befolkningen i Europeiska unionen till cirka 452 miljoner inv\u00e5nare, en \u00f6kning med 706 000 personer j\u00e4mf\u00f6rt med f\u00f6reg\u00e5ende \u00e5r. Men bakom denna till synes positiva siffra d\u00f6ljer sig en helt annan verklighet: under 2025 f\u00f6ddes endast 3,46 miljoner barn i EU, medan 4,81 miljoner m\u00e4nniskor avled. Den naturliga befolkningsbalansen var d\u00e4rf\u00f6r negativ med cirka 1,35 miljoner m\u00e4nniskor. Den totala befolknings\u00f6kningen var m\u00f6jlig uteslutande tack vare en positiv nettoinvandring. Detta \u00e4r den utg\u00e5ngspunkt fr\u00e5n vilken varje seri\u00f6s reflektion \u00f6ver Europas framtid b\u00f6r utg\u00e5.<br \/>\nEuropa v\u00e4xer inte bara l\u00e5ngsammare. Det har redan g\u00e5tt in i en fas d\u00e4r fler m\u00e4nniskor d\u00f6r \u00e4n f\u00f6ds. Denna utveckling, som strukturellt sett inleddes 2012, \u00e5tf\u00f6ljs av en gradvis \u00e5ldrande befolkning.<br \/>\nEnligt Europeiska kommissionens prognoser kommer denna f\u00f6r\u00e4ndring att bli \u00e4nnu tydligare under de kommande decennierna: Europas befolkning f\u00f6rv\u00e4ntas n\u00e5 sin h\u00f6gsta niv\u00e5 och d\u00e4refter minska, samtidigt som andelen \u00e4ldre kommer att \u00f6ka och andelen personer i arbetsf\u00f6r \u00e5lder kommer att minska.<br \/>\nProblemet g\u00e4ller allts\u00e5 inte bara pensioner, h\u00e4lso- och sjukv\u00e5rd, produktivitet eller arbetsmarknaden.<br \/>\nVi m\u00e5ste ocks\u00e5 st\u00e4lla oss en mycket djupare fr\u00e5ga: hur kan en civilisation bevara sin identitet om det blir allt sv\u00e5rare att f\u00f6ra den vidare fr\u00e5n en generation till n\u00e4sta?<br \/>\nAlltf\u00f6r l\u00e4nge har vi betraktat demografi som ett \u00e4mne f\u00f6r ekonomer och statistiker. Men ett samh\u00e4lle \u00e4r inte bara summan av sin arbetskraft.<br \/>\nEtt samh\u00e4lle \u00e4r ocks\u00e5 ett minne.<br \/>\nDet \u00e4r spr\u00e5k, litteratur, konst, tradition, religion, seder, landskap, arkitektur, musik och historia. Det \u00e4r allt som en generation tar emot fr\u00e5n den f\u00f6reg\u00e5ende och frivilligt v\u00e4ljer att f\u00f6ra vidare till n\u00e4sta.<br \/>\nEtt spr\u00e5k bevaras genom att det l\u00e4rs ut till barnen. En tradition bevaras genom att den f\u00f6rmedlas. Det kulturella arvet bevaras genom att n\u00e5gon anser att det \u00e4r tillr\u00e4ckligt viktigt f\u00f6r att f\u00f6ras vidare till kommande generationer.<br \/>\nDet \u00e4r d\u00e4rf\u00f6r som Europas befolkningsminskning ocks\u00e5 \u00e4r ett problem som r\u00f6r den kulturella kontinuiteten.<br \/>\nOch det \u00e4r just h\u00e4r som en genuint konservativ reflektion b\u00f6r ta sin b\u00f6rjan.<br \/>\nAtt bevara betyder inte att man avvisar f\u00f6r\u00e4ndring. Det inneb\u00e4r att man f\u00f6rhindrar att f\u00f6r\u00e4ndringen f\u00f6rst\u00f6r det som \u00e4r v\u00e4rt att bevara.<br \/>\nEuropa beh\u00f6ver inte skapa en ny identitet genom att radera de identiteter som redan finns. Tv\u00e4rtom m\u00e5ste man inse att Europas identitet har sitt ursprung i m\u00e5ngfalden bland dess folk.<br \/>\nEuropa best\u00e5r av Italien, Frankrike, Tyskland, Spanien, Grekland, Polen, Irland, Ungern och m\u00e5nga fler l\u00e4nder. Det best\u00e5r av olika spr\u00e5k, olika traditioner och olika historiska minnen.<br \/>\nDenna m\u00e5ngfald utg\u00f6r inget hinder f\u00f6r den europeiska identiteten.<br \/>\nDet \u00e4r den europeiska identiteten.<br \/>\nDet europeiska projektet b\u00f6r d\u00e4rf\u00f6r sluta blanda ihop integration med homogenisering.<br \/>\nEn EU-medborgare b\u00f6r inte tvingas v\u00e4lja mellan sin nationella identitet och sin europeiska identitet. Man kan vara djupt italiensk och djupt europeisk; djupt polsk och djupt europeisk; djupt grekisk och djupt europeisk.<br \/>\nDet \u00e4r just styrkan i de identiteter som utg\u00f6r kontinenten som g\u00f6r det m\u00f6jligt att skapa en starkare europeisk identitet.<br \/>\nEuropeiska kommissionens  <em>Kulturkompass f\u00f6r Europa<\/em>  erk\u00e4nner dessutom den kulturella och spr\u00e5kliga m\u00e5ngfalden som grundl\u00e4ggande delar av Europas kulturarv och tillskriver kulturen en viktig roll n\u00e4r det g\u00e4ller att skapa en k\u00e4nsla av tillh\u00f6righet.<br \/>\nDenna princip b\u00f6r dras till sina politiska konsekvenser.<br \/>\nAtt r\u00e4dda Europa inneb\u00e4r att r\u00e4dda de kulturer som utg\u00f6r det.<br \/>\nOch f\u00f6r att r\u00e4dda dem r\u00e4cker det inte med att finansiera museer eller restaurera monument. Vi m\u00e5ste se till att det finns nya generationer som kan ta \u00f6ver dem.<br \/>\nDet finns ingen mirakel\u00e5tg\u00e4rd som kan l\u00f6sa problemet med sjunkande f\u00f6delsetal. Beslutet att skaffa barn beror p\u00e5 mycket olika ekonomiska, sociala och kulturella f\u00f6rh\u00e5llanden.<br \/>\nMen just av den anledningen \u00e4r det n\u00f6dv\u00e4ndigt att skapa en milj\u00f6 d\u00e4r moderskap inte inneb\u00e4r n\u00e5gon nackdel.<br \/>\nEuropa m\u00e5ste p\u00e5 allvar granska skillnaderna mellan sina medlemsstater. F\u00f6delsetalen \u00e4r inte desamma \u00f6verallt, och familjepolitiken kan, tillsammans med de ekonomiska f\u00f6rh\u00e5llandena, syssels\u00e4ttningsl\u00e4get och bostadsf\u00f6rh\u00e5llandena, bidra till att skapa f\u00f6rh\u00e5llanden som \u00e4r mer eller mindre gynnsamma f\u00f6r att bilda familj.<br \/>\nDetta inneb\u00e4r inte att man h\u00e4vdar att det finns ett automatiskt samband mellan en enskild f\u00f6rm\u00e5n och antalet barn.<br \/>\nDet inneb\u00e4r att man m\u00e5ste inse att om ett samh\u00e4lle vill ha fler f\u00f6dslar m\u00e5ste det underl\u00e4tta f\u00f6r m\u00e4nniskor att skaffa barn.<br \/>\nOch detta inneb\u00e4r skatteincitament, st\u00f6d till m\u00f6drar, barnomsorg, bostadspolitik, f\u00f6r\u00e4ldraledighet, flexibilitet p\u00e5 arbetsplatsen och framf\u00f6r allt ett samh\u00e4lleligt erk\u00e4nnande av moderskapets v\u00e4rde.<br \/>\nModerskapet \u00e4r en investering i samh\u00e4llets framtid.<br \/>\nMen en befolkningspolitik utan en utbildningspolitik skulle vara otillr\u00e4cklig.<br \/>\nVi kan f\u00e5 fler barn, men om dessa barn v\u00e4xer upp utan att k\u00e4nna till sin historia, litteratur och kultur \u00e4r kontinuiteten \u00e4nd\u00e5 inte garanterad.<br \/>\nSkolorna m\u00e5ste \u00e5terigen bli platser f\u00f6r kunskapsf\u00f6rmedling.<br \/>\nDante, Shakespeare, Cervantes, Goethe, Homeros och Manzoni h\u00f6r inte hemma i ett museum f\u00f6r det f\u00f6rflutna. De ing\u00e5r i det kulturarv genom vilket Europa har byggt upp sin identitet.<br \/>\nEtt samh\u00e4lle som \u00e4r tryggt i sin identitet beh\u00f6ver inte utpl\u00e5na det som fanns f\u00f6re det.<br \/>\nMan kan kritisera det. Man kan diskutera det. Man kan till och med avvisa vissa delar av det.<br \/>\nMen f\u00f6rst m\u00e5ste den veta det.<br \/>\nDet \u00e4r h\u00e4r vi m\u00e5ste g\u00e5 mot str\u00f6mmen av  <em>avskaffandekulturen<\/em>.<br \/>\nKulturen f\u00e5r inte bli en st\u00e4ndig pr\u00f6vning av det f\u00f6rflutna, d\u00e4r varje verk uteslutande bed\u00f6ms utifr\u00e5n dagens moraliska normer. Kulturell frihet inneb\u00e4r ocks\u00e5 m\u00f6jligheten att f\u00f6rh\u00e5lla sig till obekv\u00e4ma id\u00e9er, kontroversiella verk och problematiska historiska gestalter.<br \/>\nUtbildningen b\u00f6r fostra medborgare som kan bilda sig en egen uppfattning, inte generationer som \u00e4r of\u00f6rm\u00f6gna att skaffa sig kunskap.<br \/>\nSlutligen finns det ett samband mellan demografi och social sammanh\u00e5llning som inte b\u00f6r underskattas.<br \/>\nEtt samh\u00e4lle som \u00e5ldras, krymper och betraktar sin kultur som n\u00e5got som b\u00f6r h\u00e5llas dolt kan bli mer os\u00e4kert. Och ett os\u00e4kert samh\u00e4lle l\u00f6per st\u00f6rre risk att uppfatta f\u00f6r\u00e4ndring som ett hot.<br \/>\nDet \u00e4r just i detta sammanhang som fr\u00e4mlingsfientlighet ocks\u00e5 kan v\u00e4xa fram.<br \/>\nAv denna anledning f\u00e5r en seri\u00f6s befolkningspolitik inte uppfattas som n\u00e5got som g\u00e5r emot invandring. Den m\u00e5ste ses som ett s\u00e4tt att st\u00e4rka europ\u00e9ernas f\u00f6rtroende f\u00f6r sin egen f\u00f6rm\u00e5ga att skapa en framtid.<br \/>\nLaglig och ordnad invandring kan bromsa den demografiska nedg\u00e5ngen och bidra till att kompensera f\u00f6r den krympande arbetskraften, men den kan inte ers\u00e4tta en politik som syftar till att \u00f6ka f\u00f6delsetalen. Uppgifter fr\u00e5n Eurostat visar tydligt att Europas befolknings\u00f6kning under de senaste \u00e5ren har varit beroende av nettomigrationen, medan den naturliga befolkningsbalansen har varit starkt negativ.<br \/>\nSvaret kan d\u00e4rf\u00f6r inte vara att v\u00e4lja mellan familjer och invandring.<br \/>\nM\u00e5let m\u00e5ste vara att bygga ett Europa som har tillr\u00e4ckligt stort sj\u00e4lvf\u00f6rtroende f\u00f6r att kunna g\u00f6ra b\u00e5da delarna utan r\u00e4dsla.<br \/>\nDet \u00e4r d\u00e4rf\u00f6r som befolkningsutvecklingen b\u00f6r bli en av Europeiska unionens viktigaste politiska prioriteringar.<br \/>\nInnan Europa ens finansierar nya stora industripolitiska satsningar, omfattande ekonomiska projekt eller ytterligare investeringsprogram m\u00e5ste man st\u00e4lla sig fr\u00e5gan: Vem kommer att leva, arbeta och bygga upp det samh\u00e4llet om tjugo, trettio eller femtio \u00e5r?<br \/>\nDen b\u00f6r d\u00e4rf\u00f6r fr\u00e4mja gemensamma och bindande \u00e5tg\u00e4rder f\u00f6r att st\u00f6dja befolknings\u00f6kningen, samtidigt som medlemsstaterna ges m\u00f6jlighet att v\u00e4lja de verktyg som b\u00e4st passar deras egna sociala traditioner, men med gemensamma m\u00e5l.<br \/>\nI centrum m\u00e5ste m\u00f6drarna och familjerna st\u00e5: skatteincitament, bostadsst\u00f6d, tj\u00e4nster, f\u00f6r\u00e4ldraledighet, social trygghet och arbetsvillkor som \u00e4r f\u00f6renliga med moderskapet.<br \/>\nJ\u00e4mf\u00f6relser mellan europeiska l\u00e4nder b\u00f6r bli en verklig forskningspolitik: att unders\u00f6ka var nedg\u00e5ngen i f\u00f6delsetalen \u00e4r mindre markant, vilka f\u00f6rh\u00e5llanden som \u00e5tf\u00f6ljer den och vilka \u00e5tg\u00e4rder som kan \u00f6verf\u00f6ras till andra l\u00e4nder. Inte f\u00f6r att utlova mirakel, utan f\u00f6r att dra l\u00e4rdom av resultaten.<br \/>\nF\u00f6r utan familjer finns det inga arbetstagare.<br \/>\nUtan barn finns det ingen framtid.<br \/>\nOch utan kulturell vidaref\u00f6rmedling finns det ingen identitet.<br \/>\nAtt bevara den europeiska identiteten inneb\u00e4r inte att man skapar ett enhetligt Europa. Det inneb\u00e4r att man bevarar den enast\u00e5ende m\u00e5ngfalden bland dess folk.<br \/>\nDet inneb\u00e4r att man l\u00e5ter var och en av dem bevara sitt eget spr\u00e5k, sin historia och sina traditioner inom ramen f\u00f6r ett gemensamt europeiskt hem.<br \/>\nEtt Europa som \u00e5terigen v\u00e4lkomnar barn, \u00e5terigen undervisar om sin historia och inte l\u00e4ngre betraktar sitt kulturarv som en b\u00f6rda fr\u00e5n det f\u00f6rflutna kommer ocks\u00e5 att vara ett Europa som \u00e4r mindre r\u00e4dd f\u00f6r omv\u00e4rlden.<br \/>\nF\u00f6r de som har f\u00f6rtroende f\u00f6r sin egen identitet beh\u00f6ver inte vara r\u00e4dda f\u00f6r andra.<br \/>\nDe beh\u00f6ver helt enkelt ha n\u00e5got som \u00e4r v\u00e4rt att f\u00f6ra vidare.<\/p>\n<\/p>","protected":false},"excerpt":{"rendered":"<p>Europa genomg\u00e5r en demografisk f\u00f6r\u00e4ndring som inte l\u00e4ngre kan betraktas som enbart en statistisk fr\u00e5ga. Den 1 januari 2026 uppgick befolkningen i Europeiska unionen till cirka 452 miljoner inv\u00e5nare, en \u00f6kning med 706 000 personer j\u00e4mf\u00f6rt med f\u00f6reg\u00e5ende \u00e5r. Men bakom denna till synes positiva siffra d\u00f6ljer sig en helt annan verklighet: under 2025 f\u00f6ddes [&hellip;]<\/p>\n","protected":false},"author":93,"featured_media":62795,"comment_status":"closed","ping_status":"closed","sticky":false,"template":"","format":"standard","meta":{"footnotes":""},"categories":[1465,168],"tags":[3481,268,1406,3480],"editorial-positions":[],"regions":[],"types":[453],"class_list":["post-63000","post","type-post","status-publish","format-standard","has-post-thumbnail","hentry","category-att-bygga-ett-konservativt-europa","category-kultur","tag-demografic-trasformation","tag-europe","tag-identity","tag-peoples","types-opinion-sv"],"yoast_head":"<!-- This site is optimized with the Yoast SEO plugin v28.0 - https:\/\/yoast.com\/product\/yoast-seo-wordpress\/ -->\n<title>Att bevara den europeiska identiteten inneb\u00e4r att bevara dess folks identitet - The Conservative<\/title>\n<meta name=\"robots\" content=\"index, follow, max-snippet:-1, max-image-preview:large, max-video-preview:-1\" \/>\n<link rel=\"canonical\" href=\"https:\/\/www.theconservative.online\/sv\/att-bevara-den-europeiska-identiteten-innebar-att-bevara-dess-folks-identitet\" \/>\n<meta property=\"og:locale\" content=\"sv_SE\" \/>\n<meta property=\"og:type\" content=\"article\" \/>\n<meta property=\"og:title\" content=\"Att bevara den europeiska identiteten inneb\u00e4r att bevara dess folks identitet - The Conservative\" \/>\n<meta property=\"og:description\" content=\"Europa genomg\u00e5r en demografisk f\u00f6r\u00e4ndring som inte l\u00e4ngre kan betraktas som enbart en statistisk fr\u00e5ga. Den 1 januari 2026 uppgick befolkningen i Europeiska unionen till cirka 452 miljoner inv\u00e5nare, en \u00f6kning med 706 000 personer j\u00e4mf\u00f6rt med f\u00f6reg\u00e5ende \u00e5r. Men bakom denna till synes positiva siffra d\u00f6ljer sig en helt annan verklighet: under 2025 f\u00f6ddes [&hellip;]\" \/>\n<meta property=\"og:url\" content=\"https:\/\/www.theconservative.online\/sv\/att-bevara-den-europeiska-identiteten-innebar-att-bevara-dess-folks-identitet\" \/>\n<meta property=\"og:site_name\" content=\"The Conservative\" \/>\n<meta property=\"article:published_time\" content=\"2026-08-30T12:12:50+00:00\" \/>\n<meta property=\"og:image\" content=\"https:\/\/www.theconservative.online\/wp-content\/uploads\/2026\/08\/bandiere-stati-eu.jpg\" \/>\n\t<meta property=\"og:image:width\" content=\"1024\" \/>\n\t<meta property=\"og:image:height\" content=\"1024\" \/>\n\t<meta property=\"og:image:type\" content=\"image\/jpeg\" \/>\n<meta name=\"author\" content=\"Sofia Valenti\" \/>\n<meta name=\"twitter:card\" content=\"summary_large_image\" \/>\n<meta name=\"twitter:label1\" content=\"Skriven av\" \/>\n\t<meta name=\"twitter:data1\" content=\"Sofia Valenti\" \/>\n\t<meta name=\"twitter:label2\" content=\"Ber\u00e4knad l\u00e4stid\" \/>\n\t<meta name=\"twitter:data2\" content=\"8 minuter\" \/>\n<script type=\"application\/ld+json\" class=\"yoast-schema-graph\">{\"@context\":\"https:\\\/\\\/schema.org\",\"@graph\":[{\"@type\":\"Article\",\"@id\":\"https:\\\/\\\/www.theconservative.online\\\/sv\\\/att-bevara-den-europeiska-identiteten-innebar-att-bevara-dess-folks-identitet#article\",\"isPartOf\":{\"@id\":\"https:\\\/\\\/www.theconservative.online\\\/sv\\\/att-bevara-den-europeiska-identiteten-innebar-att-bevara-dess-folks-identitet\"},\"author\":{\"name\":\"Sofia Valenti\",\"@id\":\"https:\\\/\\\/www.theconservative.online\\\/sv#\\\/schema\\\/person\\\/ba597107f354c40637f85460639c2da8\"},\"headline\":\"Att bevara den europeiska identiteten inneb\u00e4r att bevara dess folks identitet\",\"datePublished\":\"2026-08-30T12:12:50+00:00\",\"mainEntityOfPage\":{\"@id\":\"https:\\\/\\\/www.theconservative.online\\\/sv\\\/att-bevara-den-europeiska-identiteten-innebar-att-bevara-dess-folks-identitet\"},\"wordCount\":1679,\"image\":{\"@id\":\"https:\\\/\\\/www.theconservative.online\\\/sv\\\/att-bevara-den-europeiska-identiteten-innebar-att-bevara-dess-folks-identitet#primaryimage\"},\"thumbnailUrl\":\"https:\\\/\\\/www.theconservative.online\\\/wp-content\\\/uploads\\\/2026\\\/08\\\/bandiere-stati-eu.jpg\",\"keywords\":[\"demografic trasformation\",\"europe\",\"identity\",\"peoples\"],\"articleSection\":[\"Att bygga ett konservativt Europa\",\"Kultur\"],\"inLanguage\":\"sv-SE\"},{\"@type\":\"WebPage\",\"@id\":\"https:\\\/\\\/www.theconservative.online\\\/sv\\\/att-bevara-den-europeiska-identiteten-innebar-att-bevara-dess-folks-identitet\",\"url\":\"https:\\\/\\\/www.theconservative.online\\\/sv\\\/att-bevara-den-europeiska-identiteten-innebar-att-bevara-dess-folks-identitet\",\"name\":\"Att bevara den europeiska identiteten inneb\u00e4r att bevara dess folks identitet - The Conservative\",\"isPartOf\":{\"@id\":\"https:\\\/\\\/www.theconservative.online\\\/sv#website\"},\"primaryImageOfPage\":{\"@id\":\"https:\\\/\\\/www.theconservative.online\\\/sv\\\/att-bevara-den-europeiska-identiteten-innebar-att-bevara-dess-folks-identitet#primaryimage\"},\"image\":{\"@id\":\"https:\\\/\\\/www.theconservative.online\\\/sv\\\/att-bevara-den-europeiska-identiteten-innebar-att-bevara-dess-folks-identitet#primaryimage\"},\"thumbnailUrl\":\"https:\\\/\\\/www.theconservative.online\\\/wp-content\\\/uploads\\\/2026\\\/08\\\/bandiere-stati-eu.jpg\",\"datePublished\":\"2026-08-30T12:12:50+00:00\",\"author\":{\"@id\":\"https:\\\/\\\/www.theconservative.online\\\/sv#\\\/schema\\\/person\\\/ba597107f354c40637f85460639c2da8\"},\"breadcrumb\":{\"@id\":\"https:\\\/\\\/www.theconservative.online\\\/sv\\\/att-bevara-den-europeiska-identiteten-innebar-att-bevara-dess-folks-identitet#breadcrumb\"},\"inLanguage\":\"sv-SE\",\"potentialAction\":[{\"@type\":\"ReadAction\",\"target\":[\"https:\\\/\\\/www.theconservative.online\\\/sv\\\/att-bevara-den-europeiska-identiteten-innebar-att-bevara-dess-folks-identitet\"]}]},{\"@type\":\"ImageObject\",\"inLanguage\":\"sv-SE\",\"@id\":\"https:\\\/\\\/www.theconservative.online\\\/sv\\\/att-bevara-den-europeiska-identiteten-innebar-att-bevara-dess-folks-identitet#primaryimage\",\"url\":\"https:\\\/\\\/www.theconservative.online\\\/wp-content\\\/uploads\\\/2026\\\/08\\\/bandiere-stati-eu.jpg\",\"contentUrl\":\"https:\\\/\\\/www.theconservative.online\\\/wp-content\\\/uploads\\\/2026\\\/08\\\/bandiere-stati-eu.jpg\",\"width\":1024,\"height\":1024},{\"@type\":\"BreadcrumbList\",\"@id\":\"https:\\\/\\\/www.theconservative.online\\\/sv\\\/att-bevara-den-europeiska-identiteten-innebar-att-bevara-dess-folks-identitet#breadcrumb\",\"itemListElement\":[{\"@type\":\"ListItem\",\"position\":1,\"name\":\"Home\",\"item\":\"https:\\\/\\\/www.theconservative.online\\\/sv\"},{\"@type\":\"ListItem\",\"position\":2,\"name\":\"Att bevara den europeiska identiteten inneb\u00e4r att bevara dess folks identitet\"}]},{\"@type\":\"WebSite\",\"@id\":\"https:\\\/\\\/www.theconservative.online\\\/sv#website\",\"url\":\"https:\\\/\\\/www.theconservative.online\\\/sv\",\"name\":\"The Conservative\",\"description\":\"\",\"potentialAction\":[{\"@type\":\"SearchAction\",\"target\":{\"@type\":\"EntryPoint\",\"urlTemplate\":\"https:\\\/\\\/www.theconservative.online\\\/sv?s={search_term_string}\"},\"query-input\":{\"@type\":\"PropertyValueSpecification\",\"valueRequired\":true,\"valueName\":\"search_term_string\"}}],\"inLanguage\":\"sv-SE\"},{\"@type\":\"Person\",\"@id\":\"https:\\\/\\\/www.theconservative.online\\\/sv#\\\/schema\\\/person\\\/ba597107f354c40637f85460639c2da8\",\"name\":\"Sofia Valenti\",\"image\":{\"@type\":\"ImageObject\",\"inLanguage\":\"sv-SE\",\"@id\":\"https:\\\/\\\/secure.gravatar.com\\\/avatar\\\/b8358b98da87b71bcc40d48623c024d8cf0e1c2986353618ef2cc48000381c12?s=96&d=mm&r=g\",\"url\":\"https:\\\/\\\/secure.gravatar.com\\\/avatar\\\/b8358b98da87b71bcc40d48623c024d8cf0e1c2986353618ef2cc48000381c12?s=96&d=mm&r=g\",\"contentUrl\":\"https:\\\/\\\/secure.gravatar.com\\\/avatar\\\/b8358b98da87b71bcc40d48623c024d8cf0e1c2986353618ef2cc48000381c12?s=96&d=mm&r=g\",\"caption\":\"Sofia Valenti\"},\"url\":\"https:\\\/\\\/www.theconservative.online\\\/sv\\\/author\\\/bellantone-euspec-2026-2027\"}]}<\/script>\n<!-- \/ Yoast SEO plugin. -->","yoast_head_json":{"title":"Att bevara den europeiska identiteten inneb\u00e4r att bevara dess folks identitet - The Conservative","robots":{"index":"index","follow":"follow","max-snippet":"max-snippet:-1","max-image-preview":"max-image-preview:large","max-video-preview":"max-video-preview:-1"},"canonical":"https:\/\/www.theconservative.online\/sv\/att-bevara-den-europeiska-identiteten-innebar-att-bevara-dess-folks-identitet","og_locale":"sv_SE","og_type":"article","og_title":"Att bevara den europeiska identiteten inneb\u00e4r att bevara dess folks identitet - The Conservative","og_description":"Europa genomg\u00e5r en demografisk f\u00f6r\u00e4ndring som inte l\u00e4ngre kan betraktas som enbart en statistisk fr\u00e5ga. Den 1 januari 2026 uppgick befolkningen i Europeiska unionen till cirka 452 miljoner inv\u00e5nare, en \u00f6kning med 706 000 personer j\u00e4mf\u00f6rt med f\u00f6reg\u00e5ende \u00e5r. Men bakom denna till synes positiva siffra d\u00f6ljer sig en helt annan verklighet: under 2025 f\u00f6ddes [&hellip;]","og_url":"https:\/\/www.theconservative.online\/sv\/att-bevara-den-europeiska-identiteten-innebar-att-bevara-dess-folks-identitet","og_site_name":"The Conservative","article_published_time":"2026-08-30T12:12:50+00:00","og_image":[{"width":1024,"height":1024,"url":"https:\/\/www.theconservative.online\/wp-content\/uploads\/2026\/08\/bandiere-stati-eu.jpg","type":"image\/jpeg"}],"author":"Sofia Valenti","twitter_card":"summary_large_image","twitter_misc":{"Skriven av":"Sofia Valenti","Ber\u00e4knad l\u00e4stid":"8 minuter"},"schema":{"@context":"https:\/\/schema.org","@graph":[{"@type":"Article","@id":"https:\/\/www.theconservative.online\/sv\/att-bevara-den-europeiska-identiteten-innebar-att-bevara-dess-folks-identitet#article","isPartOf":{"@id":"https:\/\/www.theconservative.online\/sv\/att-bevara-den-europeiska-identiteten-innebar-att-bevara-dess-folks-identitet"},"author":{"name":"Sofia Valenti","@id":"https:\/\/www.theconservative.online\/sv#\/schema\/person\/ba597107f354c40637f85460639c2da8"},"headline":"Att bevara den europeiska identiteten inneb\u00e4r att bevara dess folks identitet","datePublished":"2026-08-30T12:12:50+00:00","mainEntityOfPage":{"@id":"https:\/\/www.theconservative.online\/sv\/att-bevara-den-europeiska-identiteten-innebar-att-bevara-dess-folks-identitet"},"wordCount":1679,"image":{"@id":"https:\/\/www.theconservative.online\/sv\/att-bevara-den-europeiska-identiteten-innebar-att-bevara-dess-folks-identitet#primaryimage"},"thumbnailUrl":"https:\/\/www.theconservative.online\/wp-content\/uploads\/2026\/08\/bandiere-stati-eu.jpg","keywords":["demografic trasformation","europe","identity","peoples"],"articleSection":["Att bygga ett konservativt Europa","Kultur"],"inLanguage":"sv-SE"},{"@type":"WebPage","@id":"https:\/\/www.theconservative.online\/sv\/att-bevara-den-europeiska-identiteten-innebar-att-bevara-dess-folks-identitet","url":"https:\/\/www.theconservative.online\/sv\/att-bevara-den-europeiska-identiteten-innebar-att-bevara-dess-folks-identitet","name":"Att bevara den europeiska identiteten inneb\u00e4r att bevara dess folks identitet - The Conservative","isPartOf":{"@id":"https:\/\/www.theconservative.online\/sv#website"},"primaryImageOfPage":{"@id":"https:\/\/www.theconservative.online\/sv\/att-bevara-den-europeiska-identiteten-innebar-att-bevara-dess-folks-identitet#primaryimage"},"image":{"@id":"https:\/\/www.theconservative.online\/sv\/att-bevara-den-europeiska-identiteten-innebar-att-bevara-dess-folks-identitet#primaryimage"},"thumbnailUrl":"https:\/\/www.theconservative.online\/wp-content\/uploads\/2026\/08\/bandiere-stati-eu.jpg","datePublished":"2026-08-30T12:12:50+00:00","author":{"@id":"https:\/\/www.theconservative.online\/sv#\/schema\/person\/ba597107f354c40637f85460639c2da8"},"breadcrumb":{"@id":"https:\/\/www.theconservative.online\/sv\/att-bevara-den-europeiska-identiteten-innebar-att-bevara-dess-folks-identitet#breadcrumb"},"inLanguage":"sv-SE","potentialAction":[{"@type":"ReadAction","target":["https:\/\/www.theconservative.online\/sv\/att-bevara-den-europeiska-identiteten-innebar-att-bevara-dess-folks-identitet"]}]},{"@type":"ImageObject","inLanguage":"sv-SE","@id":"https:\/\/www.theconservative.online\/sv\/att-bevara-den-europeiska-identiteten-innebar-att-bevara-dess-folks-identitet#primaryimage","url":"https:\/\/www.theconservative.online\/wp-content\/uploads\/2026\/08\/bandiere-stati-eu.jpg","contentUrl":"https:\/\/www.theconservative.online\/wp-content\/uploads\/2026\/08\/bandiere-stati-eu.jpg","width":1024,"height":1024},{"@type":"BreadcrumbList","@id":"https:\/\/www.theconservative.online\/sv\/att-bevara-den-europeiska-identiteten-innebar-att-bevara-dess-folks-identitet#breadcrumb","itemListElement":[{"@type":"ListItem","position":1,"name":"Home","item":"https:\/\/www.theconservative.online\/sv"},{"@type":"ListItem","position":2,"name":"Att bevara den europeiska identiteten inneb\u00e4r att bevara dess folks identitet"}]},{"@type":"WebSite","@id":"https:\/\/www.theconservative.online\/sv#website","url":"https:\/\/www.theconservative.online\/sv","name":"The Conservative","description":"","potentialAction":[{"@type":"SearchAction","target":{"@type":"EntryPoint","urlTemplate":"https:\/\/www.theconservative.online\/sv?s={search_term_string}"},"query-input":{"@type":"PropertyValueSpecification","valueRequired":true,"valueName":"search_term_string"}}],"inLanguage":"sv-SE"},{"@type":"Person","@id":"https:\/\/www.theconservative.online\/sv#\/schema\/person\/ba597107f354c40637f85460639c2da8","name":"Sofia Valenti","image":{"@type":"ImageObject","inLanguage":"sv-SE","@id":"https:\/\/secure.gravatar.com\/avatar\/b8358b98da87b71bcc40d48623c024d8cf0e1c2986353618ef2cc48000381c12?s=96&d=mm&r=g","url":"https:\/\/secure.gravatar.com\/avatar\/b8358b98da87b71bcc40d48623c024d8cf0e1c2986353618ef2cc48000381c12?s=96&d=mm&r=g","contentUrl":"https:\/\/secure.gravatar.com\/avatar\/b8358b98da87b71bcc40d48623c024d8cf0e1c2986353618ef2cc48000381c12?s=96&d=mm&r=g","caption":"Sofia Valenti"},"url":"https:\/\/www.theconservative.online\/sv\/author\/bellantone-euspec-2026-2027"}]}},"acf":[],"_links":{"self":[{"href":"https:\/\/www.theconservative.online\/sv\/wp-json\/wp\/v2\/posts\/63000","targetHints":{"allow":["GET"]}}],"collection":[{"href":"https:\/\/www.theconservative.online\/sv\/wp-json\/wp\/v2\/posts"}],"about":[{"href":"https:\/\/www.theconservative.online\/sv\/wp-json\/wp\/v2\/types\/post"}],"author":[{"embeddable":true,"href":"https:\/\/www.theconservative.online\/sv\/wp-json\/wp\/v2\/users\/93"}],"replies":[{"embeddable":true,"href":"https:\/\/www.theconservative.online\/sv\/wp-json\/wp\/v2\/comments?post=63000"}],"version-history":[{"count":0,"href":"https:\/\/www.theconservative.online\/sv\/wp-json\/wp\/v2\/posts\/63000\/revisions"}],"wp:featuredmedia":[{"embeddable":true,"href":"https:\/\/www.theconservative.online\/sv\/wp-json\/wp\/v2\/media\/62795"}],"wp:attachment":[{"href":"https:\/\/www.theconservative.online\/sv\/wp-json\/wp\/v2\/media?parent=63000"}],"wp:term":[{"taxonomy":"category","embeddable":true,"href":"https:\/\/www.theconservative.online\/sv\/wp-json\/wp\/v2\/categories?post=63000"},{"taxonomy":"post_tag","embeddable":true,"href":"https:\/\/www.theconservative.online\/sv\/wp-json\/wp\/v2\/tags?post=63000"},{"taxonomy":"editorial-positions","embeddable":true,"href":"https:\/\/www.theconservative.online\/sv\/wp-json\/wp\/v2\/editorial-positions?post=63000"},{"taxonomy":"regions","embeddable":true,"href":"https:\/\/www.theconservative.online\/sv\/wp-json\/wp\/v2\/regions?post=63000"},{"taxonomy":"types","embeddable":true,"href":"https:\/\/www.theconservative.online\/sv\/wp-json\/wp\/v2\/types?post=63000"}],"curies":[{"name":"wp","href":"https:\/\/api.w.org\/{rel}","templated":true}]}}