{"id":63011,"date":"2026-08-29T13:21:29","date_gmt":"2026-08-29T13:21:29","guid":{"rendered":"https:\/\/www.theconservative.online\/island-rostar-om-att-ateruppta-sin-vag-mot-europeiska-unionen"},"modified":"2026-08-29T13:21:29","modified_gmt":"2026-08-29T13:21:29","slug":"island-rostar-om-att-ateruppta-sin-vag-mot-europeiska-unionen","status":"publish","type":"post","link":"https:\/\/www.theconservative.online\/sv\/island-rostar-om-att-ateruppta-sin-vag-mot-europeiska-unionen","title":{"rendered":"Island r\u00f6star om att \u00e5teruppta sin v\u00e4g mot Europeiska unionen"},"content":{"rendered":"<h2>En j\u00e4mn folkomr\u00f6stning lyfter fram ekonomisk oro, fisker\u00e4ttigheter och s\u00e4kerheten i Arktis i en debatt som kan komma att omforma Reykjav\u00edks relation till Bryssel<\/h2>\n<p>Islandarna r\u00f6star om huruvida landet ska \u00e5teruppta medlemskapsf\u00f6rhandlingarna med Europeiska unionen, vilket \u00e5teruppv\u00e4cker en politisk fr\u00e5ga som har varit ol\u00f6st i mer \u00e4n ett decennium. Folkomr\u00f6stningen handlar inte om att v\u00e4ljarna ska godk\u00e4nna ett EU-medlemskap i sig. Ist\u00e4llet ska den avg\u00f6ra om Reykjav\u00edk ska \u00e5teruppta de f\u00f6rhandlingar som avbr\u00f6ts 2013.<\/p>\n<p>\u00c4ven om omr\u00f6stningen formellt sett \u00e4r r\u00e5dgivande har regeringen lovat att f\u00f6lja resultatet. En seger f\u00f6r \u201dja\u201d-sidan skulle d\u00e4rf\u00f6r leda till att f\u00f6rhandlingarna med Bryssel \u00e5terupptas. Eventuella \u00f6verenskommelser som slutligen n\u00e5s skulle sedan beh\u00f6va l\u00e4ggas fram f\u00f6r isl\u00e4nningarna i en andra folkomr\u00f6stning innan landet kan ansluta sig till unionen.<\/p><div class='related_content'><span>RELATED<\/span><ul><li><a href='https:\/\/www.theconservative.online\/sv\/islands-nej-och-nationernas-europa'>Islands \u201dnej\u201d och Nationernas Europa<\/li><\/a><li><a href='https:\/\/www.theconservative.online\/sv\/nagra-reflektioner-efter-utvidgningskommissionarens-tal-i-zagreb'>N\u00e5gra reflektioner efter utvidgningskommission\u00e4rens tal i Zagreb<\/li><\/a><li><a href='https:\/\/www.theconservative.online\/sv\/en-enad-hoger-maste-lyfta-fram-interna-meningsskiljaktigheter'>En enad h\u00f6ger m\u00e5ste lyfta fram interna meningsskiljaktigheter<\/li><\/a><\/ul><\/div>\n<p>Utg\u00e5ngen \u00e4r mycket os\u00e4ker. Tv\u00e5 sista opinionsunders\u00f6kningar visade att de b\u00e5da l\u00e4gren l\u00e5g inom felmarginalen. Mask\u00edna uppm\u00e4tte st\u00f6det f\u00f6r f\u00f6rnyade f\u00f6rhandlingar till 50,4 procent, medan Gallup visade att \u201dnej\u201d-sidan l\u00e5g n\u00e5got f\u00f6re, med 51,6 procent.<\/p>\n<p>Cirka 270 000 personer har r\u00f6str\u00e4tt. Valkontoren \u00f6ppnade kl. 09.00 lokal tid och ska st\u00e4nga kl. 22.00. F\u00f6rhandsr\u00f6stningen har varit ovanligt omfattande: vid middagstid dagen f\u00f6re folkomr\u00f6stningen hade redan 56 774 r\u00f6ster avgivits, varav cirka 17 000 fr\u00e5n utlandet. Huvudstadsregionen noterade sin hittills h\u00f6gsta niv\u00e5 av f\u00f6rhandsr\u00f6stning.<\/p>\n<p>R\u00e4kningen inleds omedelbart efter att vallokalerna st\u00e4ngt, och de f\u00f6rsta delresultaten v\u00e4ntas komma fr\u00e5n det s\u00f6dra distriktet. Inga rikst\u00e4ckande vallokalsunders\u00f6kningar har aviserats.<\/p>\n<p>Bakom den j\u00e4mna valkampen d\u00f6ljer sig en debatt om hur Island ska skydda b\u00e5de sitt v\u00e4lst\u00e5nd och sin sj\u00e4lvst\u00e4ndighet. Landet har redan n\u00e4ra kopplingar till EU genom Europeiska ekonomiska samarbetsomr\u00e5det, Schengenomr\u00e5det och Europeiska frihandelssammanslutningen. Det deltar i den inre marknaden och till\u00e4mpar en betydande del av den europeiska lagstiftningen, trots att det har begr\u00e4nsat inflytande \u00f6ver hur dessa regler utformas.<\/p>\n<p>De som f\u00f6respr\u00e5kar att f\u00f6rhandlingarna ska \u00e5terupptas h\u00e4vdar att Island borde f\u00e5 en plats vid f\u00f6rhandlingsbordet om landet redan \u00e4r skyldigt att genomf\u00f6ra m\u00e5nga av EU:s beslut. Motst\u00e5ndarna anser att den nuvarande ordningen \u00e4r att f\u00f6redra, eftersom den kombinerar tillg\u00e5ng till de europeiska marknaderna med st\u00f6rre nationell sj\u00e4lvst\u00e4ndighet.<\/p>\n<p>Ingen fr\u00e5ga illustrerar denna oro tydligare \u00e4n fisket. Havsresurserna \u00e4r av central betydelse f\u00f6r Islands ekonomi och nationella identitet. Ett fullv\u00e4rdigt medlemskap skulle kr\u00e4va f\u00f6rhandlingar om EU:s gemensamma fiskeripolitik, inklusive fr\u00e5gor om kvoter och tilltr\u00e4de till isl\u00e4ndska vatten. Kritikerna befarar att beslut som idag fattas i Reykjav\u00edk skulle kunna bli f\u00f6rem\u00e5l f\u00f6r kompromisser i Bryssel.<\/p>\n<p>Fisket var ocks\u00e5 den sv\u00e5raste delen av den tidigare anslutningsprocessen. Island ans\u00f6kte om medlemskap 2009, efter att en finansiell kollaps hade \u00f6delagt landets banksystem och f\u00f6rsvagat f\u00f6rtroendet f\u00f6r den nationella valutan. N\u00e4r f\u00f6rhandlingarna avbr\u00f6ts fyra \u00e5r senare hade 27 politikomr\u00e5den \u00f6ppnats och 11 provisoriskt slutf\u00f6rts, men kapitlet om fiske f\u00f6rblev ol\u00f6st.<\/p>\n<p>Det ekonomiska trycket har nu \u00e5terigen satt den europeiska fr\u00e5gan i fokus. Inflation, dyra bol\u00e5n och en isl\u00e4ndsk centralbanksr\u00e4nta p\u00e5 8 procent har st\u00e4rkt argumenten f\u00f6r en n\u00e4rmare integration. Europeiska centralbankens r\u00e4nta ligger d\u00e4remot p\u00e5 2,25 procent. F\u00f6respr\u00e5karna f\u00f6r EU framh\u00e5ller ett eventuellt inf\u00f6rande av euron som en m\u00f6jlig k\u00e4lla till stabilitet. Deras motst\u00e5ndare varnar f\u00f6r att ett avst\u00e5ende fr\u00e5n kronan skulle inneb\u00e4ra att man f\u00f6rlorar ett v\u00e4rdefullt verktyg f\u00f6r att tillgodose de s\u00e4rskilda behoven i Islands lilla ekonomi.<\/p>\n<p>Den geopolitiska situationen har ocks\u00e5 f\u00f6r\u00e4ndrats dramatiskt sedan 2013. Rysslands invasion av Ukraina, den allt h\u00e5rdare konkurrensen i Arktis och os\u00e4kerheten kring USA:s l\u00e5ngsiktiga politik har \u00f6kat Islands strategiska betydelse. \u00d6n ligger mellan Europa, Gr\u00f6nland och Nordamerika, n\u00e4ra GIUK-gapet, en viktig korridor i Nordatlanten f\u00f6r milit\u00e4r och maritim s\u00e4kerhet.<\/p>\n<p>Island, som \u00e4r en av Natos grundande medlemmar, har nyligen ut\u00f6kat sitt s\u00e4kerhetssamarbete med EU genom ett partnerskap som omfattar Arktis, kritisk infrastruktur, havsfr\u00e5gor och cyberhot. Ett medlemskap skulle d\u00e4rf\u00f6r ha betydelse ut\u00f6ver Islands befolkning p\u00e5 cirka 400 000 inv\u00e5nare: det skulle st\u00e4rka EU:s politiska n\u00e4rvaro i en region som v\u00e4cker allt st\u00f6rre uppm\u00e4rksamhet fr\u00e5n Ryssland, Kina och USA.<\/p>\n<p>Om v\u00e4ljarna godk\u00e4nner att f\u00f6rhandlingarna \u00e5terupptas tror Islands utrikesdepartement att f\u00f6rhandlingarna skulle kunna inledas f\u00f6re \u00e5rets slut och p\u00e5g\u00e5 i mellan 18 och 24 m\u00e5nader. Men \u00e4ven d\u00e5 skulle fr\u00e5gan om anslutning fortfarande vara ol\u00f6st. Folkomr\u00f6stningen kan \u00f6ppna d\u00f6rren till Europa p\u00e5 nytt, men isl\u00e4nningarna skulle fortfarande beh\u00f6va v\u00e4lja om de vill g\u00e5 igenom den.<\/p>\n<p>&nbsp;<\/p>\n<h4>Alessandro Fiorentino<\/h4>\n<\/p>","protected":false},"excerpt":{"rendered":"<p>En j\u00e4mn folkomr\u00f6stning lyfter fram ekonomisk oro, fisker\u00e4ttigheter och s\u00e4kerheten i Arktis i en debatt som kan komma att omforma Reykjav\u00edks relation till Bryssel Islandarna r\u00f6star om huruvida landet ska \u00e5teruppta medlemskapsf\u00f6rhandlingarna med Europeiska unionen, vilket \u00e5teruppv\u00e4cker en politisk fr\u00e5ga som har varit ol\u00f6st i mer \u00e4n ett decennium. Folkomr\u00f6stningen handlar inte om att v\u00e4ljarna [&hellip;]<\/p>\n","protected":false},"author":75,"featured_media":62714,"comment_status":"closed","ping_status":"closed","sticky":false,"template":"","format":"standard","meta":{"footnotes":""},"categories":[1465,225,197,154,262,168,164,1340,2058],"tags":[3477,3474,3475,3476,1000,302,250,237,300,215,247,270,268,283,316,599,72,503,243,146,1864,214,554,252,282],"editorial-positions":[],"regions":[323,335,341,350,359],"types":[416,453],"class_list":["post-63011","post","type-post","status-publish","format-standard","has-post-thumbnail","hentry","category-att-bygga-ett-konservativt-europa","category-energi","category-halsa","category-handel-och-ekonomi","category-juridisk","category-kultur","category-politik","category-var-framtid-med-nato","category-varlden","tag-icelanders","tag-islanda","tag-votes","tag-voti","tag-conservatism","tag-conservative","tag-economy","tag-energy","tag-environment","tag-eu","tag-eu-council","tag-europa","tag-europe","tag-european-commission","tag-european-parliament","tag-european-union","tag-iceland","tag-immigration","tag-nato","tag-politics","tag-referendum","tag-russia","tag-sweden","tag-technology","tag-ursula-von-der-leyen","regions-central-europe-sv","regions-eastern-europe-sv","regions-northern-europe-sv","regions-southern-europe-sv","regions-western-europe-sv","types-news-sv","types-opinion-sv"],"yoast_head":"<!-- This site is optimized with the Yoast SEO plugin v28.0 - https:\/\/yoast.com\/product\/yoast-seo-wordpress\/ -->\n<title>Island r\u00f6star om att \u00e5teruppta sin v\u00e4g mot Europeiska unionen - The Conservative<\/title>\n<meta name=\"robots\" content=\"index, follow, max-snippet:-1, max-image-preview:large, max-video-preview:-1\" \/>\n<link rel=\"canonical\" href=\"https:\/\/www.theconservative.online\/sv\/island-rostar-om-att-ateruppta-sin-vag-mot-europeiska-unionen\" \/>\n<meta property=\"og:locale\" content=\"sv_SE\" \/>\n<meta property=\"og:type\" content=\"article\" \/>\n<meta property=\"og:title\" content=\"Island r\u00f6star om att \u00e5teruppta sin v\u00e4g mot Europeiska unionen - The Conservative\" \/>\n<meta property=\"og:description\" content=\"En j\u00e4mn folkomr\u00f6stning lyfter fram ekonomisk oro, fisker\u00e4ttigheter och s\u00e4kerheten i Arktis i en debatt som kan komma att omforma Reykjav\u00edks relation till Bryssel Islandarna r\u00f6star om huruvida landet ska \u00e5teruppta medlemskapsf\u00f6rhandlingarna med Europeiska unionen, vilket \u00e5teruppv\u00e4cker en politisk fr\u00e5ga som har varit ol\u00f6st i mer \u00e4n ett decennium. Folkomr\u00f6stningen handlar inte om att v\u00e4ljarna [&hellip;]\" \/>\n<meta property=\"og:url\" content=\"https:\/\/www.theconservative.online\/sv\/island-rostar-om-att-ateruppta-sin-vag-mot-europeiska-unionen\" \/>\n<meta property=\"og:site_name\" content=\"The Conservative\" \/>\n<meta property=\"article:published_time\" content=\"2026-08-29T13:21:29+00:00\" \/>\n<meta property=\"og:image\" content=\"https:\/\/www.theconservative.online\/wp-content\/uploads\/2026\/08\/iceland-eu-referendum-cover-16x9-1.png\" \/>\n\t<meta property=\"og:image:width\" content=\"1115\" \/>\n\t<meta property=\"og:image:height\" content=\"627\" \/>\n\t<meta property=\"og:image:type\" content=\"image\/png\" \/>\n<meta name=\"author\" content=\"Gianluca Guarino\" \/>\n<meta name=\"twitter:card\" content=\"summary_large_image\" \/>\n<meta name=\"twitter:label1\" content=\"Skriven av\" \/>\n\t<meta name=\"twitter:data1\" content=\"Gianluca Guarino\" \/>\n\t<meta name=\"twitter:label2\" content=\"Ber\u00e4knad l\u00e4stid\" \/>\n\t<meta name=\"twitter:data2\" content=\"4 minuter\" \/>\n<script type=\"application\/ld+json\" class=\"yoast-schema-graph\">{\"@context\":\"https:\\\/\\\/schema.org\",\"@graph\":[{\"@type\":\"Article\",\"@id\":\"https:\\\/\\\/www.theconservative.online\\\/sv\\\/island-rostar-om-att-ateruppta-sin-vag-mot-europeiska-unionen#article\",\"isPartOf\":{\"@id\":\"https:\\\/\\\/www.theconservative.online\\\/sv\\\/island-rostar-om-att-ateruppta-sin-vag-mot-europeiska-unionen\"},\"author\":{\"name\":\"Gianluca Guarino\",\"@id\":\"https:\\\/\\\/www.theconservative.online\\\/sv#\\\/schema\\\/person\\\/46c9b8a1ba7a0e0b73f01e5e8593e28a\"},\"headline\":\"Island r\u00f6star om att \u00e5teruppta sin v\u00e4g mot Europeiska unionen\",\"datePublished\":\"2026-08-29T13:21:29+00:00\",\"mainEntityOfPage\":{\"@id\":\"https:\\\/\\\/www.theconservative.online\\\/sv\\\/island-rostar-om-att-ateruppta-sin-vag-mot-europeiska-unionen\"},\"wordCount\":860,\"image\":{\"@id\":\"https:\\\/\\\/www.theconservative.online\\\/sv\\\/island-rostar-om-att-ateruppta-sin-vag-mot-europeiska-unionen#primaryimage\"},\"thumbnailUrl\":\"https:\\\/\\\/www.theconservative.online\\\/wp-content\\\/uploads\\\/2026\\\/08\\\/iceland-eu-referendum-cover-16x9-1.png\",\"keywords\":[\"#icelanders\",\"#islanda\",\"#votes\",\"#voti\",\"Conservatism\",\"conservative\",\"Economy\",\"energy\",\"environment\",\"EU\",\"EU Council\",\"europa\",\"europe\",\"European Commission\",\"European Parliament\",\"European Union\",\"Iceland\",\"immigration\",\"NATO\",\"Politics\",\"referendum\",\"Russia\",\"Sweden\",\"technology\",\"Ursula von der Leyen\"],\"articleSection\":[\"Att bygga ett konservativt Europa\",\"Energi\",\"H\u00e4lsa\",\"Handel och ekonomi\",\"Juridisk\",\"Kultur\",\"Politik\",\"V\u00e5r framtid med Nato\",\"V\u00e4rlden\"],\"inLanguage\":\"sv-SE\"},{\"@type\":\"WebPage\",\"@id\":\"https:\\\/\\\/www.theconservative.online\\\/sv\\\/island-rostar-om-att-ateruppta-sin-vag-mot-europeiska-unionen\",\"url\":\"https:\\\/\\\/www.theconservative.online\\\/sv\\\/island-rostar-om-att-ateruppta-sin-vag-mot-europeiska-unionen\",\"name\":\"Island r\u00f6star om att \u00e5teruppta sin v\u00e4g mot Europeiska unionen - The Conservative\",\"isPartOf\":{\"@id\":\"https:\\\/\\\/www.theconservative.online\\\/sv#website\"},\"primaryImageOfPage\":{\"@id\":\"https:\\\/\\\/www.theconservative.online\\\/sv\\\/island-rostar-om-att-ateruppta-sin-vag-mot-europeiska-unionen#primaryimage\"},\"image\":{\"@id\":\"https:\\\/\\\/www.theconservative.online\\\/sv\\\/island-rostar-om-att-ateruppta-sin-vag-mot-europeiska-unionen#primaryimage\"},\"thumbnailUrl\":\"https:\\\/\\\/www.theconservative.online\\\/wp-content\\\/uploads\\\/2026\\\/08\\\/iceland-eu-referendum-cover-16x9-1.png\",\"datePublished\":\"2026-08-29T13:21:29+00:00\",\"author\":{\"@id\":\"https:\\\/\\\/www.theconservative.online\\\/sv#\\\/schema\\\/person\\\/46c9b8a1ba7a0e0b73f01e5e8593e28a\"},\"breadcrumb\":{\"@id\":\"https:\\\/\\\/www.theconservative.online\\\/sv\\\/island-rostar-om-att-ateruppta-sin-vag-mot-europeiska-unionen#breadcrumb\"},\"inLanguage\":\"sv-SE\",\"potentialAction\":[{\"@type\":\"ReadAction\",\"target\":[\"https:\\\/\\\/www.theconservative.online\\\/sv\\\/island-rostar-om-att-ateruppta-sin-vag-mot-europeiska-unionen\"]}]},{\"@type\":\"ImageObject\",\"inLanguage\":\"sv-SE\",\"@id\":\"https:\\\/\\\/www.theconservative.online\\\/sv\\\/island-rostar-om-att-ateruppta-sin-vag-mot-europeiska-unionen#primaryimage\",\"url\":\"https:\\\/\\\/www.theconservative.online\\\/wp-content\\\/uploads\\\/2026\\\/08\\\/iceland-eu-referendum-cover-16x9-1.png\",\"contentUrl\":\"https:\\\/\\\/www.theconservative.online\\\/wp-content\\\/uploads\\\/2026\\\/08\\\/iceland-eu-referendum-cover-16x9-1.png\",\"width\":1115,\"height\":627},{\"@type\":\"BreadcrumbList\",\"@id\":\"https:\\\/\\\/www.theconservative.online\\\/sv\\\/island-rostar-om-att-ateruppta-sin-vag-mot-europeiska-unionen#breadcrumb\",\"itemListElement\":[{\"@type\":\"ListItem\",\"position\":1,\"name\":\"Home\",\"item\":\"https:\\\/\\\/www.theconservative.online\\\/sv\"},{\"@type\":\"ListItem\",\"position\":2,\"name\":\"Island r\u00f6star om att \u00e5teruppta sin v\u00e4g mot Europeiska unionen\"}]},{\"@type\":\"WebSite\",\"@id\":\"https:\\\/\\\/www.theconservative.online\\\/sv#website\",\"url\":\"https:\\\/\\\/www.theconservative.online\\\/sv\",\"name\":\"The Conservative\",\"description\":\"\",\"potentialAction\":[{\"@type\":\"SearchAction\",\"target\":{\"@type\":\"EntryPoint\",\"urlTemplate\":\"https:\\\/\\\/www.theconservative.online\\\/sv?s={search_term_string}\"},\"query-input\":{\"@type\":\"PropertyValueSpecification\",\"valueRequired\":true,\"valueName\":\"search_term_string\"}}],\"inLanguage\":\"sv-SE\"},{\"@type\":\"Person\",\"@id\":\"https:\\\/\\\/www.theconservative.online\\\/sv#\\\/schema\\\/person\\\/46c9b8a1ba7a0e0b73f01e5e8593e28a\",\"name\":\"Gianluca Guarino\",\"image\":{\"@type\":\"ImageObject\",\"inLanguage\":\"sv-SE\",\"@id\":\"https:\\\/\\\/secure.gravatar.com\\\/avatar\\\/01905945d0032a29ec00293c7d34262b190a51fcaa4b6e91fa605759ef37929e?s=96&d=mm&r=g\",\"url\":\"https:\\\/\\\/secure.gravatar.com\\\/avatar\\\/01905945d0032a29ec00293c7d34262b190a51fcaa4b6e91fa605759ef37929e?s=96&d=mm&r=g\",\"contentUrl\":\"https:\\\/\\\/secure.gravatar.com\\\/avatar\\\/01905945d0032a29ec00293c7d34262b190a51fcaa4b6e91fa605759ef37929e?s=96&d=mm&r=g\",\"caption\":\"Gianluca Guarino\"},\"url\":\"https:\\\/\\\/www.theconservative.online\\\/sv\\\/author\\\/worklab-euaff-2025-26\"}]}<\/script>\n<!-- \/ Yoast SEO plugin. -->","yoast_head_json":{"title":"Island r\u00f6star om att \u00e5teruppta sin v\u00e4g mot Europeiska unionen - The Conservative","robots":{"index":"index","follow":"follow","max-snippet":"max-snippet:-1","max-image-preview":"max-image-preview:large","max-video-preview":"max-video-preview:-1"},"canonical":"https:\/\/www.theconservative.online\/sv\/island-rostar-om-att-ateruppta-sin-vag-mot-europeiska-unionen","og_locale":"sv_SE","og_type":"article","og_title":"Island r\u00f6star om att \u00e5teruppta sin v\u00e4g mot Europeiska unionen - The Conservative","og_description":"En j\u00e4mn folkomr\u00f6stning lyfter fram ekonomisk oro, fisker\u00e4ttigheter och s\u00e4kerheten i Arktis i en debatt som kan komma att omforma Reykjav\u00edks relation till Bryssel Islandarna r\u00f6star om huruvida landet ska \u00e5teruppta medlemskapsf\u00f6rhandlingarna med Europeiska unionen, vilket \u00e5teruppv\u00e4cker en politisk fr\u00e5ga som har varit ol\u00f6st i mer \u00e4n ett decennium. Folkomr\u00f6stningen handlar inte om att v\u00e4ljarna [&hellip;]","og_url":"https:\/\/www.theconservative.online\/sv\/island-rostar-om-att-ateruppta-sin-vag-mot-europeiska-unionen","og_site_name":"The Conservative","article_published_time":"2026-08-29T13:21:29+00:00","og_image":[{"width":1115,"height":627,"url":"https:\/\/www.theconservative.online\/wp-content\/uploads\/2026\/08\/iceland-eu-referendum-cover-16x9-1.png","type":"image\/png"}],"author":"Gianluca Guarino","twitter_card":"summary_large_image","twitter_misc":{"Skriven av":"Gianluca Guarino","Ber\u00e4knad l\u00e4stid":"4 minuter"},"schema":{"@context":"https:\/\/schema.org","@graph":[{"@type":"Article","@id":"https:\/\/www.theconservative.online\/sv\/island-rostar-om-att-ateruppta-sin-vag-mot-europeiska-unionen#article","isPartOf":{"@id":"https:\/\/www.theconservative.online\/sv\/island-rostar-om-att-ateruppta-sin-vag-mot-europeiska-unionen"},"author":{"name":"Gianluca Guarino","@id":"https:\/\/www.theconservative.online\/sv#\/schema\/person\/46c9b8a1ba7a0e0b73f01e5e8593e28a"},"headline":"Island r\u00f6star om att \u00e5teruppta sin v\u00e4g mot Europeiska unionen","datePublished":"2026-08-29T13:21:29+00:00","mainEntityOfPage":{"@id":"https:\/\/www.theconservative.online\/sv\/island-rostar-om-att-ateruppta-sin-vag-mot-europeiska-unionen"},"wordCount":860,"image":{"@id":"https:\/\/www.theconservative.online\/sv\/island-rostar-om-att-ateruppta-sin-vag-mot-europeiska-unionen#primaryimage"},"thumbnailUrl":"https:\/\/www.theconservative.online\/wp-content\/uploads\/2026\/08\/iceland-eu-referendum-cover-16x9-1.png","keywords":["#icelanders","#islanda","#votes","#voti","Conservatism","conservative","Economy","energy","environment","EU","EU Council","europa","europe","European Commission","European Parliament","European Union","Iceland","immigration","NATO","Politics","referendum","Russia","Sweden","technology","Ursula von der Leyen"],"articleSection":["Att bygga ett konservativt Europa","Energi","H\u00e4lsa","Handel och ekonomi","Juridisk","Kultur","Politik","V\u00e5r framtid med Nato","V\u00e4rlden"],"inLanguage":"sv-SE"},{"@type":"WebPage","@id":"https:\/\/www.theconservative.online\/sv\/island-rostar-om-att-ateruppta-sin-vag-mot-europeiska-unionen","url":"https:\/\/www.theconservative.online\/sv\/island-rostar-om-att-ateruppta-sin-vag-mot-europeiska-unionen","name":"Island r\u00f6star om att \u00e5teruppta sin v\u00e4g mot Europeiska unionen - The Conservative","isPartOf":{"@id":"https:\/\/www.theconservative.online\/sv#website"},"primaryImageOfPage":{"@id":"https:\/\/www.theconservative.online\/sv\/island-rostar-om-att-ateruppta-sin-vag-mot-europeiska-unionen#primaryimage"},"image":{"@id":"https:\/\/www.theconservative.online\/sv\/island-rostar-om-att-ateruppta-sin-vag-mot-europeiska-unionen#primaryimage"},"thumbnailUrl":"https:\/\/www.theconservative.online\/wp-content\/uploads\/2026\/08\/iceland-eu-referendum-cover-16x9-1.png","datePublished":"2026-08-29T13:21:29+00:00","author":{"@id":"https:\/\/www.theconservative.online\/sv#\/schema\/person\/46c9b8a1ba7a0e0b73f01e5e8593e28a"},"breadcrumb":{"@id":"https:\/\/www.theconservative.online\/sv\/island-rostar-om-att-ateruppta-sin-vag-mot-europeiska-unionen#breadcrumb"},"inLanguage":"sv-SE","potentialAction":[{"@type":"ReadAction","target":["https:\/\/www.theconservative.online\/sv\/island-rostar-om-att-ateruppta-sin-vag-mot-europeiska-unionen"]}]},{"@type":"ImageObject","inLanguage":"sv-SE","@id":"https:\/\/www.theconservative.online\/sv\/island-rostar-om-att-ateruppta-sin-vag-mot-europeiska-unionen#primaryimage","url":"https:\/\/www.theconservative.online\/wp-content\/uploads\/2026\/08\/iceland-eu-referendum-cover-16x9-1.png","contentUrl":"https:\/\/www.theconservative.online\/wp-content\/uploads\/2026\/08\/iceland-eu-referendum-cover-16x9-1.png","width":1115,"height":627},{"@type":"BreadcrumbList","@id":"https:\/\/www.theconservative.online\/sv\/island-rostar-om-att-ateruppta-sin-vag-mot-europeiska-unionen#breadcrumb","itemListElement":[{"@type":"ListItem","position":1,"name":"Home","item":"https:\/\/www.theconservative.online\/sv"},{"@type":"ListItem","position":2,"name":"Island r\u00f6star om att \u00e5teruppta sin v\u00e4g mot Europeiska unionen"}]},{"@type":"WebSite","@id":"https:\/\/www.theconservative.online\/sv#website","url":"https:\/\/www.theconservative.online\/sv","name":"The Conservative","description":"","potentialAction":[{"@type":"SearchAction","target":{"@type":"EntryPoint","urlTemplate":"https:\/\/www.theconservative.online\/sv?s={search_term_string}"},"query-input":{"@type":"PropertyValueSpecification","valueRequired":true,"valueName":"search_term_string"}}],"inLanguage":"sv-SE"},{"@type":"Person","@id":"https:\/\/www.theconservative.online\/sv#\/schema\/person\/46c9b8a1ba7a0e0b73f01e5e8593e28a","name":"Gianluca Guarino","image":{"@type":"ImageObject","inLanguage":"sv-SE","@id":"https:\/\/secure.gravatar.com\/avatar\/01905945d0032a29ec00293c7d34262b190a51fcaa4b6e91fa605759ef37929e?s=96&d=mm&r=g","url":"https:\/\/secure.gravatar.com\/avatar\/01905945d0032a29ec00293c7d34262b190a51fcaa4b6e91fa605759ef37929e?s=96&d=mm&r=g","contentUrl":"https:\/\/secure.gravatar.com\/avatar\/01905945d0032a29ec00293c7d34262b190a51fcaa4b6e91fa605759ef37929e?s=96&d=mm&r=g","caption":"Gianluca Guarino"},"url":"https:\/\/www.theconservative.online\/sv\/author\/worklab-euaff-2025-26"}]}},"acf":[],"_links":{"self":[{"href":"https:\/\/www.theconservative.online\/sv\/wp-json\/wp\/v2\/posts\/63011","targetHints":{"allow":["GET"]}}],"collection":[{"href":"https:\/\/www.theconservative.online\/sv\/wp-json\/wp\/v2\/posts"}],"about":[{"href":"https:\/\/www.theconservative.online\/sv\/wp-json\/wp\/v2\/types\/post"}],"author":[{"embeddable":true,"href":"https:\/\/www.theconservative.online\/sv\/wp-json\/wp\/v2\/users\/75"}],"replies":[{"embeddable":true,"href":"https:\/\/www.theconservative.online\/sv\/wp-json\/wp\/v2\/comments?post=63011"}],"version-history":[{"count":0,"href":"https:\/\/www.theconservative.online\/sv\/wp-json\/wp\/v2\/posts\/63011\/revisions"}],"wp:featuredmedia":[{"embeddable":true,"href":"https:\/\/www.theconservative.online\/sv\/wp-json\/wp\/v2\/media\/62714"}],"wp:attachment":[{"href":"https:\/\/www.theconservative.online\/sv\/wp-json\/wp\/v2\/media?parent=63011"}],"wp:term":[{"taxonomy":"category","embeddable":true,"href":"https:\/\/www.theconservative.online\/sv\/wp-json\/wp\/v2\/categories?post=63011"},{"taxonomy":"post_tag","embeddable":true,"href":"https:\/\/www.theconservative.online\/sv\/wp-json\/wp\/v2\/tags?post=63011"},{"taxonomy":"editorial-positions","embeddable":true,"href":"https:\/\/www.theconservative.online\/sv\/wp-json\/wp\/v2\/editorial-positions?post=63011"},{"taxonomy":"regions","embeddable":true,"href":"https:\/\/www.theconservative.online\/sv\/wp-json\/wp\/v2\/regions?post=63011"},{"taxonomy":"types","embeddable":true,"href":"https:\/\/www.theconservative.online\/sv\/wp-json\/wp\/v2\/types?post=63011"}],"curies":[{"name":"wp","href":"https:\/\/api.w.org\/{rel}","templated":true}]}}