{"id":63037,"date":"2026-08-27T14:39:23","date_gmt":"2026-08-27T14:39:23","guid":{"rendered":"https:\/\/www.theconservative.online\/kommer-feminiseringen-av-samhallet-att-bli-en-politisk-fraga"},"modified":"2026-08-27T14:39:23","modified_gmt":"2026-08-27T14:39:23","slug":"kommer-feminiseringen-av-samhallet-att-bli-en-politisk-fraga","status":"publish","type":"post","link":"https:\/\/www.theconservative.online\/sv\/kommer-feminiseringen-av-samhallet-att-bli-en-politisk-fraga","title":{"rendered":"Kommer \u201dfeminiseringen\u201d av samh\u00e4llet att bli en politisk fr\u00e5ga?"},"content":{"rendered":"<p>F\u00f6r ungef\u00e4r hundra \u00e5r sedan skedde ett stort demokratiskt genombrott i v\u00e4stv\u00e4rlden. Runt 1920 beviljades inte bara alla m\u00e4n utan \u00e4ven alla kvinnor r\u00f6str\u00e4tt i l\u00e4nder som USA, Kanada, Sverige och Danmark. Storbritannien inf\u00f6rde allm\u00e4n r\u00f6str\u00e4tt f\u00f6r kvinnor 1928 och Frankrike 1945.<\/p>\n<p>Men allm\u00e4n r\u00f6str\u00e4tt innebar inte automatiskt lika stort inflytande.<\/p><div class='related_content'><span>RELATED<\/span><ul><li><a href='https:\/\/www.theconservative.online\/sv\/en-enad-hoger-maste-lyfta-fram-interna-meningsskiljaktigheter'>En enad h\u00f6ger m\u00e5ste lyfta fram interna meningsskiljaktigheter<\/li><\/a><li><a href='https:\/\/www.theconservative.online\/sv\/island-rostar-om-att-ateruppta-sin-vag-mot-europeiska-unionen'>Island r\u00f6star om att \u00e5teruppta sin v\u00e4g mot Europeiska unionen<\/li><\/a><li><a href='https:\/\/www.theconservative.online\/sv\/kan-hogern-forlora-i-sverige-for-att-den-har-lost-landets-problem'>Kan h\u00f6gern f\u00f6rlora i Sverige f\u00f6r att den har l\u00f6st landets problem?<\/li><\/a><\/ul><\/div>\n<p>\u00c4ven l\u00e5ngt efter att kvinnorna hade f\u00e5tt r\u00f6str\u00e4tt l\u00e5g de efter n\u00e4r det g\u00e4llde utbildning och representation inom samh\u00e4llsviktiga yrken. Politik, r\u00e4ttsv\u00e4sendet, journalistik, kyrkor, universitet, l\u00e4karyrket. M\u00e4nnen dominerade \u00f6verallt l\u00e5ngt efter att kvinnorna hade f\u00e5tt lika m\u00f6jligheter att p\u00e5verka politiken.<\/p>\n<p>Men i och med den moderna feminismens genomslag p\u00e5 1970-talet f\u00f6r\u00e4ndrades allt. Nu f\u00f6rv\u00e4ntades kvinnor utbilda sig, skaffa sig en karri\u00e4r och f\u00f6rs\u00f6rja sig sj\u00e4lva. De f\u00f6rv\u00e4ntades ocks\u00e5 se sig sj\u00e4lva som n\u00e5got mer \u00e4n bara kvinnor, hustrur och m\u00f6drar. Och med tiden b\u00f6rjade kvinnor \u00e4ven s\u00f6ka sig till mer avancerade yrken.<\/p>\n<p>Och idag vet vi hur det ser ut i m\u00e5nga v\u00e4stl\u00e4nder. Kvinnor ligger inte alls efter n\u00e4r det g\u00e4ller representation vid universiteten, inom politiken, inom r\u00e4ttsv\u00e4sendet eller inom journalistik. Tv\u00e4rtom. Det har l\u00e4nge framh\u00e5llits att kvinnor snarare \u00e4r p\u00e5 v\u00e4g att dominera inom vissa yrkesgrupper som tidigare dominerades av m\u00e4n.<\/p>\n<p>F\u00f6r\u00e4ndringen sker gradvis och ser inte likadan ut i alla l\u00e4nder. Det \u00e4r ocks\u00e5 ett faktum att kvinnor kan ta sig in i en yrkeskategori men \u00e4nd\u00e5 vara underrepresenterade p\u00e5 ledningsniv\u00e5. Andelen kvinnor som tar en doktorsexamen <a href=\"https:\/\/ec.europa.eu\/eurostat\/web\/products-eurostat-news\/w\/edn-20250303-2\">\u00f6kar vid de europeiska universiteten<\/a>. Andelen <a href=\"https:\/\/ec.europa.eu\/commission\/presscorner\/detail\/en\/stat_01_118\">kvinnor bland professorerna<\/a> \u00e4r dock fortfarande betydligt l\u00e4gre \u00e4n andelen m\u00e4n. Men trenden \u00e4r tydlig: \u00f6verallt d\u00e4r m\u00e4nnen tidigare dominerade blir kvinnornas n\u00e4rvaro alltmer m\u00e4rkbar.<\/p>\n<p>Sverige \u00e4r ett av de l\u00e4nder som har g\u00e5tt i <a href=\"https:\/\/data.worldbank.org\/indicator\/SG.GEN.PARL.ZS?locations=SE\">spetsen f\u00f6r denna utveckling<\/a>. D\u00e4rf\u00f6r \u00e4r det kanske logiskt att en \u00f6ppen debatt nu har inletts i Sverige om de m\u00f6jliga konsekvenserna av denna samh\u00e4llsf\u00f6r\u00e4ndring.<\/p>\n<p>\u00c5r 2024 gav Erik J Olsson och Catharina Gr\u00f6nqvist Olsson ut en v\u00e4l mottagen bok med titeln \u201dThe Soft State\u201d. Titeln anspelar p\u00e5 begreppet \u201dThe Deep State\u201d, som vanligtvis anv\u00e4nds f\u00f6r att beskriva den statliga byr\u00e5kratin i v\u00e5ra v\u00e4sterl\u00e4ndska samh\u00e4llen, vilken ofta har en egen politisk agenda som \u00e4r oberoende av folkviljan, vilken uttrycks genom valda politiker.<\/p>\n<p>Nu har de tv\u00e5 f\u00f6rfattarna gett ut en ny bok, \u201dDet nya matriarkatet \u2013 En \u00f6versikt \u00f6ver feminiseringen inom statsf\u00f6rvaltningen\u201d. Boken handlar om hur kvinnor har kommit att dominera bland personalen vid svenska myndigheter och statliga departement.<\/p>\n<p>80 procent av alla svenska myndigheter har en majoritet av kvinnor bland sina anst\u00e4llda. Detta beror till viss del p\u00e5 att de yrken som ut\u00f6vas inom myndigheterna redan pr\u00e4glas av en kvinnlig dominans. Myndigheterna anst\u00e4ller inte snickare eller r\u00f6rmokare. Men det \u00e4r fortfarande s\u00e5 att myndigheterna tidigare dominerades av m\u00e4n och att vi \u00e4ven ser en kvinnlig dominans p\u00e5 chefsniv\u00e5 inom hela sektorn. I 55 procent av myndigheterna \u00e4r \u00f6ver 60 procent av personalen kvinnor. Endast i 20 procent av myndigheterna finns en motsvarande manlig dominans med \u00f6ver 60 procent m\u00e4n.<\/p>\n<p>N\u00e5gra intressanta exempel \u00e4r den svenska \u201dJ\u00e4mst\u00e4lldhetsmyndigheten\u201d, d\u00e4r 85 procent av de anst\u00e4llda \u00e4r kvinnor. I Sverige finns ocks\u00e5 en myndighet som kallas \u201dDiskrimineringsombudsmannen\u201d, som v\u00e4rnar om medborgarnas r\u00e4tt att inte uts\u00e4ttas f\u00f6r diskriminering i arbetslivet. D\u00e4r \u00e4r 79 procent av de anst\u00e4llda kvinnor.<\/p>\n<p>Bland de svenska ministerierna finns det inte ett enda d\u00e4r m\u00e4nnen utg\u00f6r majoriteten av de anst\u00e4llda. Kulturdepartementet best\u00e5r till 73 procent av kvinnor, och Social- och h\u00e4lsov\u00e5rdsdepartementet till 73 procent. Och s\u00e5 forts\u00e4tter det: Utbildningsdepartementet har 70 procent kvinnor, Justitiedepartementet 67 procent, Arbetsmarknadsdepartementet 67 procent och Klimat- och n\u00e4ringslivsdepartementet 61 procent. Den l\u00e4gsta andelen kvinnor finns p\u00e5 Finansdepartementet, d\u00e4r de utg\u00f6r 56 procent av de anst\u00e4llda.<\/p>\n<p>Om man betraktar den svenska staten i sin helhet, och d\u00e4rmed r\u00e4knar in polisen, f\u00f6rsvaret och andra traditionellt mansdominerade myndigheter, har vi en kvinnlig andel p\u00e5 53 procent. Och andelen har minskat n\u00e5got sedan rekord\u00e5ret 2023. Den pl\u00f6tsliga minskningen beror troligen p\u00e5 att Sverige, liksom andra europeiska l\u00e4nder, under de senaste \u00e5ren har satsat stora resurser p\u00e5 upprustning av b\u00e5de milit\u00e4ren och polisen \u2013 omr\u00e5den d\u00e4r m\u00e4n fortfarande har en relativt stark st\u00e4llning.<\/p>\n<p>\u00c5r 1980 uppgick andelen kvinnor i delstaten till 40,3 procent. Det var f\u00f6rst 2008 som kvinnorna kom ikapp. Och sedan dess har deras andel bara \u00f6kat, med undantag f\u00f6r de senaste tv\u00e5 \u00e5ren d\u00e5 f\u00f6rsvarsmakten och r\u00e4ttsv\u00e4sendet har anst\u00e4llt fler medarbetare.<\/p>\n<p>Och d\u00e5 \u00e4r fr\u00e5gan vad detta inneb\u00e4r f\u00f6r samh\u00e4llet. Och detta \u00e4r en fr\u00e5ga som potentiellt kan vara ytterst kontroversiell. F\u00f6r om man p\u00e5 n\u00e5got s\u00e4tt till\u00e5ter sig att diskutera p\u00e5st\u00e5dd kvinnlig dominans och kanske till och med beskriver den som problematisk, riskerar man att anklagas f\u00f6r kvinnohat. Men fr\u00e5gan m\u00e5ste naturligtvis st\u00e4llas. Kvinnors j\u00e4mst\u00e4llda n\u00e4rvaro i det offentliga samh\u00e4llet \u00e4r ett nytt fenomen i v\u00e5ra v\u00e4sterl\u00e4ndska samh\u00e4llen. Traditionellt sett fungerade kvinnor som \u201ddet andra k\u00f6net\u201d, som Simone de Beauvoir uttryckte det. Men det kan knappast anses vara fallet l\u00e4ngre. \u00c5tminstone inte p\u00e5 samma s\u00e4tt.<\/p>\n<p>Enligt de tv\u00e5 f\u00f6rfattarna Erik J Olsson och Catharina Gr\u00f6nqvist Olsson p\u00e5verkas organisationer av att det finns en kvinnlig majoritet bland anst\u00e4llda och chefer p\u00e5 ett s\u00e5dant s\u00e4tt att det de kallar \u201dkvinnliga v\u00e4rderingar\u201d och \u201dkvinnligt t\u00e4nkande\u201d d\u00e5 f\u00e5r en helt annan inverkan. P\u00e5 l\u00e5ng sikt inneb\u00e4r detta att ett helt samh\u00e4lle l\u00e4gger annan vikt vid fr\u00e5gor, perspektiv och v\u00e4rderingar som tidigare fick ge vika f\u00f6r typiskt manliga v\u00e4rderingar och manligt t\u00e4nkande.<\/p>\n<p>Och h\u00e4r \u00e4r det l\u00e4tt att inv\u00e4nda att inte alla kvinnor \u00e4r likadana eller att inte alla m\u00e4n t\u00e4nker p\u00e5 samma s\u00e4tt. Och det \u00e4r f\u00f6rst\u00e5s sant. Men bokens f\u00f6rfattare grundar sitt resonemang p\u00e5 omfattande psykologisk och sociologisk forskning som syftar till att beskriva genomsnittsv\u00e4rden. Det \u00e4r d\u00e4rf\u00f6r m\u00f6jligt, menar forskarna, att identifiera tankem\u00f6nster som \u00e4r typiskt kvinnliga och typiskt manliga. Och det \u00e4r tankem\u00f6nster som f\u00f6rekommer i olika kulturer. Och precis som det finns m\u00e5nga enskilda kvinnor som \u00e4r l\u00e4ngre \u00e4n den genomsnittlige mannen, \u00e4r det ocks\u00e5 ett obestridligt faktum att m\u00e4n i genomsnitt har en st\u00f6rre kroppsl\u00e4ngd \u00e4n kvinnor.<\/p>\n<p>Och idag \u00e4r det l\u00e4tt att gl\u00f6mma att v\u00e5ra v\u00e4sterl\u00e4ndska samh\u00e4llen \u2013 och de flesta samh\u00e4llen runt om i v\u00e4rlden \u2013 traditionellt har formats av m\u00e4n och manliga v\u00e4rderingar. F\u00f6r ett sekel sedan dominerade m\u00e4nnen politiken. M\u00e4nnen pr\u00e4glade journalistik, den akademiska v\u00e4rlden och r\u00e4ttsv\u00e4sendet.<\/p>\n<p>Under en tid kanske vi levde i en situation d\u00e4r det r\u00e5dde en viss balans mellan det maskulina och det feminina. Och kanske befinner vi oss fortfarande i det tillst\u00e5ndet av balans. Manliga v\u00e4rderingar kvarst\u00e5r, och m\u00e4n \u00e4r fortfarande aktiva inom politiken och den offentliga f\u00f6rvaltningen, men kvinnor har ocks\u00e5 gjort sitt int\u00e5g; detta kan mycket v\u00e4l ha h\u00f6jt statusen f\u00f6r det vi betraktar som \u201dmjukare\u201d perspektiv \u2013 j\u00e4mlikhet, r\u00e4ttvisa, omtanke och \u00f6ppenhet.<\/p>\n<p>Enligt Olsson och Gr\u00f6nqvist har dock Sverige \u2013 och framf\u00f6r allt den skattefinansierade offentliga sektorn inom staten och kommunerna \u2013 blivit s\u00e5 starkt pr\u00e4glad av kvinnor att ett \u201dkvinnligt tankes\u00e4tt\u201d nu har blivit normen.<\/p>\n<p>F\u00f6rfattarna belyser bland annat hur polisen och milit\u00e4ren beskriver sina egna uppdrag. Det \u00e4r inte l\u00e4ngre en sj\u00e4lvklarhet att det prim\u00e4ra m\u00e5let \u2013 f\u00f6r polisen att bek\u00e4mpa brottslighet till varje pris och i alla situationer, eller f\u00f6r milit\u00e4ren att avv\u00e4rja fientliga angrepp \u2013 \u00e4r den \u00f6verordnade prioriteringen. I st\u00e4llet kan det fr\u00e4msta syftet med insatsen helt enkelt vara att verka i en trevlig arbetsmilj\u00f6.<\/p>\n<p>F\u00f6rfattarna visar ocks\u00e5 hur syns\u00e4tt som i den moderna v\u00e4rlden vanligtvis betraktas som \u201dv\u00e4nsterorienterade\u201d har kommit att pr\u00e4glas av typiskt kvinnliga prioriteringar. Invandring, klimath\u00e4nsyn, j\u00e4mst\u00e4lldhet och social r\u00e4ttvisa \u00e4r fr\u00e5gor som drivs av moderna v\u00e4nsterpartier, men som samtidigt st\u00e4mmer \u00f6verens med ett typiskt kvinnligt tankes\u00e4tt. Och det \u00e4r d\u00e4rf\u00f6r ingen slump att den polarisering vi ser idag i hela den v\u00e4sterl\u00e4ndska v\u00e4rlden \u2013 mellan \u00e5 ena sidan en bred v\u00e4nster som omfattar b\u00e5de marxister och v\u00e4nsterliberaler, och \u00e5 andra sidan en ny konservativ h\u00f6ger \u2013 ocks\u00e5 \u00e4r en polarisering mellan kvinnor och m\u00e4n.<\/p>\n<p>N\u00e4r det g\u00e4ller de teoretiska referenserna i boken b\u00f6r det p\u00e5pekas att f\u00f6rfattarna grundar sina resonemang p\u00e5 omfattande psykologisk och sociologisk forskning. Det handlar inte om att alla m\u00e4n eller alla kvinnor skulle vara p\u00e5 ett visst s\u00e4tt, utan snarare om m\u00e4tbara och verifierbara tendenser.<\/p>\n<p>Och en av dessa tendenser \u00e4r att m\u00e4n och kvinnor har olika syn p\u00e5 moral och etik. M\u00e4n h\u00e4nvisar g\u00e4rna till vad man kan kalla en \u201dr\u00e4ttviseetik\u201d, d\u00e4r vi accepterar att m\u00e4nniskor har olika f\u00f6ruts\u00e4ttningar f\u00f6r att klara sig i livet och d\u00e4rf\u00f6r ocks\u00e5 skiljer sig \u00e5t n\u00e4r det g\u00e4ller framg\u00e5ng och livsutfall. Det viktiga \u00e4r att alla individer, eller kanske alla kulturer och civilisationer, har samma formella f\u00f6ruts\u00e4ttningar att lyckas. Det \u00e4r vad r\u00e4ttvisa inneb\u00e4r. Och r\u00e4ttvisa best\u00e5r ocks\u00e5 i att de individer som har b\u00e4ttre f\u00f6ruts\u00e4ttningar att lyckas i livet ocks\u00e5 f\u00e5r m\u00f6jlighet att g\u00f6ra det.<\/p>\n<p>Kvinnor, d\u00e4remot, tenderar att t\u00e4nka utifr\u00e5n en \u201domsorgsetik\u201d. D\u00e5 ligger fokus p\u00e5 att alla m\u00e4nniskor ska ha det lika bra, oavsett vilka naturliga f\u00f6ruts\u00e4ttningar de har. Detta g\u00f6r det ocks\u00e5 outh\u00e4rdligt att vissa individer eller kulturer \u00e4r mer framg\u00e5ngsrika \u00e4n andra. Det g\u00f6r det outh\u00e4rdligt att m\u00e4nniskor kan uteslutas fr\u00e5n ett framg\u00e5ngsrikt samh\u00e4lle. Det blir i grunden oacceptabelt f\u00f6r en nation att begr\u00e4nsa solidariteten och omsorgen f\u00f6r sina egna medborgare, eftersom alla m\u00e4nniskor \u00f6ver hela v\u00e4rlden har samma naturliga r\u00e4tt till omsorg och v\u00e4lst\u00e5nd.<\/p>\n<p>Det \u00e4r viktigt att f\u00f6rst\u00e5 att det h\u00e4r \u00e4r tv\u00e5 olika s\u00e4tt att t\u00e4nka som m\u00e4n och kvinnor tenderar att anamma spontant och naturligt. Det \u00e4r d\u00e4rf\u00f6r det blir sv\u00e5rt f\u00f6r de tv\u00e5 l\u00e4gren att f\u00f6ra en dialog med varandra. Det handlar inte om ideologiska st\u00e5ndpunkter som bygger p\u00e5 objektiv och saklig analys, utan snarare om spontana tankem\u00f6nster.<\/p>\n<p>Fr\u00e5gan om vilken inverkan kvinnors framg\u00e5ngar kan ha p\u00e5 v\u00e5ra samh\u00e4llen \u00e4r m\u00e5ngfacetterad och intressant, men ocks\u00e5 politiskt kontroversiell. Vi brukar inte ha n\u00e5gra st\u00f6rre problem med att h\u00e4vda att manliga v\u00e4rderingar kan vara problematiska och att samh\u00e4llen inte b\u00f6r pr\u00e4glas i alltf\u00f6r h\u00f6g grad av rent manliga v\u00e4rderingar. V\u00e5gar vi b\u00f6rja t\u00e4nka i samma banor n\u00e4r det g\u00e4ller kvinnor och kvinnliga v\u00e4rderingar?<\/p>\n<\/p>","protected":false},"excerpt":{"rendered":"<p>F\u00f6r ungef\u00e4r hundra \u00e5r sedan skedde ett stort demokratiskt genombrott i v\u00e4stv\u00e4rlden. Runt 1920 beviljades inte bara alla m\u00e4n utan \u00e4ven alla kvinnor r\u00f6str\u00e4tt i l\u00e4nder som USA, Kanada, Sverige och Danmark. Storbritannien inf\u00f6rde allm\u00e4n r\u00f6str\u00e4tt f\u00f6r kvinnor 1928 och Frankrike 1945. Men allm\u00e4n r\u00f6str\u00e4tt innebar inte automatiskt lika stort inflytande.RELATEDEn enad h\u00f6ger m\u00e5ste lyfta [&hellip;]<\/p>\n","protected":false},"author":85,"featured_media":54867,"comment_status":"closed","ping_status":"closed","sticky":false,"template":"","format":"standard","meta":{"footnotes":""},"categories":[168],"tags":[3293,3117,3294,3161,554,312],"editorial-positions":[],"regions":[341],"types":[453,442],"class_list":["post-63037","post","type-post","status-publish","format-standard","has-post-thumbnail","hentry","category-kultur","tag-femalevalues","tag-men","tag-polarization","tag-feminism","tag-sweden","tag-women","regions-northern-europe-sv","types-opinion-sv","types-surveys-sv"],"yoast_head":"<!-- This site is optimized with the Yoast SEO plugin v28.0 - https:\/\/yoast.com\/product\/yoast-seo-wordpress\/ -->\n<title>Kommer \u201dfeminiseringen\u201d av samh\u00e4llet att bli en politisk fr\u00e5ga? - The Conservative<\/title>\n<meta name=\"robots\" content=\"index, follow, max-snippet:-1, max-image-preview:large, max-video-preview:-1\" \/>\n<link rel=\"canonical\" href=\"https:\/\/www.theconservative.online\/sv\/kommer-feminiseringen-av-samhallet-att-bli-en-politisk-fraga\" \/>\n<meta property=\"og:locale\" content=\"sv_SE\" \/>\n<meta property=\"og:type\" content=\"article\" \/>\n<meta property=\"og:title\" content=\"Kommer \u201dfeminiseringen\u201d av samh\u00e4llet att bli en politisk fr\u00e5ga? - The Conservative\" \/>\n<meta property=\"og:description\" content=\"F\u00f6r ungef\u00e4r hundra \u00e5r sedan skedde ett stort demokratiskt genombrott i v\u00e4stv\u00e4rlden. Runt 1920 beviljades inte bara alla m\u00e4n utan \u00e4ven alla kvinnor r\u00f6str\u00e4tt i l\u00e4nder som USA, Kanada, Sverige och Danmark. Storbritannien inf\u00f6rde allm\u00e4n r\u00f6str\u00e4tt f\u00f6r kvinnor 1928 och Frankrike 1945. Men allm\u00e4n r\u00f6str\u00e4tt innebar inte automatiskt lika stort inflytande.RELATEDIslands \u201dnej\u201d och Nationernas EuropaN\u00e5gra [&hellip;]\" \/>\n<meta property=\"og:url\" content=\"https:\/\/www.theconservative.online\/sv\/kommer-feminiseringen-av-samhallet-att-bli-en-politisk-fraga\" \/>\n<meta property=\"og:site_name\" content=\"The Conservative\" \/>\n<meta property=\"article:published_time\" content=\"2026-08-27T14:39:23+00:00\" \/>\n<meta property=\"og:image\" content=\"https:\/\/www.theconservative.online\/wp-content\/uploads\/2026\/05\/shutterstock_2234701651.jpg\" \/>\n\t<meta property=\"og:image:width\" content=\"1000\" \/>\n\t<meta property=\"og:image:height\" content=\"667\" \/>\n\t<meta property=\"og:image:type\" content=\"image\/jpeg\" \/>\n<meta name=\"author\" content=\"Richard S\u00f6rman\" \/>\n<meta name=\"twitter:card\" content=\"summary_large_image\" \/>\n<meta name=\"twitter:label1\" content=\"Skriven av\" \/>\n\t<meta name=\"twitter:data1\" content=\"Richard S\u00f6rman\" \/>\n\t<meta name=\"twitter:label2\" content=\"Ber\u00e4knad l\u00e4stid\" \/>\n\t<meta name=\"twitter:data2\" content=\"10 minuter\" \/>\n<script type=\"application\/ld+json\" class=\"yoast-schema-graph\">{\"@context\":\"https:\\\/\\\/schema.org\",\"@graph\":[{\"@type\":\"Article\",\"@id\":\"https:\\\/\\\/www.theconservative.online\\\/sv\\\/kommer-feminiseringen-av-samhallet-att-bli-en-politisk-fraga#article\",\"isPartOf\":{\"@id\":\"https:\\\/\\\/www.theconservative.online\\\/sv\\\/kommer-feminiseringen-av-samhallet-att-bli-en-politisk-fraga\"},\"author\":{\"name\":\"Richard S\u00f6rman\",\"@id\":\"https:\\\/\\\/www.theconservative.online\\\/sv#\\\/schema\\\/person\\\/769a6928b1a6145a095dde8677e8dc31\"},\"headline\":\"Kommer \u201dfeminiseringen\u201d av samh\u00e4llet att bli en politisk fr\u00e5ga?\",\"datePublished\":\"2026-08-27T14:39:23+00:00\",\"mainEntityOfPage\":{\"@id\":\"https:\\\/\\\/www.theconservative.online\\\/sv\\\/kommer-feminiseringen-av-samhallet-att-bli-en-politisk-fraga\"},\"wordCount\":1969,\"image\":{\"@id\":\"https:\\\/\\\/www.theconservative.online\\\/sv\\\/kommer-feminiseringen-av-samhallet-att-bli-en-politisk-fraga#primaryimage\"},\"thumbnailUrl\":\"https:\\\/\\\/www.theconservative.online\\\/wp-content\\\/uploads\\\/2026\\\/05\\\/shutterstock_2234701651.jpg\",\"keywords\":[\"#femalevalues\",\"#men\",\"#polarization\",\"Feminism\",\"Sweden\",\"women\"],\"articleSection\":[\"Kultur\"],\"inLanguage\":\"sv-SE\"},{\"@type\":\"WebPage\",\"@id\":\"https:\\\/\\\/www.theconservative.online\\\/sv\\\/kommer-feminiseringen-av-samhallet-att-bli-en-politisk-fraga\",\"url\":\"https:\\\/\\\/www.theconservative.online\\\/sv\\\/kommer-feminiseringen-av-samhallet-att-bli-en-politisk-fraga\",\"name\":\"Kommer \u201dfeminiseringen\u201d av samh\u00e4llet att bli en politisk fr\u00e5ga? - The Conservative\",\"isPartOf\":{\"@id\":\"https:\\\/\\\/www.theconservative.online\\\/sv#website\"},\"primaryImageOfPage\":{\"@id\":\"https:\\\/\\\/www.theconservative.online\\\/sv\\\/kommer-feminiseringen-av-samhallet-att-bli-en-politisk-fraga#primaryimage\"},\"image\":{\"@id\":\"https:\\\/\\\/www.theconservative.online\\\/sv\\\/kommer-feminiseringen-av-samhallet-att-bli-en-politisk-fraga#primaryimage\"},\"thumbnailUrl\":\"https:\\\/\\\/www.theconservative.online\\\/wp-content\\\/uploads\\\/2026\\\/05\\\/shutterstock_2234701651.jpg\",\"datePublished\":\"2026-08-27T14:39:23+00:00\",\"author\":{\"@id\":\"https:\\\/\\\/www.theconservative.online\\\/sv#\\\/schema\\\/person\\\/769a6928b1a6145a095dde8677e8dc31\"},\"breadcrumb\":{\"@id\":\"https:\\\/\\\/www.theconservative.online\\\/sv\\\/kommer-feminiseringen-av-samhallet-att-bli-en-politisk-fraga#breadcrumb\"},\"inLanguage\":\"sv-SE\",\"potentialAction\":[{\"@type\":\"ReadAction\",\"target\":[\"https:\\\/\\\/www.theconservative.online\\\/sv\\\/kommer-feminiseringen-av-samhallet-att-bli-en-politisk-fraga\"]}]},{\"@type\":\"ImageObject\",\"inLanguage\":\"sv-SE\",\"@id\":\"https:\\\/\\\/www.theconservative.online\\\/sv\\\/kommer-feminiseringen-av-samhallet-att-bli-en-politisk-fraga#primaryimage\",\"url\":\"https:\\\/\\\/www.theconservative.online\\\/wp-content\\\/uploads\\\/2026\\\/05\\\/shutterstock_2234701651.jpg\",\"contentUrl\":\"https:\\\/\\\/www.theconservative.online\\\/wp-content\\\/uploads\\\/2026\\\/05\\\/shutterstock_2234701651.jpg\",\"width\":1000,\"height\":667},{\"@type\":\"BreadcrumbList\",\"@id\":\"https:\\\/\\\/www.theconservative.online\\\/sv\\\/kommer-feminiseringen-av-samhallet-att-bli-en-politisk-fraga#breadcrumb\",\"itemListElement\":[{\"@type\":\"ListItem\",\"position\":1,\"name\":\"Home\",\"item\":\"https:\\\/\\\/www.theconservative.online\\\/sv\"},{\"@type\":\"ListItem\",\"position\":2,\"name\":\"Kommer \u201dfeminiseringen\u201d av samh\u00e4llet att bli en politisk fr\u00e5ga?\"}]},{\"@type\":\"WebSite\",\"@id\":\"https:\\\/\\\/www.theconservative.online\\\/sv#website\",\"url\":\"https:\\\/\\\/www.theconservative.online\\\/sv\",\"name\":\"The Conservative\",\"description\":\"\",\"potentialAction\":[{\"@type\":\"SearchAction\",\"target\":{\"@type\":\"EntryPoint\",\"urlTemplate\":\"https:\\\/\\\/www.theconservative.online\\\/sv?s={search_term_string}\"},\"query-input\":{\"@type\":\"PropertyValueSpecification\",\"valueRequired\":true,\"valueName\":\"search_term_string\"}}],\"inLanguage\":\"sv-SE\"},{\"@type\":\"Person\",\"@id\":\"https:\\\/\\\/www.theconservative.online\\\/sv#\\\/schema\\\/person\\\/769a6928b1a6145a095dde8677e8dc31\",\"name\":\"Richard S\u00f6rman\",\"image\":{\"@type\":\"ImageObject\",\"inLanguage\":\"sv-SE\",\"@id\":\"https:\\\/\\\/secure.gravatar.com\\\/avatar\\\/31160c632b280151f52ca490d363172fd554ee64571053ac4dfe486bab7399f5?s=96&d=mm&r=g\",\"url\":\"https:\\\/\\\/secure.gravatar.com\\\/avatar\\\/31160c632b280151f52ca490d363172fd554ee64571053ac4dfe486bab7399f5?s=96&d=mm&r=g\",\"contentUrl\":\"https:\\\/\\\/secure.gravatar.com\\\/avatar\\\/31160c632b280151f52ca490d363172fd554ee64571053ac4dfe486bab7399f5?s=96&d=mm&r=g\",\"caption\":\"Richard S\u00f6rman\"},\"url\":\"https:\\\/\\\/www.theconservative.online\\\/sv\\\/author\\\/riks-euspec-2025-2026\"}]}<\/script>\n<!-- \/ Yoast SEO plugin. -->","yoast_head_json":{"title":"Kommer \u201dfeminiseringen\u201d av samh\u00e4llet att bli en politisk fr\u00e5ga? - The Conservative","robots":{"index":"index","follow":"follow","max-snippet":"max-snippet:-1","max-image-preview":"max-image-preview:large","max-video-preview":"max-video-preview:-1"},"canonical":"https:\/\/www.theconservative.online\/sv\/kommer-feminiseringen-av-samhallet-att-bli-en-politisk-fraga","og_locale":"sv_SE","og_type":"article","og_title":"Kommer \u201dfeminiseringen\u201d av samh\u00e4llet att bli en politisk fr\u00e5ga? - The Conservative","og_description":"F\u00f6r ungef\u00e4r hundra \u00e5r sedan skedde ett stort demokratiskt genombrott i v\u00e4stv\u00e4rlden. Runt 1920 beviljades inte bara alla m\u00e4n utan \u00e4ven alla kvinnor r\u00f6str\u00e4tt i l\u00e4nder som USA, Kanada, Sverige och Danmark. Storbritannien inf\u00f6rde allm\u00e4n r\u00f6str\u00e4tt f\u00f6r kvinnor 1928 och Frankrike 1945. Men allm\u00e4n r\u00f6str\u00e4tt innebar inte automatiskt lika stort inflytande.RELATEDIsland r\u00f6star om att \u00e5teruppta [&hellip;]","og_url":"https:\/\/www.theconservative.online\/sv\/kommer-feminiseringen-av-samhallet-att-bli-en-politisk-fraga","og_site_name":"The Conservative","article_published_time":"2026-08-27T14:39:23+00:00","og_image":[{"width":1000,"height":667,"url":"https:\/\/www.theconservative.online\/wp-content\/uploads\/2026\/05\/shutterstock_2234701651.jpg","type":"image\/jpeg"}],"author":"Richard S\u00f6rman","twitter_card":"summary_large_image","twitter_misc":{"Skriven av":"Richard S\u00f6rman","Ber\u00e4knad l\u00e4stid":"10 minuter"},"schema":{"@context":"https:\/\/schema.org","@graph":[{"@type":"Article","@id":"https:\/\/www.theconservative.online\/sv\/kommer-feminiseringen-av-samhallet-att-bli-en-politisk-fraga#article","isPartOf":{"@id":"https:\/\/www.theconservative.online\/sv\/kommer-feminiseringen-av-samhallet-att-bli-en-politisk-fraga"},"author":{"name":"Richard S\u00f6rman","@id":"https:\/\/www.theconservative.online\/sv#\/schema\/person\/769a6928b1a6145a095dde8677e8dc31"},"headline":"Kommer \u201dfeminiseringen\u201d av samh\u00e4llet att bli en politisk fr\u00e5ga?","datePublished":"2026-08-27T14:39:23+00:00","mainEntityOfPage":{"@id":"https:\/\/www.theconservative.online\/sv\/kommer-feminiseringen-av-samhallet-att-bli-en-politisk-fraga"},"wordCount":1969,"image":{"@id":"https:\/\/www.theconservative.online\/sv\/kommer-feminiseringen-av-samhallet-att-bli-en-politisk-fraga#primaryimage"},"thumbnailUrl":"https:\/\/www.theconservative.online\/wp-content\/uploads\/2026\/05\/shutterstock_2234701651.jpg","keywords":["#femalevalues","#men","#polarization","Feminism","Sweden","women"],"articleSection":["Kultur"],"inLanguage":"sv-SE"},{"@type":"WebPage","@id":"https:\/\/www.theconservative.online\/sv\/kommer-feminiseringen-av-samhallet-att-bli-en-politisk-fraga","url":"https:\/\/www.theconservative.online\/sv\/kommer-feminiseringen-av-samhallet-att-bli-en-politisk-fraga","name":"Kommer \u201dfeminiseringen\u201d av samh\u00e4llet att bli en politisk fr\u00e5ga? - The Conservative","isPartOf":{"@id":"https:\/\/www.theconservative.online\/sv#website"},"primaryImageOfPage":{"@id":"https:\/\/www.theconservative.online\/sv\/kommer-feminiseringen-av-samhallet-att-bli-en-politisk-fraga#primaryimage"},"image":{"@id":"https:\/\/www.theconservative.online\/sv\/kommer-feminiseringen-av-samhallet-att-bli-en-politisk-fraga#primaryimage"},"thumbnailUrl":"https:\/\/www.theconservative.online\/wp-content\/uploads\/2026\/05\/shutterstock_2234701651.jpg","datePublished":"2026-08-27T14:39:23+00:00","author":{"@id":"https:\/\/www.theconservative.online\/sv#\/schema\/person\/769a6928b1a6145a095dde8677e8dc31"},"breadcrumb":{"@id":"https:\/\/www.theconservative.online\/sv\/kommer-feminiseringen-av-samhallet-att-bli-en-politisk-fraga#breadcrumb"},"inLanguage":"sv-SE","potentialAction":[{"@type":"ReadAction","target":["https:\/\/www.theconservative.online\/sv\/kommer-feminiseringen-av-samhallet-att-bli-en-politisk-fraga"]}]},{"@type":"ImageObject","inLanguage":"sv-SE","@id":"https:\/\/www.theconservative.online\/sv\/kommer-feminiseringen-av-samhallet-att-bli-en-politisk-fraga#primaryimage","url":"https:\/\/www.theconservative.online\/wp-content\/uploads\/2026\/05\/shutterstock_2234701651.jpg","contentUrl":"https:\/\/www.theconservative.online\/wp-content\/uploads\/2026\/05\/shutterstock_2234701651.jpg","width":1000,"height":667},{"@type":"BreadcrumbList","@id":"https:\/\/www.theconservative.online\/sv\/kommer-feminiseringen-av-samhallet-att-bli-en-politisk-fraga#breadcrumb","itemListElement":[{"@type":"ListItem","position":1,"name":"Home","item":"https:\/\/www.theconservative.online\/sv"},{"@type":"ListItem","position":2,"name":"Kommer \u201dfeminiseringen\u201d av samh\u00e4llet att bli en politisk fr\u00e5ga?"}]},{"@type":"WebSite","@id":"https:\/\/www.theconservative.online\/sv#website","url":"https:\/\/www.theconservative.online\/sv","name":"The Conservative","description":"","potentialAction":[{"@type":"SearchAction","target":{"@type":"EntryPoint","urlTemplate":"https:\/\/www.theconservative.online\/sv?s={search_term_string}"},"query-input":{"@type":"PropertyValueSpecification","valueRequired":true,"valueName":"search_term_string"}}],"inLanguage":"sv-SE"},{"@type":"Person","@id":"https:\/\/www.theconservative.online\/sv#\/schema\/person\/769a6928b1a6145a095dde8677e8dc31","name":"Richard S\u00f6rman","image":{"@type":"ImageObject","inLanguage":"sv-SE","@id":"https:\/\/secure.gravatar.com\/avatar\/31160c632b280151f52ca490d363172fd554ee64571053ac4dfe486bab7399f5?s=96&d=mm&r=g","url":"https:\/\/secure.gravatar.com\/avatar\/31160c632b280151f52ca490d363172fd554ee64571053ac4dfe486bab7399f5?s=96&d=mm&r=g","contentUrl":"https:\/\/secure.gravatar.com\/avatar\/31160c632b280151f52ca490d363172fd554ee64571053ac4dfe486bab7399f5?s=96&d=mm&r=g","caption":"Richard S\u00f6rman"},"url":"https:\/\/www.theconservative.online\/sv\/author\/riks-euspec-2025-2026"}]}},"acf":[],"_links":{"self":[{"href":"https:\/\/www.theconservative.online\/sv\/wp-json\/wp\/v2\/posts\/63037","targetHints":{"allow":["GET"]}}],"collection":[{"href":"https:\/\/www.theconservative.online\/sv\/wp-json\/wp\/v2\/posts"}],"about":[{"href":"https:\/\/www.theconservative.online\/sv\/wp-json\/wp\/v2\/types\/post"}],"author":[{"embeddable":true,"href":"https:\/\/www.theconservative.online\/sv\/wp-json\/wp\/v2\/users\/85"}],"replies":[{"embeddable":true,"href":"https:\/\/www.theconservative.online\/sv\/wp-json\/wp\/v2\/comments?post=63037"}],"version-history":[{"count":0,"href":"https:\/\/www.theconservative.online\/sv\/wp-json\/wp\/v2\/posts\/63037\/revisions"}],"wp:featuredmedia":[{"embeddable":true,"href":"https:\/\/www.theconservative.online\/sv\/wp-json\/wp\/v2\/media\/54867"}],"wp:attachment":[{"href":"https:\/\/www.theconservative.online\/sv\/wp-json\/wp\/v2\/media?parent=63037"}],"wp:term":[{"taxonomy":"category","embeddable":true,"href":"https:\/\/www.theconservative.online\/sv\/wp-json\/wp\/v2\/categories?post=63037"},{"taxonomy":"post_tag","embeddable":true,"href":"https:\/\/www.theconservative.online\/sv\/wp-json\/wp\/v2\/tags?post=63037"},{"taxonomy":"editorial-positions","embeddable":true,"href":"https:\/\/www.theconservative.online\/sv\/wp-json\/wp\/v2\/editorial-positions?post=63037"},{"taxonomy":"regions","embeddable":true,"href":"https:\/\/www.theconservative.online\/sv\/wp-json\/wp\/v2\/regions?post=63037"},{"taxonomy":"types","embeddable":true,"href":"https:\/\/www.theconservative.online\/sv\/wp-json\/wp\/v2\/types?post=63037"}],"curies":[{"name":"wp","href":"https:\/\/api.w.org\/{rel}","templated":true}]}}