{"id":63046,"date":"2026-08-27T14:31:16","date_gmt":"2026-08-27T14:31:16","guid":{"rendered":"https:\/\/www.theconservative.online\/partisk-och-ofri-irlands-statsstodda-medielandskap"},"modified":"2026-08-27T14:31:16","modified_gmt":"2026-08-27T14:31:16","slug":"partisk-och-ofri-irlands-statsstodda-medielandskap","status":"publish","type":"post","link":"https:\/\/www.theconservative.online\/sv\/partisk-och-ofri-irlands-statsstodda-medielandskap","title":{"rendered":"Partisk och ofri: Irlands statsst\u00f6dda medielandskap"},"content":{"rendered":"<p>Det irl\u00e4ndska medielandskapet \u00e4r fortfarande ett av de mest politiskt underordnade sin regering i hela Europa. Fr\u00e5n de str\u00e4ngaste \u00e4rekr\u00e4nkningslagarna i Europa \u2013 som begr\u00e4nsar den irl\u00e4ndska pressens publiceringsfrihet \u2013 till beviljandet av statliga subventioner som h\u00e5ller ol\u00f6nsamma nyhetsmedier flytande, \u00e4r de irl\u00e4ndska medierna f\u00f6ljaktligen okritiska och mutade. Ett antal andra faktorer, s\u00e5som statlig finansiering av pressen, v\u00e4nsterorienterade institutionella f\u00f6rdomar inom branschen och naturligtvis den s\u00e5 kallade \u201dsv\u00e4ngd\u00f6rren\u201d mellan regeringen och medierna, g\u00f6r ocks\u00e5 att de irl\u00e4ndska tidningarnas trov\u00e4rdighet granskas noggrant.<\/p>\n<p>&nbsp;<\/p>\n<p>Statligt finansierade tidningar kommer att kritisera staten f\u00f6r en politik som \u00e4r till\u00e5ten, p\u00e5 grunder som deras byr\u00e5kratiska reportrar har bed\u00f6mt vara icke-konfrontativa och d\u00e4rmed osannolika att \u00e4ventyra deras statliga bidrag. M\u00e5nga tidningar undviker dock systematiskt de p\u00e5tagliga och djupt impopul\u00e4ra kriser som landet st\u00e5r inf\u00f6r, oavsett om det g\u00e4ller migration, bostadsfr\u00e5gor eller landets oh\u00e5llbara ekonomiska politik n\u00e4r det g\u00e4ller utl\u00e4ndska direktinvesteringar.<\/p>\n<p>&nbsp;<\/p>\n<p>Det handlar inte bara om statliga subventioner, utan ocks\u00e5 om en stark v\u00e4nsterinriktning. Det statliga TV-bolaget <a href=\"https:\/\/www.rte.ie\/news\/ireland\/2023\/1211\/1421325-report-irish-journalists\/\">RTE<\/a> rapporterade 2023 att en majoritet av de irl\u00e4ndska journalister som tillfr\u00e5gades av Dublin City University identifierade sig som v\u00e4nsterorienterade. Siffrorna visar att 61,5 procent identifierar sig som v\u00e4nsterorienterade, j\u00e4mf\u00f6rt med endast 8,5 procent h\u00f6gerorienterade journalister. Det finns allts\u00e5 en inbyggd obalans i de politiska vinklingarna hos m\u00e5nga irl\u00e4ndska medier, en obalans som missgynnar konservativa politiska \u00e5sikter och i vissa fall \u00e4r direkt fientlig mot dem.<\/p>\n<p>&nbsp;<\/p>\n<p>Den s\u00e5 kallade \u201dsv\u00e4ngd\u00f6rren\u201d mellan statliga myndigheter och den privata sektorn \u00e4r ett v\u00e4lk\u00e4nt och ofta diskuterat fenomen. D\u00e4remot uppm\u00e4rksammas det s\u00e4llan att journalister i stor utstr\u00e4ckning \u00f6verg\u00e5r till statliga befattningar. <a href=\"https:\/\/gript.ie\/a-new-government-means-new-government-jobs-for-journalists\/\">F\u00f6rra \u00e5ret<\/a> rapporterade till exempel Gript Media att journalisten Hugh O\u2019Connell hade utsetts till bitr\u00e4dande regeringspressekreterare och av kritiker anklagades f\u00f6r att vara partisk till f\u00f6rm\u00e5n f\u00f6r Fine Gael. Men det var inte allt i den h\u00e4r historien: just den person som han ersatte p\u00e5 den posten var Newstalk-radioprogramledaren Chris O\u2019Donohoe. Det \u00e4r f\u00f6rst\u00e5s inte f\u00f6rv\u00e5nande att en pressekreterare kan vara en f\u00f6re detta journalist \u2013 yrkena h\u00e4nger ju naturligtvis ihop rent funktionellt. Men n\u00e4r man betraktar detta fenomen i ett bredare perspektiv blir m\u00f6nstret tydligt. Helen McEntee anst\u00e4llde tidigare Irish Times-reportern Fiach Kelly, medan Simon Harris har anst\u00e4llt reportrar fr\u00e5n b\u00e5de Irish Times och Irish Examiner. <\/p>\n<p>&nbsp;<\/p>\n<p>Regeringen finansierar och utbildar PR-experter inom den offentliga mediebranschen, f\u00f6r att sedan anst\u00e4lla dem internt som r\u00e5dgivare n\u00e4r deras politiska v\u00e4rde har n\u00e5tt sin h\u00f6jdpunkt. T\u00e4nk till exempel p\u00e5 det faktum att minister Patrick O\u2019Donovan fick ett utbrott efter att ha blivit orolig \u00f6ver att medierna rapporterade om br\u00e4nsleprotesterna i april i \u00e5r p\u00e5 ett s\u00e4tt som var partiskt mot regeringen.<\/p>\n<p>&nbsp;<\/p>\n<p>H\u00e4r finns en pinsam mots\u00e4gelse som den irl\u00e4ndska politikerklassen aldrig kommer att erk\u00e4nna. De prisar vikten av en fri press och yttrandefrihetens v\u00e4rden i samma andetag, f\u00f6r att sedan h\u00e4ftigt kritisera alla medier som v\u00e5gar kritisera dem offentligt. F\u00f6r att inte tala om det faktum att tidningarna, i och med statens \u00f6kade finansiella st\u00f6d till nyhetsmedierna \u2013 en aff\u00e4rsmodell som blir alltmer ol\u00f6nsam \u2013 i vissa fall har blivit helt beroende av statliga bidrag.<\/p>\n<p>&nbsp;<\/p>\n<p>Faktum \u00e4r att minister O\u2019Donovan <a href=\"https:\/\/www.ontheditch.com\/patrick-o-donovan-secret-call\/\">p\u00e5stods<\/a> ha haft ett hemligt telefonsamtal med den irl\u00e4ndska regeringens avdelning f\u00f6r mediecensur, Coimisiun na Mean, till f\u00f6ljd av RTE:s bevakning av br\u00e4nsleprotesterna \u2013 en bevakning som han var missn\u00f6jd med. Det p\u00e5st\u00e5s ocks\u00e5 att han bad en tj\u00e4nsteman inom Coimisiun na Mean att unders\u00f6ka \u201dom det fanns n\u00e5gon mekanism i lagstiftningen som gjorde det m\u00f6jligt f\u00f6r ministern att beg\u00e4ra en granskning av s\u00e4ndningarna\u201d i samband med dessa h\u00e4ndelser.<\/p>\n<p>&nbsp;<\/p>\n<p>Ett s\u00e5dant beteende borde vara anm\u00e4rkningsv\u00e4rt i en v\u00e4sterl\u00e4ndsk demokrati som Irland, och ministern kritiserades med r\u00e4tta f\u00f6r sitt agerande. Men \u00e5terigen framf\u00f6rdes denna kritik p\u00e5 ett s\u00e5dant s\u00e4tt att den inte hotade den statliga finansieringen. Rapporteringen t\u00e4ckte \u00e4mnet, men v\u00e5gade inte dra den naturliga slutsatsen att ministern och hans kollegor bryter mot grundl\u00e4ggande konventioner f\u00f6r ett demokratiskt och \u00f6ppet styre. Dessa slutsatser drogs aldrig av just den anledningen att det skulle \u00e4ventyra tidningarnas statliga finansiering och kanske skada de irl\u00e4ndska journalisternas framtida karri\u00e4rambitioner inom statsapparaten.<\/p>\n<p>&nbsp;<\/p>\n<p>Denna fr\u00e5ga \u00e4r s\u00e5 v\u00e4lk\u00e4nd att en representant f\u00f6r en krisdrabbad radiostation i Irland <a href=\"https:\/\/gript.ie\/struggling-radio-outlet-fears-criticising-minister-over-funding\/\">h\u00e4vdade<\/a> att lokala medieakt\u00f6rer bedrev sj\u00e4lvcensur f\u00f6r att undvika att g\u00e5 miste om de statliga medel som kr\u00e4vs f\u00f6r att h\u00e5lla stationen ig\u00e5ng.<\/p>\n<p>&nbsp;<\/p>\n<p>I takt med att mediekommission\u00e4rerna allt oftare erbjuder belopp p\u00e5 flera miljoner varje \u00e5r har de offentliga mediernas beroende av staten bara \u00f6kat, denna g\u00e5ng med fokus p\u00e5 att motverka desinformation.<\/p>\n<p>&nbsp;<\/p>\n<p>Det <a href=\"https:\/\/gript.ie\/heres-how-much-media-orgs-got-from-coimisiun-na-mean\/\">framkom<\/a> att Irish Independent \u00e5r 2025 erh\u00f6ll cirka 330 000 euro fr\u00e5n Coimisiun na Mean, medan Journal och Irish Examiner erh\u00f6ll cirka 130 000 euro vardera. Dessa finansieringsprogram g\u00e4llde inte bara tidningar med en nationell l\u00e4sekrets, utan \u00e4ven mindre lokala medier som Connacht Tribune, Mayo News, The Kerryman och Westmeath Examiner, samt en rad andra regionala medier av politisk betydelse. Dessa medier m\u00e5ste betraktas som betydelsefulla f\u00f6r sin lokala nyhetsbevakning i Irlands starkt lokalpr\u00e4glade valmilj\u00f6, d\u00e4r en regelbunden n\u00e4rvaro i s\u00e5dana tidningar kan s\u00e4gas vara mer synlig f\u00f6r v\u00e4ljarna \u00e4n nationella nyheter. Detta fungerar i praktiken som ett slags k\u00f6p av inflytande, inte bara fr\u00e5n den irl\u00e4ndska regeringens sida utan ocks\u00e5 fr\u00e5n ett visst slags v\u00e4nsterpolitiskt styre som maskerar sig som centristiskt och f\u00f6rnuftets r\u00f6st, trots det eskalerande allm\u00e4nna f\u00f6raktet f\u00f6r regeringspartierna och den politiska v\u00e4nstern. <\/p>\n<p>Det mest uppr\u00f6rande \u00e4r att mediemyndigheten och den regering som inr\u00e4ttade den inte ens har f\u00f6rs\u00f6kt d\u00f6lja sina sp\u00e5r. Coimisuin na Mean meddelade i \u00e5r att man skulle inbjuda till inl\u00e4mning av synpunkter till  <a href=\"https:\/\/www.rte.ie\/news\/business\/2026\/0310\/1562644-media-regulator-offers-funding-to-counter-disinformation\/\">fond<\/a>  som fr\u00e4mjade mediekunskap f\u00f6r att bek\u00e4mpa desinformation p\u00e5 n\u00e4tet. \u00c5terigen blottas den skamliga ideologiska inriktningen i det irl\u00e4ndska politiska systemet, d\u00e4r kritisk press eller rapportering som g\u00e5r emot regeringens intressen st\u00e4mplas som desinformation. F\u00f6r att hantera den v\u00e4xande populariteten hos allm\u00e4nheten f\u00f6r s\u00e5dan rapportering eller s\u00e5dant medieinneh\u00e5ll, uppmanar de \u00f6ppet till att l\u00e4mna in planer f\u00f6r att omskola allm\u00e4nheten i tron att regeringen vet b\u00e4ttre \u00e4n de sj\u00e4lva.<\/p>\n<p>&nbsp;<\/p>\n<p>Det \u00e4r av dessa sk\u00e4l som Irlands medielandskap \u00e4r strukturellt bristf\u00e4lligt. \u00c5 ena sidan beviljar regeringen bidrag, \u00e5 andra sidan censurerar den en press som har blivit ekonomiskt beroende eller ideologiskt anpassad. Den arroganta sj\u00e4lvupptagenheten kring s\u00e5dana initiativ k\u00e4nner inga gr\u00e4nser, och debatten om censur i Irland utspelar sig ist\u00e4llet p\u00e5 sj\u00e4lva demokratins altare. Den irl\u00e4ndska politiska klassen inser inte hyckleriet i s\u00e5dana man\u00f6vrer, eftersom den rutinm\u00e4ssigt har undergr\u00e4vt v\u00e5ra statliga institutioners auktoritet och l\u00e5tit dem hamna under inflytande av ideologiska och sociala karteller.<\/p>\n<p>&nbsp;<\/p>\n<p>Alla f\u00f6rs\u00f6k att reformera den irl\u00e4ndska f\u00f6rvaltningen kommer att kr\u00e4va en total omv\u00e4rdering av statens relation till medierna. All statlig finansiering av nyhetsmedier m\u00e5ste omedelbart upph\u00f6ra. Oberoende nyhetsk\u00e4llor b\u00f6r bel\u00f6nas utifr\u00e5n sin ekonomiska b\u00e4rkraft som en produkt eller tj\u00e4nst som allm\u00e4nheten faktiskt \u00e4r intresserad av att st\u00f6dja. I en digital tids\u00e5lder d\u00e4r sociala medier erbjuder denna information gratis p\u00e5 beg\u00e4ran, ofta med mer tr\u00e4ffande kommentarer \u00e4n till och med kontroversiella nationella tidningar som Irish Times.<\/p>\n","protected":false},"excerpt":{"rendered":"<p>Det irl\u00e4ndska medielandskapet \u00e4r fortfarande ett av de mest politiskt underordnade sin regering i hela Europa. Fr\u00e5n de str\u00e4ngaste \u00e4rekr\u00e4nkningslagarna i Europa \u2013 som begr\u00e4nsar den irl\u00e4ndska pressens publiceringsfrihet \u2013 till beviljandet av statliga subventioner som h\u00e5ller ol\u00f6nsamma nyhetsmedier flytande, \u00e4r de irl\u00e4ndska medierna f\u00f6ljaktligen okritiska och mutade. Ett antal andra faktorer, s\u00e5som statlig finansiering [&hellip;]<\/p>\n","protected":false},"author":77,"featured_media":19702,"comment_status":"closed","ping_status":"closed","sticky":false,"template":"","format":"standard","meta":{"footnotes":""},"categories":[10],"tags":[],"editorial-positions":[],"regions":[],"types":[453],"class_list":["post-63046","post","type-post","status-publish","format-standard","has-post-thumbnail","hentry","category-okategoriserad","types-opinion-sv"],"yoast_head":"<!-- This site is optimized with the Yoast SEO plugin v28.0 - https:\/\/yoast.com\/product\/yoast-seo-wordpress\/ -->\n<title>Partisk och ofri: Irlands statsst\u00f6dda medielandskap - The Conservative<\/title>\n<meta name=\"robots\" content=\"index, follow, max-snippet:-1, max-image-preview:large, max-video-preview:-1\" \/>\n<link rel=\"canonical\" href=\"https:\/\/www.theconservative.online\/sv\/partisk-och-ofri-irlands-statsstodda-medielandskap\" \/>\n<meta property=\"og:locale\" content=\"sv_SE\" \/>\n<meta property=\"og:type\" content=\"article\" \/>\n<meta property=\"og:title\" content=\"Partisk och ofri: Irlands statsst\u00f6dda medielandskap - The Conservative\" \/>\n<meta property=\"og:description\" content=\"Det irl\u00e4ndska medielandskapet \u00e4r fortfarande ett av de mest politiskt underordnade sin regering i hela Europa. Fr\u00e5n de str\u00e4ngaste \u00e4rekr\u00e4nkningslagarna i Europa \u2013 som begr\u00e4nsar den irl\u00e4ndska pressens publiceringsfrihet \u2013 till beviljandet av statliga subventioner som h\u00e5ller ol\u00f6nsamma nyhetsmedier flytande, \u00e4r de irl\u00e4ndska medierna f\u00f6ljaktligen okritiska och mutade. Ett antal andra faktorer, s\u00e5som statlig finansiering [&hellip;]\" \/>\n<meta property=\"og:url\" content=\"https:\/\/www.theconservative.online\/sv\/partisk-och-ofri-irlands-statsstodda-medielandskap\" \/>\n<meta property=\"og:site_name\" content=\"The Conservative\" \/>\n<meta property=\"article:published_time\" content=\"2026-08-27T14:31:16+00:00\" \/>\n<meta property=\"og:image\" content=\"https:\/\/www.theconservative.online\/wp-content\/uploads\/2024\/02\/shutterstock_2256586921.jpg\" \/>\n\t<meta property=\"og:image:width\" content=\"1000\" \/>\n\t<meta property=\"og:image:height\" content=\"666\" \/>\n\t<meta property=\"og:image:type\" content=\"image\/jpeg\" \/>\n<meta name=\"author\" content=\"Martin Lynch\" \/>\n<meta name=\"twitter:card\" content=\"summary_large_image\" \/>\n<meta name=\"twitter:label1\" content=\"Skriven av\" \/>\n\t<meta name=\"twitter:data1\" content=\"Martin Lynch\" \/>\n\t<meta name=\"twitter:label2\" content=\"Ber\u00e4knad l\u00e4stid\" \/>\n\t<meta name=\"twitter:data2\" content=\"7 minuter\" \/>\n<script type=\"application\/ld+json\" class=\"yoast-schema-graph\">{\"@context\":\"https:\\\/\\\/schema.org\",\"@graph\":[{\"@type\":\"Article\",\"@id\":\"https:\\\/\\\/www.theconservative.online\\\/sv\\\/partisk-och-ofri-irlands-statsstodda-medielandskap#article\",\"isPartOf\":{\"@id\":\"https:\\\/\\\/www.theconservative.online\\\/sv\\\/partisk-och-ofri-irlands-statsstodda-medielandskap\"},\"author\":{\"name\":\"Martin Lynch\",\"@id\":\"https:\\\/\\\/www.theconservative.online\\\/sv#\\\/schema\\\/person\\\/15819aaa61073fbb539912aeb9df3dea\"},\"headline\":\"Partisk och ofri: Irlands statsst\u00f6dda medielandskap\",\"datePublished\":\"2026-08-27T14:31:16+00:00\",\"mainEntityOfPage\":{\"@id\":\"https:\\\/\\\/www.theconservative.online\\\/sv\\\/partisk-och-ofri-irlands-statsstodda-medielandskap\"},\"wordCount\":1360,\"image\":{\"@id\":\"https:\\\/\\\/www.theconservative.online\\\/sv\\\/partisk-och-ofri-irlands-statsstodda-medielandskap#primaryimage\"},\"thumbnailUrl\":\"https:\\\/\\\/www.theconservative.online\\\/wp-content\\\/uploads\\\/2024\\\/02\\\/shutterstock_2256586921.jpg\",\"articleSection\":[\"Okategoriserad\"],\"inLanguage\":\"sv-SE\"},{\"@type\":\"WebPage\",\"@id\":\"https:\\\/\\\/www.theconservative.online\\\/sv\\\/partisk-och-ofri-irlands-statsstodda-medielandskap\",\"url\":\"https:\\\/\\\/www.theconservative.online\\\/sv\\\/partisk-och-ofri-irlands-statsstodda-medielandskap\",\"name\":\"Partisk och ofri: Irlands statsst\u00f6dda medielandskap - The Conservative\",\"isPartOf\":{\"@id\":\"https:\\\/\\\/www.theconservative.online\\\/sv#website\"},\"primaryImageOfPage\":{\"@id\":\"https:\\\/\\\/www.theconservative.online\\\/sv\\\/partisk-och-ofri-irlands-statsstodda-medielandskap#primaryimage\"},\"image\":{\"@id\":\"https:\\\/\\\/www.theconservative.online\\\/sv\\\/partisk-och-ofri-irlands-statsstodda-medielandskap#primaryimage\"},\"thumbnailUrl\":\"https:\\\/\\\/www.theconservative.online\\\/wp-content\\\/uploads\\\/2024\\\/02\\\/shutterstock_2256586921.jpg\",\"datePublished\":\"2026-08-27T14:31:16+00:00\",\"author\":{\"@id\":\"https:\\\/\\\/www.theconservative.online\\\/sv#\\\/schema\\\/person\\\/15819aaa61073fbb539912aeb9df3dea\"},\"breadcrumb\":{\"@id\":\"https:\\\/\\\/www.theconservative.online\\\/sv\\\/partisk-och-ofri-irlands-statsstodda-medielandskap#breadcrumb\"},\"inLanguage\":\"sv-SE\",\"potentialAction\":[{\"@type\":\"ReadAction\",\"target\":[\"https:\\\/\\\/www.theconservative.online\\\/sv\\\/partisk-och-ofri-irlands-statsstodda-medielandskap\"]}]},{\"@type\":\"ImageObject\",\"inLanguage\":\"sv-SE\",\"@id\":\"https:\\\/\\\/www.theconservative.online\\\/sv\\\/partisk-och-ofri-irlands-statsstodda-medielandskap#primaryimage\",\"url\":\"https:\\\/\\\/www.theconservative.online\\\/wp-content\\\/uploads\\\/2024\\\/02\\\/shutterstock_2256586921.jpg\",\"contentUrl\":\"https:\\\/\\\/www.theconservative.online\\\/wp-content\\\/uploads\\\/2024\\\/02\\\/shutterstock_2256586921.jpg\",\"width\":1000,\"height\":666},{\"@type\":\"BreadcrumbList\",\"@id\":\"https:\\\/\\\/www.theconservative.online\\\/sv\\\/partisk-och-ofri-irlands-statsstodda-medielandskap#breadcrumb\",\"itemListElement\":[{\"@type\":\"ListItem\",\"position\":1,\"name\":\"Home\",\"item\":\"https:\\\/\\\/www.theconservative.online\\\/sv\"},{\"@type\":\"ListItem\",\"position\":2,\"name\":\"Partisk och ofri: Irlands statsst\u00f6dda medielandskap\"}]},{\"@type\":\"WebSite\",\"@id\":\"https:\\\/\\\/www.theconservative.online\\\/sv#website\",\"url\":\"https:\\\/\\\/www.theconservative.online\\\/sv\",\"name\":\"The Conservative\",\"description\":\"\",\"potentialAction\":[{\"@type\":\"SearchAction\",\"target\":{\"@type\":\"EntryPoint\",\"urlTemplate\":\"https:\\\/\\\/www.theconservative.online\\\/sv?s={search_term_string}\"},\"query-input\":{\"@type\":\"PropertyValueSpecification\",\"valueRequired\":true,\"valueName\":\"search_term_string\"}}],\"inLanguage\":\"sv-SE\"},{\"@type\":\"Person\",\"@id\":\"https:\\\/\\\/www.theconservative.online\\\/sv#\\\/schema\\\/person\\\/15819aaa61073fbb539912aeb9df3dea\",\"name\":\"Martin Lynch\",\"image\":{\"@type\":\"ImageObject\",\"inLanguage\":\"sv-SE\",\"@id\":\"https:\\\/\\\/secure.gravatar.com\\\/avatar\\\/482c01848305673b38529f97155010aafc47cc0d1341b4b1147d1a6adaaab3db?s=96&d=mm&r=g\",\"url\":\"https:\\\/\\\/secure.gravatar.com\\\/avatar\\\/482c01848305673b38529f97155010aafc47cc0d1341b4b1147d1a6adaaab3db?s=96&d=mm&r=g\",\"contentUrl\":\"https:\\\/\\\/secure.gravatar.com\\\/avatar\\\/482c01848305673b38529f97155010aafc47cc0d1341b4b1147d1a6adaaab3db?s=96&d=mm&r=g\",\"caption\":\"Martin Lynch\"},\"url\":\"https:\\\/\\\/www.theconservative.online\\\/sv\\\/author\\\/stonebay-euspec-2025-26\"}]}<\/script>\n<!-- \/ Yoast SEO plugin. -->","yoast_head_json":{"title":"Partisk och ofri: Irlands statsst\u00f6dda medielandskap - The Conservative","robots":{"index":"index","follow":"follow","max-snippet":"max-snippet:-1","max-image-preview":"max-image-preview:large","max-video-preview":"max-video-preview:-1"},"canonical":"https:\/\/www.theconservative.online\/sv\/partisk-och-ofri-irlands-statsstodda-medielandskap","og_locale":"sv_SE","og_type":"article","og_title":"Partisk och ofri: Irlands statsst\u00f6dda medielandskap - The Conservative","og_description":"Det irl\u00e4ndska medielandskapet \u00e4r fortfarande ett av de mest politiskt underordnade sin regering i hela Europa. Fr\u00e5n de str\u00e4ngaste \u00e4rekr\u00e4nkningslagarna i Europa \u2013 som begr\u00e4nsar den irl\u00e4ndska pressens publiceringsfrihet \u2013 till beviljandet av statliga subventioner som h\u00e5ller ol\u00f6nsamma nyhetsmedier flytande, \u00e4r de irl\u00e4ndska medierna f\u00f6ljaktligen okritiska och mutade. Ett antal andra faktorer, s\u00e5som statlig finansiering [&hellip;]","og_url":"https:\/\/www.theconservative.online\/sv\/partisk-och-ofri-irlands-statsstodda-medielandskap","og_site_name":"The Conservative","article_published_time":"2026-08-27T14:31:16+00:00","og_image":[{"width":1000,"height":666,"url":"https:\/\/www.theconservative.online\/wp-content\/uploads\/2024\/02\/shutterstock_2256586921.jpg","type":"image\/jpeg"}],"author":"Martin Lynch","twitter_card":"summary_large_image","twitter_misc":{"Skriven av":"Martin Lynch","Ber\u00e4knad l\u00e4stid":"7 minuter"},"schema":{"@context":"https:\/\/schema.org","@graph":[{"@type":"Article","@id":"https:\/\/www.theconservative.online\/sv\/partisk-och-ofri-irlands-statsstodda-medielandskap#article","isPartOf":{"@id":"https:\/\/www.theconservative.online\/sv\/partisk-och-ofri-irlands-statsstodda-medielandskap"},"author":{"name":"Martin Lynch","@id":"https:\/\/www.theconservative.online\/sv#\/schema\/person\/15819aaa61073fbb539912aeb9df3dea"},"headline":"Partisk och ofri: Irlands statsst\u00f6dda medielandskap","datePublished":"2026-08-27T14:31:16+00:00","mainEntityOfPage":{"@id":"https:\/\/www.theconservative.online\/sv\/partisk-och-ofri-irlands-statsstodda-medielandskap"},"wordCount":1360,"image":{"@id":"https:\/\/www.theconservative.online\/sv\/partisk-och-ofri-irlands-statsstodda-medielandskap#primaryimage"},"thumbnailUrl":"https:\/\/www.theconservative.online\/wp-content\/uploads\/2024\/02\/shutterstock_2256586921.jpg","articleSection":["Okategoriserad"],"inLanguage":"sv-SE"},{"@type":"WebPage","@id":"https:\/\/www.theconservative.online\/sv\/partisk-och-ofri-irlands-statsstodda-medielandskap","url":"https:\/\/www.theconservative.online\/sv\/partisk-och-ofri-irlands-statsstodda-medielandskap","name":"Partisk och ofri: Irlands statsst\u00f6dda medielandskap - The Conservative","isPartOf":{"@id":"https:\/\/www.theconservative.online\/sv#website"},"primaryImageOfPage":{"@id":"https:\/\/www.theconservative.online\/sv\/partisk-och-ofri-irlands-statsstodda-medielandskap#primaryimage"},"image":{"@id":"https:\/\/www.theconservative.online\/sv\/partisk-och-ofri-irlands-statsstodda-medielandskap#primaryimage"},"thumbnailUrl":"https:\/\/www.theconservative.online\/wp-content\/uploads\/2024\/02\/shutterstock_2256586921.jpg","datePublished":"2026-08-27T14:31:16+00:00","author":{"@id":"https:\/\/www.theconservative.online\/sv#\/schema\/person\/15819aaa61073fbb539912aeb9df3dea"},"breadcrumb":{"@id":"https:\/\/www.theconservative.online\/sv\/partisk-och-ofri-irlands-statsstodda-medielandskap#breadcrumb"},"inLanguage":"sv-SE","potentialAction":[{"@type":"ReadAction","target":["https:\/\/www.theconservative.online\/sv\/partisk-och-ofri-irlands-statsstodda-medielandskap"]}]},{"@type":"ImageObject","inLanguage":"sv-SE","@id":"https:\/\/www.theconservative.online\/sv\/partisk-och-ofri-irlands-statsstodda-medielandskap#primaryimage","url":"https:\/\/www.theconservative.online\/wp-content\/uploads\/2024\/02\/shutterstock_2256586921.jpg","contentUrl":"https:\/\/www.theconservative.online\/wp-content\/uploads\/2024\/02\/shutterstock_2256586921.jpg","width":1000,"height":666},{"@type":"BreadcrumbList","@id":"https:\/\/www.theconservative.online\/sv\/partisk-och-ofri-irlands-statsstodda-medielandskap#breadcrumb","itemListElement":[{"@type":"ListItem","position":1,"name":"Home","item":"https:\/\/www.theconservative.online\/sv"},{"@type":"ListItem","position":2,"name":"Partisk och ofri: Irlands statsst\u00f6dda medielandskap"}]},{"@type":"WebSite","@id":"https:\/\/www.theconservative.online\/sv#website","url":"https:\/\/www.theconservative.online\/sv","name":"The Conservative","description":"","potentialAction":[{"@type":"SearchAction","target":{"@type":"EntryPoint","urlTemplate":"https:\/\/www.theconservative.online\/sv?s={search_term_string}"},"query-input":{"@type":"PropertyValueSpecification","valueRequired":true,"valueName":"search_term_string"}}],"inLanguage":"sv-SE"},{"@type":"Person","@id":"https:\/\/www.theconservative.online\/sv#\/schema\/person\/15819aaa61073fbb539912aeb9df3dea","name":"Martin Lynch","image":{"@type":"ImageObject","inLanguage":"sv-SE","@id":"https:\/\/secure.gravatar.com\/avatar\/482c01848305673b38529f97155010aafc47cc0d1341b4b1147d1a6adaaab3db?s=96&d=mm&r=g","url":"https:\/\/secure.gravatar.com\/avatar\/482c01848305673b38529f97155010aafc47cc0d1341b4b1147d1a6adaaab3db?s=96&d=mm&r=g","contentUrl":"https:\/\/secure.gravatar.com\/avatar\/482c01848305673b38529f97155010aafc47cc0d1341b4b1147d1a6adaaab3db?s=96&d=mm&r=g","caption":"Martin Lynch"},"url":"https:\/\/www.theconservative.online\/sv\/author\/stonebay-euspec-2025-26"}]}},"acf":[],"_links":{"self":[{"href":"https:\/\/www.theconservative.online\/sv\/wp-json\/wp\/v2\/posts\/63046","targetHints":{"allow":["GET"]}}],"collection":[{"href":"https:\/\/www.theconservative.online\/sv\/wp-json\/wp\/v2\/posts"}],"about":[{"href":"https:\/\/www.theconservative.online\/sv\/wp-json\/wp\/v2\/types\/post"}],"author":[{"embeddable":true,"href":"https:\/\/www.theconservative.online\/sv\/wp-json\/wp\/v2\/users\/77"}],"replies":[{"embeddable":true,"href":"https:\/\/www.theconservative.online\/sv\/wp-json\/wp\/v2\/comments?post=63046"}],"version-history":[{"count":0,"href":"https:\/\/www.theconservative.online\/sv\/wp-json\/wp\/v2\/posts\/63046\/revisions"}],"wp:featuredmedia":[{"embeddable":true,"href":"https:\/\/www.theconservative.online\/sv\/wp-json\/wp\/v2\/media\/19702"}],"wp:attachment":[{"href":"https:\/\/www.theconservative.online\/sv\/wp-json\/wp\/v2\/media?parent=63046"}],"wp:term":[{"taxonomy":"category","embeddable":true,"href":"https:\/\/www.theconservative.online\/sv\/wp-json\/wp\/v2\/categories?post=63046"},{"taxonomy":"post_tag","embeddable":true,"href":"https:\/\/www.theconservative.online\/sv\/wp-json\/wp\/v2\/tags?post=63046"},{"taxonomy":"editorial-positions","embeddable":true,"href":"https:\/\/www.theconservative.online\/sv\/wp-json\/wp\/v2\/editorial-positions?post=63046"},{"taxonomy":"regions","embeddable":true,"href":"https:\/\/www.theconservative.online\/sv\/wp-json\/wp\/v2\/regions?post=63046"},{"taxonomy":"types","embeddable":true,"href":"https:\/\/www.theconservative.online\/sv\/wp-json\/wp\/v2\/types?post=63046"}],"curies":[{"name":"wp","href":"https:\/\/api.w.org\/{rel}","templated":true}]}}