{"id":63083,"date":"2026-08-30T12:10:48","date_gmt":"2026-08-30T12:10:48","guid":{"rendered":"https:\/\/www.theconservative.online\/varfor-island-avvisade-ett-eu-medlemskap"},"modified":"2026-08-30T12:10:48","modified_gmt":"2026-08-30T12:10:48","slug":"varfor-island-avvisade-ett-eu-medlemskap","status":"publish","type":"post","link":"https:\/\/www.theconservative.online\/sv\/varfor-island-avvisade-ett-eu-medlemskap","title":{"rendered":"Varf\u00f6r Island avvisade ett EU-medlemskap"},"content":{"rendered":"<p style=\"font-weight: 400;\">I folkomr\u00f6stningen den 29 augusti 2026 avvisade Island f\u00f6rhandlingar om EU-medlemskap av fem sk\u00e4l: tre ekonomiska och tv\u00e5 existentiella. F\u00f6r det f\u00f6rsta handlade valet inte om isolering eller Europa. Island hade varit medlem i Europeiska ekonomiska samarbetsomr\u00e5det sedan 1994, tillsammans med Norge, Liechtenstein och, i praktiken, Schweiz. Detta innebar att Island ingick i den inre marknaden, medan fiske, jordbruk, utrikeshandel och monet\u00e4ra fr\u00e5gor inte stod under EU:s kontroll. F\u00f6r det andra ville isl\u00e4nningarna inte \u00f6verl\u00e5ta kontrollen \u00f6ver dessa fyra viktiga sektorer till EU, s\u00e4rskilt inte sitt h\u00e5llbara och l\u00f6nsamma fiske, och inte heller f\u00f6rlora m\u00f6jligheten att ing\u00e5 frihandelsavtal med l\u00e4nder som Kina, Indien, USA och Brasilien. Det tredje ekonomiska sk\u00e4let var att det v\u00e4lm\u00e5ende Island skulle bidra mycket mer till EU \u00e4n vad landet skulle f\u00e5 tillbaka. Isl\u00e4ndarna blev inte s\u00e4rskilt glada n\u00e4r <em>Politico<\/em> citerade en EU-tj\u00e4nsteman som sa att han hoppades att Island och Montenegro skulle ansluta sig samtidigt, eftersom vinsten fr\u00e5n Island skulle t\u00e4cka kostnaden f\u00f6r Montenegro. <\/p>\n<h3 style=\"font-weight: 400;\">EU:s framtidsutsikter<\/h3>\n<p style=\"font-weight: 400;\">En avg\u00f6rande orsak till att medlemskapet avvisades var att EU:s framtidsutsikter inte verkar s\u00e4rskilt ljusa. EU st\u00e5r inf\u00f6r betydande finansiella utmaningar inom en snar framtid: ofinansierade pensionsskulder, medan det isl\u00e4ndska pensionssystemet \u00e4r v\u00e4rldens starkaste; ih\u00e5llande statliga underskott i m\u00e5nga medlemsl\u00e4nder; omfattande planerade utgifter f\u00f6r milit\u00e4r kapacitet, medan Island har ett f\u00f6rsvarsavtal med USA; och de oundvikliga kostnaderna f\u00f6r de nio relativt fattiga ans\u00f6karl\u00e4nderna i syd\u00f6stra Europa. Trots dessa utmaningar <a href=\"https:\/\/www.theconservative.online\/verhofstadts-epistle-to-the-icelanders\">f\u00f6rs\u00f6ker<\/a> eliten i Bryssel att omvandla EU till en federal stat, mot de flesta europeiska v\u00e4ljarnas vilja.<\/p><div class='related_content'><span>RELATED<\/span><ul><li><a href='https:\/\/www.theconservative.online\/sv\/islands-nej-och-nationernas-europa'>Islands \u201dnej\u201d och Nationernas Europa<\/li><\/a><li><a href='https:\/\/www.theconservative.online\/sv\/nagra-reflektioner-efter-utvidgningskommissionarens-tal-i-zagreb'>N\u00e5gra reflektioner efter utvidgningskommission\u00e4rens tal i Zagreb<\/li><\/a><li><a href='https:\/\/www.theconservative.online\/sv\/europas-industriella-omstallning-satter-kina-energi-och-investeringar-i-fokus'>Europas industriella omst\u00e4llning s\u00e4tter Kina, energi och investeringar i fokus<\/li><\/a><\/ul><\/div>\n<h3 style=\"font-weight: 400;\">Stark nationell identitet<\/h3>\n<p style=\"font-weight: 400;\">En annan existentiell orsak kan f\u00f6rklara varf\u00f6r den isl\u00e4ndska h\u00f6gern och v\u00e4nstern enades mot ett EU-medlemskap, medan st\u00f6det f\u00f6r EU i stort sett begr\u00e4nsades till intellektuella i st\u00e4derna och offentliganst\u00e4llda. Det handlar om den starka <a href=\"https:\/\/www.theconservative.online\/the-eu-and-icelandic-exceptionalism\">isl\u00e4ndska nationella identiteten<\/a> som smiddes under 1800-talets kamp f\u00f6r sj\u00e4lvst\u00e4ndighet, vilken kulminerade i att Danmark beviljade Island suver\u00e4nitet 1918. Denna identitet st\u00e4rktes ytterligare av de fyra torskkrigen som Island utk\u00e4mpade fram till 1976 f\u00f6r att f\u00e5 kontroll \u00f6ver de b\u00f6rdiga fiskevattnen runt \u00f6n. Denna nationella identitet vilade p\u00e5 minnet av det sj\u00e4lvst\u00e4ndiga isl\u00e4ndska samv\u00e4ldet 930\u20131262, som styrdes av lagar snarare \u00e4n av en kung, liksom p\u00e5 minnet av den m\u00f6rka tids\u00e5lder som f\u00f6ljde, d\u00e5 Island f\u00f6rst tvingades underkasta sig den norske och sedan den danske kungen. Det \u00e4r f\u00f6ga f\u00f6rv\u00e5nande att vissa av mina kollegor vid Islands universitet, s\u00e5som professorerna Baldur Th\u00f3rhallsson och <a href=\"https:\/\/www.dv.is\/eyjan\/2026\/08\/13\/gudmundur-jardar-lifseiga-soguskodun-thetta-stenst-ekki-sogulega-skodun\">Gudmundur H\u00e1lfdanarson<\/a>, som gener\u00f6st har finansierats av EU, har gjort sitt b\u00e4sta f\u00f6r att f\u00f6rringa och till och med h\u00e5na detta minne.  <\/p>\n<h3 style=\"font-weight: 400;\">En fyndig slogan<\/h3>\n<p style=\"font-weight: 400;\">Dessa fem sk\u00e4l att inte ansluta sig till EU presenterades i en v\u00e4lorganiserad och n\u00e4stan felfri kampanj fr\u00e5n nej-sidan. Ja-sidan f\u00f6rlitade sig d\u00e4remot fr\u00e4mst p\u00e5 en fyndig slogan, <em>\u201dJ\u00e1 til ad sj\u00e1\u201d<\/em>, som \u00e4r sv\u00e5r att \u00f6vers\u00e4tta till engelska. P\u00e5 ett beundransv\u00e4rt koncist s\u00e4tt betyder den egentligen: R\u00f6sta ja f\u00f6r att ta reda p\u00e5 vad EU kan erbjuda Island i f\u00f6rhandlingarna. Vem skulle kunna vara emot detta? Bara de som hade l\u00e4st EU:s detaljerade anvisningar f\u00f6r ans\u00f6karl\u00e4nder, f\u00f6rst\u00e5s.<\/p>\n<h3 style=\"font-weight: 400;\">Grova personangrepp<\/h3>\n<p style=\"font-weight: 400;\">Ja-sidan f\u00f6rlitade sig ocks\u00e5 p\u00e5 tre strategier. Den f\u00f6rsta var att lova en betydligt h\u00f6gre levnadsstandard om Island gick med i EU \u00e4n den man redan \u00e5tnj\u00f6t. Detta var inte s\u00e4rskilt \u00f6vertygande i ett land som \u00e4r betydligt mer v\u00e4lm\u00e5ende \u00e4n de flesta EU-l\u00e4nder. Den andra strategin var att g\u00f6ra USA:s president Donald Trump till en valfr\u00e5ga. Inte heller detta fungerade. V\u00e5rdsl\u00f6sa uttalanden fr\u00e5n en president som bara har tv\u00e5 och ett halvt \u00e5r kvar i \u00e4mbetet f\u00f6r\u00e4ndrar inte en nations l\u00e5ngsiktiga utrikespolitik. Det tredje knepet var h\u00e5rda personangrepp mot de tv\u00e5 mest inflytelserika talespersonerna f\u00f6r nej-sidan: dr Carl Baudenbacher, en internationellt erk\u00e4nd expert p\u00e5 europeisk r\u00e4tt, som i egenskap av ordf\u00f6rande f\u00f6r EFTA-domstolen 2013 hade d\u00f6mt till Islands f\u00f6rdel i ett <a href=\"https:\/\/www.theconservative.online\/two-foreigners-who-saved-iceland\">viktigt m\u00e5l<\/a> om skulder till f\u00f6ljd av den isl\u00e4ndska bankkollapsen 2008, samt \u00d3lafur Ragnar Gr\u00edmsson, som hade varit Islands president i tjugo \u00e5r, 1996\u20132016. Dr Baudenbacher gav ut en <a href=\"https:\/\/www.theconservative.online\/sv?p=61998\">bok<\/a> om Island och EU och h\u00f6ll ett f\u00f6redrag inf\u00f6r en fullsatt publik. \u00d3lafur Ragnar h\u00f6ll en rad \u00f6vertygande tal och gav flera tv-intervjuer. Ja-sidans attacker mot dem slog tillbaka. <\/p>\n<p style=\"font-weight: 400;\">(P\u00e5 bilden syns dr Baudenbacher n\u00e4r han h\u00e5ller sitt f\u00f6redrag den 10 augusti 2026, med \u00d3lafur Ragnar Gr\u00edmsson som m\u00f6tesordf\u00f6rande.)<\/p>\n<\/p>","protected":false},"excerpt":{"rendered":"<p>I folkomr\u00f6stningen den 29 augusti 2026 avvisade Island f\u00f6rhandlingar om EU-medlemskap av fem sk\u00e4l: tre ekonomiska och tv\u00e5 existentiella. F\u00f6r det f\u00f6rsta handlade valet inte om isolering eller Europa. Island hade varit medlem i Europeiska ekonomiska samarbetsomr\u00e5det sedan 1994, tillsammans med Norge, Liechtenstein och, i praktiken, Schweiz. Detta innebar att Island ingick i den inre [&hellip;]<\/p>\n","protected":false},"author":82,"featured_media":62817,"comment_status":"closed","ping_status":"closed","sticky":false,"template":"","format":"standard","meta":{"footnotes":""},"categories":[168,164,169,2058],"tags":[3388,599,72,1028,3482],"editorial-positions":[],"regions":[341],"types":[453],"class_list":["post-63083","post","type-post","status-publish","format-standard","has-post-thumbnail","hentry","category-kultur","category-politik","category-uppsatser","category-varlden","tag-european-economic-area","tag-european-union","tag-iceland","tag-nationalism","tag-single-market","regions-northern-europe-sv","types-opinion-sv"],"yoast_head":"<!-- This site is optimized with the Yoast SEO plugin v28.0 - https:\/\/yoast.com\/product\/yoast-seo-wordpress\/ -->\n<title>Varf\u00f6r Island avvisade ett EU-medlemskap - The Conservative<\/title>\n<meta name=\"robots\" content=\"index, follow, max-snippet:-1, max-image-preview:large, max-video-preview:-1\" \/>\n<link rel=\"canonical\" href=\"https:\/\/www.theconservative.online\/sv\/varfor-island-avvisade-ett-eu-medlemskap\" \/>\n<meta property=\"og:locale\" content=\"sv_SE\" \/>\n<meta property=\"og:type\" content=\"article\" \/>\n<meta property=\"og:title\" content=\"Varf\u00f6r Island avvisade ett EU-medlemskap - The Conservative\" \/>\n<meta property=\"og:description\" content=\"I folkomr\u00f6stningen den 29 augusti 2026 avvisade Island f\u00f6rhandlingar om EU-medlemskap av fem sk\u00e4l: tre ekonomiska och tv\u00e5 existentiella. F\u00f6r det f\u00f6rsta handlade valet inte om isolering eller Europa. Island hade varit medlem i Europeiska ekonomiska samarbetsomr\u00e5det sedan 1994, tillsammans med Norge, Liechtenstein och, i praktiken, Schweiz. Detta innebar att Island ingick i den inre [&hellip;]\" \/>\n<meta property=\"og:url\" content=\"https:\/\/www.theconservative.online\/sv\/varfor-island-avvisade-ett-eu-medlemskap\" \/>\n<meta property=\"og:site_name\" content=\"The Conservative\" \/>\n<meta property=\"article:author\" content=\"https:\/\/www.facebook.com\/hannes.h.gissurarson\" \/>\n<meta property=\"article:published_time\" content=\"2026-08-30T12:10:48+00:00\" \/>\n<meta property=\"og:image\" content=\"https:\/\/www.theconservative.online\/wp-content\/uploads\/2026\/08\/Baudenbacher.OlafurRagnar.jpg\" \/>\n\t<meta property=\"og:image:width\" content=\"944\" \/>\n\t<meta property=\"og:image:height\" content=\"537\" \/>\n\t<meta property=\"og:image:type\" content=\"image\/jpeg\" \/>\n<meta name=\"author\" content=\"Hannes Gissurarson\" \/>\n<meta name=\"twitter:card\" content=\"summary_large_image\" \/>\n<meta name=\"twitter:creator\" content=\"@HHGConferences\" \/>\n<meta name=\"twitter:label1\" content=\"Skriven av\" \/>\n\t<meta name=\"twitter:data1\" content=\"Hannes Gissurarson\" \/>\n\t<meta name=\"twitter:label2\" content=\"Ber\u00e4knad l\u00e4stid\" \/>\n\t<meta name=\"twitter:data2\" content=\"4 minuter\" \/>\n<script type=\"application\/ld+json\" class=\"yoast-schema-graph\">{\"@context\":\"https:\\\/\\\/schema.org\",\"@graph\":[{\"@type\":\"Article\",\"@id\":\"https:\\\/\\\/www.theconservative.online\\\/sv\\\/varfor-island-avvisade-ett-eu-medlemskap#article\",\"isPartOf\":{\"@id\":\"https:\\\/\\\/www.theconservative.online\\\/sv\\\/varfor-island-avvisade-ett-eu-medlemskap\"},\"author\":{\"name\":\"Hannes Gissurarson\",\"@id\":\"https:\\\/\\\/www.theconservative.online\\\/sv#\\\/schema\\\/person\\\/f846a1e867ea22696d18c11389594bf5\"},\"headline\":\"Varf\u00f6r Island avvisade ett EU-medlemskap\",\"datePublished\":\"2026-08-30T12:10:48+00:00\",\"mainEntityOfPage\":{\"@id\":\"https:\\\/\\\/www.theconservative.online\\\/sv\\\/varfor-island-avvisade-ett-eu-medlemskap\"},\"wordCount\":836,\"image\":{\"@id\":\"https:\\\/\\\/www.theconservative.online\\\/sv\\\/varfor-island-avvisade-ett-eu-medlemskap#primaryimage\"},\"thumbnailUrl\":\"https:\\\/\\\/www.theconservative.online\\\/wp-content\\\/uploads\\\/2026\\\/08\\\/Baudenbacher.OlafurRagnar.jpg\",\"keywords\":[\"European Economic Area\",\"European Union\",\"Iceland\",\"Nationalism\",\"Single Market\"],\"articleSection\":[\"Kultur\",\"Politik\",\"Uppsatser\",\"V\u00e4rlden\"],\"inLanguage\":\"sv-SE\"},{\"@type\":\"WebPage\",\"@id\":\"https:\\\/\\\/www.theconservative.online\\\/sv\\\/varfor-island-avvisade-ett-eu-medlemskap\",\"url\":\"https:\\\/\\\/www.theconservative.online\\\/sv\\\/varfor-island-avvisade-ett-eu-medlemskap\",\"name\":\"Varf\u00f6r Island avvisade ett EU-medlemskap - The Conservative\",\"isPartOf\":{\"@id\":\"https:\\\/\\\/www.theconservative.online\\\/sv#website\"},\"primaryImageOfPage\":{\"@id\":\"https:\\\/\\\/www.theconservative.online\\\/sv\\\/varfor-island-avvisade-ett-eu-medlemskap#primaryimage\"},\"image\":{\"@id\":\"https:\\\/\\\/www.theconservative.online\\\/sv\\\/varfor-island-avvisade-ett-eu-medlemskap#primaryimage\"},\"thumbnailUrl\":\"https:\\\/\\\/www.theconservative.online\\\/wp-content\\\/uploads\\\/2026\\\/08\\\/Baudenbacher.OlafurRagnar.jpg\",\"datePublished\":\"2026-08-30T12:10:48+00:00\",\"author\":{\"@id\":\"https:\\\/\\\/www.theconservative.online\\\/sv#\\\/schema\\\/person\\\/f846a1e867ea22696d18c11389594bf5\"},\"breadcrumb\":{\"@id\":\"https:\\\/\\\/www.theconservative.online\\\/sv\\\/varfor-island-avvisade-ett-eu-medlemskap#breadcrumb\"},\"inLanguage\":\"sv-SE\",\"potentialAction\":[{\"@type\":\"ReadAction\",\"target\":[\"https:\\\/\\\/www.theconservative.online\\\/sv\\\/varfor-island-avvisade-ett-eu-medlemskap\"]}]},{\"@type\":\"ImageObject\",\"inLanguage\":\"sv-SE\",\"@id\":\"https:\\\/\\\/www.theconservative.online\\\/sv\\\/varfor-island-avvisade-ett-eu-medlemskap#primaryimage\",\"url\":\"https:\\\/\\\/www.theconservative.online\\\/wp-content\\\/uploads\\\/2026\\\/08\\\/Baudenbacher.OlafurRagnar.jpg\",\"contentUrl\":\"https:\\\/\\\/www.theconservative.online\\\/wp-content\\\/uploads\\\/2026\\\/08\\\/Baudenbacher.OlafurRagnar.jpg\",\"width\":944,\"height\":537},{\"@type\":\"BreadcrumbList\",\"@id\":\"https:\\\/\\\/www.theconservative.online\\\/sv\\\/varfor-island-avvisade-ett-eu-medlemskap#breadcrumb\",\"itemListElement\":[{\"@type\":\"ListItem\",\"position\":1,\"name\":\"Home\",\"item\":\"https:\\\/\\\/www.theconservative.online\\\/sv\"},{\"@type\":\"ListItem\",\"position\":2,\"name\":\"Varf\u00f6r Island avvisade ett EU-medlemskap\"}]},{\"@type\":\"WebSite\",\"@id\":\"https:\\\/\\\/www.theconservative.online\\\/sv#website\",\"url\":\"https:\\\/\\\/www.theconservative.online\\\/sv\",\"name\":\"The Conservative\",\"description\":\"\",\"potentialAction\":[{\"@type\":\"SearchAction\",\"target\":{\"@type\":\"EntryPoint\",\"urlTemplate\":\"https:\\\/\\\/www.theconservative.online\\\/sv?s={search_term_string}\"},\"query-input\":{\"@type\":\"PropertyValueSpecification\",\"valueRequired\":true,\"valueName\":\"search_term_string\"}}],\"inLanguage\":\"sv-SE\"},{\"@type\":\"Person\",\"@id\":\"https:\\\/\\\/www.theconservative.online\\\/sv#\\\/schema\\\/person\\\/f846a1e867ea22696d18c11389594bf5\",\"name\":\"Hannes Gissurarson\",\"image\":{\"@type\":\"ImageObject\",\"inLanguage\":\"sv-SE\",\"@id\":\"https:\\\/\\\/secure.gravatar.com\\\/avatar\\\/5b34f276b6474dfca32871d1defaa3703e4969d4d69ff8b5a2542fc232dc85a6?s=96&d=mm&r=g\",\"url\":\"https:\\\/\\\/secure.gravatar.com\\\/avatar\\\/5b34f276b6474dfca32871d1defaa3703e4969d4d69ff8b5a2542fc232dc85a6?s=96&d=mm&r=g\",\"contentUrl\":\"https:\\\/\\\/secure.gravatar.com\\\/avatar\\\/5b34f276b6474dfca32871d1defaa3703e4969d4d69ff8b5a2542fc232dc85a6?s=96&d=mm&r=g\",\"caption\":\"Hannes Gissurarson\"},\"description\":\"Born in 1953. D. Phil. Politics Oxford 1985. Professor of Politics 1988\u20132023. Professor Emeritus since 2023. Member of the Board of Directors Mont Pelerin Society 1998\u20132004. Member of the Board of Overseers Central Bank of Iceland 2001\u20132009. Visiting Scholar, Hoover Institution and many universities.\",\"sameAs\":[\"https:\\\/\\\/www.facebook.com\\\/hannes.h.gissurarson\",\"https:\\\/\\\/www.instagram.com\\\/hannes1953\\\/\",\"https:\\\/\\\/www.linkedin.com\\\/in\\\/hannes-gissurarson-90485239\\\/\",\"https:\\\/\\\/x.com\\\/HHGConferences\",\"https:\\\/\\\/en.wikipedia.org\\\/wiki\\\/Hannes_H\u00f3lmsteinn_Gissurarson\"],\"url\":\"https:\\\/\\\/www.theconservative.online\\\/sv\\\/author\\\/hannes-eunat-2025-26\"}]}<\/script>\n<!-- \/ Yoast SEO plugin. -->","yoast_head_json":{"title":"Varf\u00f6r Island avvisade ett EU-medlemskap - The Conservative","robots":{"index":"index","follow":"follow","max-snippet":"max-snippet:-1","max-image-preview":"max-image-preview:large","max-video-preview":"max-video-preview:-1"},"canonical":"https:\/\/www.theconservative.online\/sv\/varfor-island-avvisade-ett-eu-medlemskap","og_locale":"sv_SE","og_type":"article","og_title":"Varf\u00f6r Island avvisade ett EU-medlemskap - The Conservative","og_description":"I folkomr\u00f6stningen den 29 augusti 2026 avvisade Island f\u00f6rhandlingar om EU-medlemskap av fem sk\u00e4l: tre ekonomiska och tv\u00e5 existentiella. F\u00f6r det f\u00f6rsta handlade valet inte om isolering eller Europa. Island hade varit medlem i Europeiska ekonomiska samarbetsomr\u00e5det sedan 1994, tillsammans med Norge, Liechtenstein och, i praktiken, Schweiz. Detta innebar att Island ingick i den inre [&hellip;]","og_url":"https:\/\/www.theconservative.online\/sv\/varfor-island-avvisade-ett-eu-medlemskap","og_site_name":"The Conservative","article_author":"https:\/\/www.facebook.com\/hannes.h.gissurarson","article_published_time":"2026-08-30T12:10:48+00:00","og_image":[{"width":944,"height":537,"url":"https:\/\/www.theconservative.online\/wp-content\/uploads\/2026\/08\/Baudenbacher.OlafurRagnar.jpg","type":"image\/jpeg"}],"author":"Hannes Gissurarson","twitter_card":"summary_large_image","twitter_creator":"@HHGConferences","twitter_misc":{"Skriven av":"Hannes Gissurarson","Ber\u00e4knad l\u00e4stid":"4 minuter"},"schema":{"@context":"https:\/\/schema.org","@graph":[{"@type":"Article","@id":"https:\/\/www.theconservative.online\/sv\/varfor-island-avvisade-ett-eu-medlemskap#article","isPartOf":{"@id":"https:\/\/www.theconservative.online\/sv\/varfor-island-avvisade-ett-eu-medlemskap"},"author":{"name":"Hannes Gissurarson","@id":"https:\/\/www.theconservative.online\/sv#\/schema\/person\/f846a1e867ea22696d18c11389594bf5"},"headline":"Varf\u00f6r Island avvisade ett EU-medlemskap","datePublished":"2026-08-30T12:10:48+00:00","mainEntityOfPage":{"@id":"https:\/\/www.theconservative.online\/sv\/varfor-island-avvisade-ett-eu-medlemskap"},"wordCount":836,"image":{"@id":"https:\/\/www.theconservative.online\/sv\/varfor-island-avvisade-ett-eu-medlemskap#primaryimage"},"thumbnailUrl":"https:\/\/www.theconservative.online\/wp-content\/uploads\/2026\/08\/Baudenbacher.OlafurRagnar.jpg","keywords":["European Economic Area","European Union","Iceland","Nationalism","Single Market"],"articleSection":["Kultur","Politik","Uppsatser","V\u00e4rlden"],"inLanguage":"sv-SE"},{"@type":"WebPage","@id":"https:\/\/www.theconservative.online\/sv\/varfor-island-avvisade-ett-eu-medlemskap","url":"https:\/\/www.theconservative.online\/sv\/varfor-island-avvisade-ett-eu-medlemskap","name":"Varf\u00f6r Island avvisade ett EU-medlemskap - The Conservative","isPartOf":{"@id":"https:\/\/www.theconservative.online\/sv#website"},"primaryImageOfPage":{"@id":"https:\/\/www.theconservative.online\/sv\/varfor-island-avvisade-ett-eu-medlemskap#primaryimage"},"image":{"@id":"https:\/\/www.theconservative.online\/sv\/varfor-island-avvisade-ett-eu-medlemskap#primaryimage"},"thumbnailUrl":"https:\/\/www.theconservative.online\/wp-content\/uploads\/2026\/08\/Baudenbacher.OlafurRagnar.jpg","datePublished":"2026-08-30T12:10:48+00:00","author":{"@id":"https:\/\/www.theconservative.online\/sv#\/schema\/person\/f846a1e867ea22696d18c11389594bf5"},"breadcrumb":{"@id":"https:\/\/www.theconservative.online\/sv\/varfor-island-avvisade-ett-eu-medlemskap#breadcrumb"},"inLanguage":"sv-SE","potentialAction":[{"@type":"ReadAction","target":["https:\/\/www.theconservative.online\/sv\/varfor-island-avvisade-ett-eu-medlemskap"]}]},{"@type":"ImageObject","inLanguage":"sv-SE","@id":"https:\/\/www.theconservative.online\/sv\/varfor-island-avvisade-ett-eu-medlemskap#primaryimage","url":"https:\/\/www.theconservative.online\/wp-content\/uploads\/2026\/08\/Baudenbacher.OlafurRagnar.jpg","contentUrl":"https:\/\/www.theconservative.online\/wp-content\/uploads\/2026\/08\/Baudenbacher.OlafurRagnar.jpg","width":944,"height":537},{"@type":"BreadcrumbList","@id":"https:\/\/www.theconservative.online\/sv\/varfor-island-avvisade-ett-eu-medlemskap#breadcrumb","itemListElement":[{"@type":"ListItem","position":1,"name":"Home","item":"https:\/\/www.theconservative.online\/sv"},{"@type":"ListItem","position":2,"name":"Varf\u00f6r Island avvisade ett EU-medlemskap"}]},{"@type":"WebSite","@id":"https:\/\/www.theconservative.online\/sv#website","url":"https:\/\/www.theconservative.online\/sv","name":"The Conservative","description":"","potentialAction":[{"@type":"SearchAction","target":{"@type":"EntryPoint","urlTemplate":"https:\/\/www.theconservative.online\/sv?s={search_term_string}"},"query-input":{"@type":"PropertyValueSpecification","valueRequired":true,"valueName":"search_term_string"}}],"inLanguage":"sv-SE"},{"@type":"Person","@id":"https:\/\/www.theconservative.online\/sv#\/schema\/person\/f846a1e867ea22696d18c11389594bf5","name":"Hannes Gissurarson","image":{"@type":"ImageObject","inLanguage":"sv-SE","@id":"https:\/\/secure.gravatar.com\/avatar\/5b34f276b6474dfca32871d1defaa3703e4969d4d69ff8b5a2542fc232dc85a6?s=96&d=mm&r=g","url":"https:\/\/secure.gravatar.com\/avatar\/5b34f276b6474dfca32871d1defaa3703e4969d4d69ff8b5a2542fc232dc85a6?s=96&d=mm&r=g","contentUrl":"https:\/\/secure.gravatar.com\/avatar\/5b34f276b6474dfca32871d1defaa3703e4969d4d69ff8b5a2542fc232dc85a6?s=96&d=mm&r=g","caption":"Hannes Gissurarson"},"description":"Born in 1953. D. Phil. Politics Oxford 1985. Professor of Politics 1988\u20132023. Professor Emeritus since 2023. Member of the Board of Directors Mont Pelerin Society 1998\u20132004. Member of the Board of Overseers Central Bank of Iceland 2001\u20132009. Visiting Scholar, Hoover Institution and many universities.","sameAs":["https:\/\/www.facebook.com\/hannes.h.gissurarson","https:\/\/www.instagram.com\/hannes1953\/","https:\/\/www.linkedin.com\/in\/hannes-gissurarson-90485239\/","https:\/\/x.com\/HHGConferences","https:\/\/en.wikipedia.org\/wiki\/Hannes_H\u00f3lmsteinn_Gissurarson"],"url":"https:\/\/www.theconservative.online\/sv\/author\/hannes-eunat-2025-26"}]}},"acf":[],"_links":{"self":[{"href":"https:\/\/www.theconservative.online\/sv\/wp-json\/wp\/v2\/posts\/63083","targetHints":{"allow":["GET"]}}],"collection":[{"href":"https:\/\/www.theconservative.online\/sv\/wp-json\/wp\/v2\/posts"}],"about":[{"href":"https:\/\/www.theconservative.online\/sv\/wp-json\/wp\/v2\/types\/post"}],"author":[{"embeddable":true,"href":"https:\/\/www.theconservative.online\/sv\/wp-json\/wp\/v2\/users\/82"}],"replies":[{"embeddable":true,"href":"https:\/\/www.theconservative.online\/sv\/wp-json\/wp\/v2\/comments?post=63083"}],"version-history":[{"count":0,"href":"https:\/\/www.theconservative.online\/sv\/wp-json\/wp\/v2\/posts\/63083\/revisions"}],"wp:featuredmedia":[{"embeddable":true,"href":"https:\/\/www.theconservative.online\/sv\/wp-json\/wp\/v2\/media\/62817"}],"wp:attachment":[{"href":"https:\/\/www.theconservative.online\/sv\/wp-json\/wp\/v2\/media?parent=63083"}],"wp:term":[{"taxonomy":"category","embeddable":true,"href":"https:\/\/www.theconservative.online\/sv\/wp-json\/wp\/v2\/categories?post=63083"},{"taxonomy":"post_tag","embeddable":true,"href":"https:\/\/www.theconservative.online\/sv\/wp-json\/wp\/v2\/tags?post=63083"},{"taxonomy":"editorial-positions","embeddable":true,"href":"https:\/\/www.theconservative.online\/sv\/wp-json\/wp\/v2\/editorial-positions?post=63083"},{"taxonomy":"regions","embeddable":true,"href":"https:\/\/www.theconservative.online\/sv\/wp-json\/wp\/v2\/regions?post=63083"},{"taxonomy":"types","embeddable":true,"href":"https:\/\/www.theconservative.online\/sv\/wp-json\/wp\/v2\/types?post=63083"}],"curies":[{"name":"wp","href":"https:\/\/api.w.org\/{rel}","templated":true}]}}